{"id":4898,"date":"2012-03-21T21:44:15","date_gmt":"2012-03-22T00:44:15","guid":{"rendered":"http:\/\/mundobibliotecario.wordpress.com\/?p=2512"},"modified":"2012-03-21T21:44:15","modified_gmt":"2012-03-22T00:44:15","slug":"os-10-bibliotecario-mais-cool-de-todos-os-tempos-2","status":"publish","type":"post","link":"https:\/\/mundobibliotecario.com.br\/index.php\/2012\/03\/21\/os-10-bibliotecario-mais-cool-de-todos-os-tempos-2\/","title":{"rendered":"Os 10 bibliotec\u00e1rio mais &quot;cool&quot; de todos os tempos"},"content":{"rendered":"<p>Muito interessante.<\/p>\n<div><strong>1. Iara Rezende \u2013 Gerente de informa\u00e7\u00e3o da Natura<\/strong><\/div>\n<div><img loading=\"lazy\" decoding=\"async\" src=\"http:\/\/img.photobucket.com\/albums\/v474\/vinnieyou\/fotos-da-monique-bbb-12-011.jpg\" alt=\"\" width=\"200\" height=\"200\" \/><\/div>\n<div>Na Natura, como gerente de informa\u00e7\u00e3o, tenho de estar alinhada aos planos estrat\u00e9gicos da empresa nas mais variadas \u00e1reas como mercado, log\u00edstica, engenharia, entre outras. \u00c9 preciso estar integrada aos processos da empresa, para antecipar informa\u00e7\u00f5es, antecipar tend\u00eancias. A informa\u00e7\u00e3o \u00e9 v\u00e1lida quando \u00e9 subs\u00eddio para gerar conhecimento\u201d<\/div>\n<div><strong>2. Maria Laura da Cunha Lion \u2013 Assessora Parlamentar na C\u00e2mara dos deputados<\/strong><\/div>\n<div><img loading=\"lazy\" decoding=\"async\" src=\"http:\/\/img.photobucket.com\/albums\/v474\/vinnieyou\/camara_dos_deputados_federais.jpg\" alt=\"\" width=\"200\" height=\"200\" \/><\/div>\n<div>Cada assessor de per si, por for\u00e7a de sua miss\u00e3o, \u00e9\u00a0tamb\u00e9m um documentalista. Ele \u00e9 obrigado a colher informa\u00e7\u00f5es\u00a0\u2014 onde elas existam \u2014 realizar pesquisas, entrevistar t\u00e9cnicos, fazer\u00a0levantamentos bibliogr\u00e1ficos e an\u00e1lises da mat\u00e9ria em apre\u00e7o, de\u00a0maneira a dotar o parlamentar dos elementos indispens\u00e1veis \u00e0 s\u00e1bia\u00a0elabora\u00e7\u00e3o da lei, para que esta n\u00e3o continue simplesmente \u201cengrossando o labirinto da legisla\u00e7\u00e3o\u201d.<\/div>\n<div><strong>3. Carlos Alberto Ferreira Caf\u00e9 \u2013 Consultor de Solu\u00e7\u00f5es Web<\/strong><\/div>\n<div><img loading=\"lazy\" decoding=\"async\" src=\"http:\/\/img.photobucket.com\/albums\/v474\/vinnieyou\/WEB-simbolo1.jpg\" alt=\"\" width=\"200\" height=\"200\" \/><\/div>\n<div>\u201cSou um estranho bibliotec\u00e1rio amante da tecnologia e que gosta de n\u00fameros. Me apaixonei pela Arquitetura da Informa\u00e7\u00e3o quando vi como funcionava a web e a intera\u00e7\u00e3o dela com a Biblioteconomia, neste momento vi que as minhas duas grandes paix\u00f5es, fora minha esposa e meus gatos, poderiam se unir, pois usar os conceitos da biblioteconomia na \u00e1rea de tecnologia era o m\u00e1ximo.\u201d<\/div>\n<div><strong>4. Cristiane de Castro Pires \u2013 Biblioterapeuta<\/strong><\/div>\n<div><img loading=\"lazy\" decoding=\"async\" src=\"http:\/\/img.photobucket.com\/albums\/v474\/vinnieyou\/Pai-de-oculos-com-filho-pequeno-no-colo-lendo-um-livro1.jpg\" alt=\"\" width=\"200\" height=\"200\" \/><\/div>\n<div>Cristiane \u00a0elegeu a biblioterapia como tema principal de seu trabalho para se formar em biblioteconomia, no ano passado. Entretanto, o foco n\u00e3o eram crian\u00e7as, mas pacientes com c\u00e2ncer. O primeiro passo foi, literalmente, fazer as devidas apresenta\u00e7\u00f5es entre os pacientes e as obras. \u201cProcurei livros que tinham imagens bonitas, porque muitos n\u00e3o sabiam ler ou n\u00e3o tinham o h\u00e1bito ainda\u201d, conta.\u00a0Quando a pesquisa acabou, veio a vontade de colocar a m\u00e3o na massa.<\/div>\n<div><strong>5. Maria de Lourdes Pereira \u2013 Chefe do Arquivo de imagens da Tv Globo\/MG<\/strong><\/div>\n<div><img loading=\"lazy\" decoding=\"async\" src=\"http:\/\/img.photobucket.com\/albums\/v474\/vinnieyou\/globo.jpg\" alt=\"\" width=\"200\" height=\"200\" \/><\/div>\n<div>Trabalha em conjunto com a bibliotec\u00e1ria da Tv Globo\/RJ para preparar as descri\u00e7\u00f5es das imagens e falas (sinopses) e index\u00e1-las para atender aos jornalistas que necessitam de imagens para suas mat\u00e9rias. As milhares de imagens da Tv Globo de Minas Gerais devem ser rapidamente encontradas para entrarem na programa\u00e7\u00e3o dos principais jornais locais e os jornais de \u00e2mbito nacional como Jornal Nacional e Jornal Hoje.<\/div>\n<div><strong>6. Cardeal Raffaele Farina \u2013 Bibliotec\u00e1rio da Biblioteca Apost\u00f3lica do Vaticano<\/strong><\/div>\n<div><img decoding=\"async\" src=\"http:\/\/img.photobucket.com\/albums\/v474\/vinnieyou\/BrasoVaticanoeditado.jpg\" alt=\"\" width=\"200\" height=\" 200\" \/><br \/>\n[Trabalhar nesta biblioteca]\u00a0\u00a0Significa conservar um patrim\u00f4nio de arte e de liturgia do culto, junto aos manuscritos mais antigos da B\u00edblia, \u00e0 tradi\u00e7\u00e3o do texto b\u00edblico e do que \u00e9 parte da tradi\u00e7\u00e3o da Igreja de Roma, ao lado de outros tantos tesouros da antiguidade cl\u00e1ssica e muito mais.\u00a0Esta biblioteca nasceu \u2013 vale a pena recordar \u2013 como human\u00edstica e pronta para acolher textos de diversos \u00e2mbitos disciplinares e em todos os idiomas, express\u00f5es das diversas civiliza\u00e7\u00f5es e religi\u00f5es: do latim ao grego, do hebraico ao \u00e1rabe, do persa ao turco, do aramaico ao et\u00edope, dos idiomas eslavos ao chin\u00eas e japon\u00eas.<\/div>\n<div><strong>7.\u00a0Linda Harris Mehr \u2013 Biblioteca Chefe da\u00a0The library at the Academy of Motion Picture Arts and Sciences in Beverly Hills (Respons\u00e1vel pelo Oscar)<\/strong><\/div>\n<div><img loading=\"lazy\" decoding=\"async\" src=\"http:\/\/img.photobucket.com\/albums\/v474\/vinnieyou\/Academy-Awards-Oscar-20102.jpg\" alt=\"\" width=\"200\" height=\"200\" \/><br \/>\nFundada em 1928, um ano ap\u00f3s a Academia, \u00a0esta biblioteca possui uma\u00a0cole\u00e7\u00e3o de mais de 60 mil scripts, mais de 25 mil posteres de filmes e 10 milh\u00f5es de fotografias. Atualmente \u00e9 considerada uma das mais renomadas do mundo no que diz respeito a cinema. Como bibliotec\u00e1ria chefe, Linda tem a miss\u00e3o de providenciar ao longo do ano e principalmente durante os meses anteriores \u00e0 cerim\u00f4nia do Oscar a difus\u00e3o desse conte\u00fado para os membros da academia e os pesquisadores que visitam a biblioteca.<\/div>\n<div><strong>8.\u00a0James H. Billington \u2013 Bibliotec\u00e1rio chefe da Biblioteca do Congresso americano<\/strong><\/div>\n<div><img loading=\"lazy\" decoding=\"async\" src=\"http:\/\/img.photobucket.com\/albums\/v474\/vinnieyou\/loc_logo_detail.gif\" alt=\"\" width=\"200\" height=\"200\" \/><br \/>\nA biblioteca do Congresso (Library of Congress) ocupa o posto ilustre de maior biblioteca do planeta. Com seus 144 milh\u00f5es de itens, tamb\u00e9m tem import\u00e2ncia para qualquer bibliotec\u00e1rio pela sua contribui\u00e7\u00e3o para as t\u00e9cnicas de cataloga\u00e7\u00e3o e classifica\u00e7\u00e3o. O atual Bibliotec\u00e1rio do Congresso se chama\u00a0James H. Billington e j\u00e1 possui 82 anos de idade. Quem n\u00e3o gostaria de ser o pr\u00f3ximo da lista de apenas 13 bibliotec\u00e1rios desta biblioteca com mais de duzentos anos?<\/div>\n<div><strong>9. Ben Bunnell \u2013 Bibliotec\u00e1rio da Google (faz a ponte entre o Google e as bibliotecas)<\/strong><\/div>\n<div><img loading=\"lazy\" decoding=\"async\" src=\"http:\/\/img.photobucket.com\/albums\/v474\/vinnieyou\/google-401x300.gif\" alt=\"\" width=\"200\" height=\"200\" \/><br \/>\nDepois de ter me gradua\u00e7\u00e3o em biblioteconomia, ter trabalhado na biblioteca universit\u00e1ria de Michigan e sabendo muito sobre bibliotec\u00e1rios, fica muito f\u00e1cil para mim desenvolver um relacionamento com as bibliotecas com quem trabalho. Eu sinto como se falasse a l\u00edngua dos bibliotec\u00e1rios. \u00c9 como se eu entendesse de modo geral suas preocupa\u00e7\u00f5es e sua import\u00e2ncia.<\/div>\n<div><strong>10.\u00a0Eric Bryan \u2013 Bibliotec\u00e1rio da Boeing<\/strong><\/div>\n<div><img loading=\"lazy\" decoding=\"async\" src=\"http:\/\/img.photobucket.com\/albums\/v474\/vinnieyou\/1250138306495862053.jpg\" alt=\"\" width=\"200\" height=\"150\" \/><br \/>\nOs bibliotec\u00e1rios da Boeing est\u00e3o definitivamente envolvidos em palestras, especialmente por meio de SLA (Service Level Agreement). Eu tenho participado de v\u00e1rios encontros de SLA e outras confer\u00eancias e a Boeing teve sempre uma presen\u00e7a forte nesses eventos. Como eu mencionei, meu colega Josh ministrou um workshop sobre Web 2.0 h\u00e1 alguns meses atr\u00e1s na UCLA. Tecnologias 2.0 e seus conceitos s\u00e3o as coisas da vez por aqui.<\/div>\n<div><\/div>\n<div>Dispon\u00edvel em: &lt;<a href=\"http:\/\/networkedblogs.com\/voFEZ\">http:\/\/networkedblogs.com\/voFEZ<\/a>&gt;. Acesso em&gt; 21 mar. 2011.<\/div>\n","protected":false},"excerpt":{"rendered":"<p>Muito interessante. 1. Iara Rezende \u2013 Gerente de informa\u00e7\u00e3o da Natura Na Natura, como gerente de informa\u00e7\u00e3o, tenho de estar alinhada aos planos estrat\u00e9gicos da empresa nas mais variadas \u00e1reas como mercado, log\u00edstica, engenharia, entre outras. \u00c9 preciso estar integrada aos processos da empresa, para antecipar informa\u00e7\u00f5es, antecipar tend\u00eancias. A informa\u00e7\u00e3o \u00e9 v\u00e1lida quando \u00e9 &#8230; <a title=\"Os 10 bibliotec\u00e1rio mais &quot;cool&quot; de todos os tempos\" class=\"read-more\" href=\"https:\/\/mundobibliotecario.com.br\/index.php\/2012\/03\/21\/os-10-bibliotecario-mais-cool-de-todos-os-tempos-2\/\" aria-label=\"Read more about Os 10 bibliotec\u00e1rio mais &quot;cool&quot; de todos os tempos\">Ler mais<\/a><\/p>\n","protected":false},"author":1,"featured_media":0,"comment_status":"open","ping_status":"open","sticky":false,"template":"","format":"standard","meta":{"_mi_skip_tracking":false,"_exactmetrics_sitenote_active":false,"_exactmetrics_sitenote_note":"","_exactmetrics_sitenote_category":0,"_jetpack_newsletter_access":"","footnotes":""},"categories":[60],"tags":[36],"class_list":["post-4898","post","type-post","status-publish","format-standard","hentry","category-noticias","tag-bibliotecario"],"jetpack_featured_media_url":"","jetpack_sharing_enabled":true,"jetpack-related-posts":[{"id":2512,"url":"https:\/\/mundobibliotecario.com.br\/index.php\/2012\/03\/21\/os-10-bibliotecario-mais-cool-de-todos-os-tempos\/","url_meta":{"origin":4898,"position":0},"title":"Os 10 bibliotec\u00e1rio mais &#8220;cool&#8221; de todos os tempos","author":"mundobibliotecario","date":"21\/03\/2012","format":false,"excerpt":"Muito interessante. 1. Iara Rezende \u2013 Gerente de informa\u00e7\u00e3o da Natura Na Natura, como gerente de informa\u00e7\u00e3o, tenho de estar alinhada aos planos estrat\u00e9gicos da empresa nas mais variadas \u00e1reas como mercado, log\u00edstica, engenharia, entre outras. \u00c9 preciso estar integrada aos processos da empresa, para antecipar informa\u00e7\u00f5es, antecipar tend\u00eancias. A\u2026","rel":"","context":"Em &quot;Not\u00edcias&quot;","block_context":{"text":"Not\u00edcias","link":"https:\/\/mundobibliotecario.com.br\/index.php\/category\/noticias\/"},"img":{"alt_text":"","src":"https:\/\/i0.wp.com\/img.photobucket.com\/albums\/v474\/vinnieyou\/fotos-da-monique-bbb-12-011.jpg?resize=350%2C200","width":350,"height":200},"classes":[]},{"id":4899,"url":"https:\/\/mundobibliotecario.com.br\/index.php\/2012\/03\/21\/os-10-bibliotecario-mais-cool-de-todos-os-tempos-2-2\/","url_meta":{"origin":4898,"position":1},"title":"Os 10 bibliotec\u00e1rio mais &#034;cool&#034; de todos os tempos","author":"mundobibliotecario","date":"21\/03\/2012","format":false,"excerpt":"Muito interessante. 1. Iara Rezende \u2013 Gerente de informa\u00e7\u00e3o da Natura Na Natura, como gerente de informa\u00e7\u00e3o, tenho de estar alinhada aos planos estrat\u00e9gicos da empresa nas mais variadas \u00e1reas como mercado, log\u00edstica, engenharia, entre outras. \u00c9 preciso estar integrada aos processos da empresa, para antecipar informa\u00e7\u00f5es, antecipar tend\u00eancias. A\u2026","rel":"","context":"Em &quot;Not\u00edcias&quot;","block_context":{"text":"Not\u00edcias","link":"https:\/\/mundobibliotecario.com.br\/index.php\/category\/noticias\/"},"img":{"alt_text":"","src":"https:\/\/i0.wp.com\/img.photobucket.com\/albums\/v474\/vinnieyou\/fotos-da-monique-bbb-12-011.jpg?resize=350%2C200","width":350,"height":200},"classes":[]},{"id":3788,"url":"https:\/\/mundobibliotecario.com.br\/index.php\/2015\/07\/24\/cengage-learning-leva-biblioteca-oliveira-lima-ao-cbbd-um-dos-principais-eventos-de-bibliotecarios-do-brasil\/","url_meta":{"origin":4898,"position":2},"title":"Cengage Learning leva biblioteca Oliveira Lima ao CBBD, um dos principais eventos de bibliotec\u00e1rios do Brasil","author":"mundobibliotecario","date":"24\/07\/2015","format":false,"excerpt":"Contribui\u00e7\u00e3o de Marina Maciel, assessoria de imprensa da Cengage *** Os visitantes podem conhecer outras quatro plataformas digitais da empresa \u00a0 Brasil, S\u00e3o Paulo - 24 de julho de 2015 \u2013 A biblioteca Oliveira Lima ou Oliveira Lima Library (OLL), uma das mais raras e exclusivas cole\u00e7\u00f5es de materiais luso-brasileiros,\u2026","rel":"","context":"Em &quot;Eventos&quot;","block_context":{"text":"Eventos","link":"https:\/\/mundobibliotecario.com.br\/index.php\/category\/eventos\/"},"img":{"alt_text":"","src":"","width":0,"height":0},"classes":[]},{"id":1235,"url":"https:\/\/mundobibliotecario.com.br\/index.php\/2010\/04\/23\/vagas-para-bibliotecario-uffs\/","url_meta":{"origin":4898,"position":3},"title":"Vagas para Bibliotec\u00e1rio &#8211; UFFS","author":"mundobibliotecario","date":"23\/04\/2010","format":false,"excerpt":"UNIVERSIDADE FEDERAL DA FRONTEIRA SUL EDITAL N\u00ba 09\/2010 CONCURSO P\u00daBLICO PARA PROVIMENTO DE VAGAS CARGOS DA CARREIRA T\u00c9CNICO-ADMINISTRATIVA EM EDUCA\u00c7\u00c3O CARGO 2: BIBLIOTEC\u00c1RIO-DOCUMENTALISTA VENCIMENTO B\u00c1SICO: R$ 2.307,85 Vagas: 1 para Realeza PR; 1 para Laranjeiras do Sul PR CARGO 2: BIBLIOTEC\u00c1RIO-DOCUMENTALISTA REQUISITO DE QUALIFICA\u00c7\u00c3O PARA INGRESSO NO CARGO: \u2022 ESCOLARIDADE:\u2026","rel":"","context":"Em &quot;Concurso&quot;","block_context":{"text":"Concurso","link":"https:\/\/mundobibliotecario.com.br\/index.php\/category\/concurso\/"},"img":{"alt_text":"","src":"","width":0,"height":0},"classes":[]},{"id":3385,"url":"https:\/\/mundobibliotecario.com.br\/index.php\/2014\/01\/13\/webinar-ifla-conexao-global-entre-novos-bibliotecarios-melhores-praticas-modelos-e-recomendacoes\/","url_meta":{"origin":4898,"position":4},"title":"Webinar IFLA &#8220;Conex\u00e3o global entre novos bibliotec\u00e1rios: melhores pr\u00e1ticas, modelos e recomenda\u00e7\u00f5es&#8221;","author":"mundobibliotecario","date":"13\/01\/2014","format":false,"excerpt":"Caros leitores do Mundo Bibliotec\u00e1rio, amanh\u00e3 ser\u00e1 realizado o primeiro webinar virtual promovido pela IFLA, cujas informa\u00e7\u00f5es est\u00e3o dispon\u00edveis em http:\/\/www.ifla.org\/node\/6141. Ser\u00e1 realizado no Brasil as 5:00 p.m.\u00a0Os webinares s\u00e3o eventos trimestrais (janeiro, abril, julho e outubro) e este ano contar\u00e3o com os seguintes conferencistas: Donna Scheeder, conferencista magistral e\u2026","rel":"","context":"Em &quot;Eventos&quot;","block_context":{"text":"Eventos","link":"https:\/\/mundobibliotecario.com.br\/index.php\/category\/eventos\/"},"img":{"alt_text":"","src":"","width":0,"height":0},"classes":[]},{"id":3598,"url":"https:\/\/mundobibliotecario.com.br\/index.php\/2014\/10\/02\/lancamento-do-periodico-cadernos-de-informacao-juridica\/","url_meta":{"origin":4898,"position":5},"title":"Lan\u00e7amento do peri\u00f3dico &#8220;Cadernos de Informa\u00e7\u00e3o Jur\u00eddica&#8221;","author":"mundobibliotecario","date":"02\/10\/2014","format":false,"excerpt":"Compartilho a mensagem abaixo enviada na lista da CBBU pela bibliotec\u00e1ria Edilenice Passos, editora do Infolegis, a respeito da divulga\u00e7\u00e3o do novo peri\u00f3dico\u00a0\"Cadernos de Informa\u00e7\u00e3o Jur\u00eddica\". \u00c9 uma \u00f3tima not\u00edcia que com certeza ir\u00e1 alavancar os estudos da informa\u00e7\u00e3o jur\u00eddica! *** Caros Colegas, Comunico o lan\u00e7amento do primeiro fasc\u00edculo do\u2026","rel":"","context":"Em &quot;Not\u00edcias&quot;","block_context":{"text":"Not\u00edcias","link":"https:\/\/mundobibliotecario.com.br\/index.php\/category\/noticias\/"},"img":{"alt_text":"","src":"","width":0,"height":0},"classes":[]}],"jetpack_likes_enabled":true,"jetpack_shortlink":"https:\/\/wp.me\/pcbzwa-1h0","_links":{"self":[{"href":"https:\/\/mundobibliotecario.com.br\/index.php\/wp-json\/wp\/v2\/posts\/4898","targetHints":{"allow":["GET"]}}],"collection":[{"href":"https:\/\/mundobibliotecario.com.br\/index.php\/wp-json\/wp\/v2\/posts"}],"about":[{"href":"https:\/\/mundobibliotecario.com.br\/index.php\/wp-json\/wp\/v2\/types\/post"}],"author":[{"embeddable":true,"href":"https:\/\/mundobibliotecario.com.br\/index.php\/wp-json\/wp\/v2\/users\/1"}],"replies":[{"embeddable":true,"href":"https:\/\/mundobibliotecario.com.br\/index.php\/wp-json\/wp\/v2\/comments?post=4898"}],"version-history":[{"count":0,"href":"https:\/\/mundobibliotecario.com.br\/index.php\/wp-json\/wp\/v2\/posts\/4898\/revisions"}],"wp:attachment":[{"href":"https:\/\/mundobibliotecario.com.br\/index.php\/wp-json\/wp\/v2\/media?parent=4898"}],"wp:term":[{"taxonomy":"category","embeddable":true,"href":"https:\/\/mundobibliotecario.com.br\/index.php\/wp-json\/wp\/v2\/categories?post=4898"},{"taxonomy":"post_tag","embeddable":true,"href":"https:\/\/mundobibliotecario.com.br\/index.php\/wp-json\/wp\/v2\/tags?post=4898"}],"curies":[{"name":"wp","href":"https:\/\/api.w.org\/{rel}","templated":true}]}}