{"id":4987,"date":"2018-08-19T16:00:42","date_gmt":"2018-08-19T19:00:42","guid":{"rendered":"http:\/\/mundobibliotecario.com.br\/?p=4987"},"modified":"2018-08-19T16:00:42","modified_gmt":"2018-08-19T19:00:42","slug":"3-livros-sobre-bibliotecas-e-a-biblioteconomia-karin-paredes","status":"publish","type":"post","link":"https:\/\/mundobibliotecario.com.br\/index.php\/2018\/08\/19\/3-livros-sobre-bibliotecas-e-a-biblioteconomia-karin-paredes\/","title":{"rendered":"3 livros sobre bibliotecas e a biblioteconomia | Karin Paredes"},"content":{"rendered":"<p><iframe loading=\"lazy\" title=\"3 livros sobre biblioteconomia e bibliotecas\" width=\"1200\" height=\"675\" src=\"https:\/\/www.youtube.com\/embed\/0e6EuswUFSA?feature=oembed\" frameborder=\"0\" allow=\"accelerometer; autoplay; clipboard-write; encrypted-media; gyroscope; picture-in-picture\" allowfullscreen><\/iframe><\/p>\n<p>Biblioteca &#8211; Luis Milanesi\u00a0<a href=\"https:\/\/amzn.to\/2vXB5Uz\">https:\/\/amzn.to\/2vXB5Uz<\/a><\/p>\n<p>Biblioteca &#8211; Lizandra Estabel e Eliane Moro\u00a0<a href=\"https:\/\/amzn.to\/2PnHaSq\">https:\/\/amzn.to\/2PnHaSq<\/a><\/p>\n<p>Introdu\u00e7\u00e3o \u00e0 Teoria Geral da Biblioteconomia &#8211; Ronaldo Vieira\u00a0<a href=\"https:\/\/amzn.to\/2BqfHN0\">https:\/\/amzn.to\/2BqfHN0<\/a><\/p>\n","protected":false},"excerpt":{"rendered":"<p>Biblioteca &#8211; Luis Milanesi\u00a0https:\/\/amzn.to\/2vXB5Uz Biblioteca &#8211; Lizandra Estabel e Eliane Moro\u00a0https:\/\/amzn.to\/2PnHaSq Introdu\u00e7\u00e3o \u00e0 Teoria Geral da Biblioteconomia &#8211; Ronaldo Vieira\u00a0https:\/\/amzn.to\/2BqfHN0<\/p>\n","protected":false},"author":1,"featured_media":0,"comment_status":"open","ping_status":"open","sticky":false,"template":"","format":"standard","meta":{"_mi_skip_tracking":false,"_exactmetrics_sitenote_active":false,"_exactmetrics_sitenote_note":"","_exactmetrics_sitenote_category":0,"_jetpack_newsletter_access":"","footnotes":""},"categories":[60],"tags":[2,63,9],"class_list":["post-4987","post","type-post","status-publish","format-standard","hentry","category-noticias","tag-biblioteca","tag-biblioteconomia","tag-livro"],"jetpack_featured_media_url":"","jetpack_sharing_enabled":true,"jetpack-related-posts":[{"id":4995,"url":"https:\/\/mundobibliotecario.com.br\/index.php\/2018\/08\/29\/fala-bibliotecaria-10-classicos-de-biblioteconomia-por-gabriela-pedrao\/","url_meta":{"origin":4987,"position":0},"title":"Fala, Bibliotec\u00e1ria: 10 cl\u00e1ssicos de Biblioteconomia! por Gabriela Pedr\u00e3o","author":"mundobibliotecario","date":"29\/08\/2018","format":false,"excerpt":"http:\/\/www.youtube.com\/watch?v=c5zhkg8cgAY - Introdu\u00e7\u00e3o \u00c0 Biblioteconomia + A Biblioteconomia brasileira no contexto mundial (Edson Nery da Fonseca) - Miss\u00e3o do bibliotec\u00e1rio (Ortega y Gasset) - As 5 leis da Biblioteconomia (Ranganathan) - Introdu\u00e7\u00e3o \u00e0 cataloga\u00e7\u00e3o + O que fazem os bibliotec\u00e1rios (Eliane Mey) - Hist\u00f3ria da Biblioteconomia brasileira (C\u00e9sar Augusto Castro)\u2026","rel":"","context":"Em &quot;Not\u00edcias&quot;","block_context":{"text":"Not\u00edcias","link":"https:\/\/mundobibliotecario.com.br\/index.php\/category\/noticias\/"},"img":{"alt_text":"","src":"https:\/\/i0.wp.com\/img.youtube.com\/vi\/c5zhkg8cgAY\/0.jpg?resize=350%2C200","width":350,"height":200},"classes":[]},{"id":4709,"url":"https:\/\/mundobibliotecario.com.br\/index.php\/2018\/03\/08\/mulheres-inspiradoras-na-biblioteconomia\/","url_meta":{"origin":4987,"position":1},"title":"Mulheres inspiradoras na Biblioteconomia","author":"mundobibliotecario","date":"08\/03\/2018","format":false,"excerpt":"Todo fim de ano surgem listas do tipo \u201cmelhores do ano\u201d pela internet. Melhores pessoas, melhores livros, filmes, viagens, projetos, enfim, muitas coisas. Eu adoro! Acho bacana valorizarmos pessoas que fazem mais que o comum pra que a gente viva em uma sociedade bacana. Esse m\u00eas foi divulgado no site\u2026","rel":"","context":"Em &quot;Not\u00edcias&quot;","block_context":{"text":"Not\u00edcias","link":"https:\/\/mundobibliotecario.com.br\/index.php\/category\/noticias\/"},"img":{"alt_text":"","src":"","width":0,"height":0},"classes":[]},{"id":1789,"url":"https:\/\/mundobibliotecario.com.br\/index.php\/2011\/02\/24\/biblioteconomo-e-auxiliar-de-biblioteca-para-contagem-mg\/","url_meta":{"origin":4987,"position":2},"title":"Bibliotec\u00f4nomo e Auxiliar de Biblioteca para Contagem (MG)","author":"mundobibliotecario","date":"24\/02\/2011","format":false,"excerpt":"A Prefeitura de Contagem (MG) abrir\u00e1 concurso p\u00fablico para diversos cargos, dentre eles Bibliotec\u00f4nomo (6 vagas) e Auxiliar de Biblioteca (18 vagas). Confira o edital no PCI Concursos!","rel":"","context":"Em &quot;Concurso&quot;","block_context":{"text":"Concurso","link":"https:\/\/mundobibliotecario.com.br\/index.php\/category\/concurso\/"},"img":{"alt_text":"","src":"","width":0,"height":0},"classes":[]},{"id":9522,"url":"https:\/\/mundobibliotecario.com.br\/index.php\/2021\/10\/18\/biblioteca-municipal-da-escola-janete-maria-martinelli-lia-e-nomeada-biblioteca-municipal-professora-vera-regina-casari-boccato\/","url_meta":{"origin":4987,"position":3},"title":"Biblioteca municipal da escola &#8220;Janete Maria Martinelli Lia&#8221; \u00e9 nomeada Biblioteca Municipal &#8220;Professora Vera Regina Casari Boccato&#8221;","author":"mundobibliotecario","date":"18\/10\/2021","format":false,"excerpt":"Cr\u00e9dito: PET BCI No dia 14 de junho, a Prefeitura Municipal de S\u00e3o Carlos aprovou a lei n\u00ba 20.149 que denomina a Biblioteca Municipal localizada anexa \u00e0 EMEB \u201cJanete Maria Martinelli Lia\u201d de Biblioteca Municipal \u201cProfessora Vera Regina Casari Boccato\u201dA Profa. Vera foi a grande idealizadora da cria\u00e7\u00e3o do Programa\u2026","rel":"","context":"Em &quot;Not\u00edcias&quot;","block_context":{"text":"Not\u00edcias","link":"https:\/\/mundobibliotecario.com.br\/index.php\/category\/noticias\/"},"img":{"alt_text":"","src":"https:\/\/i0.wp.com\/mundobibliotecario.com.br\/wp-content\/uploads\/2021\/10\/vera.jpg?resize=350%2C200&ssl=1","width":350,"height":200},"classes":[]},{"id":9134,"url":"https:\/\/mundobibliotecario.com.br\/index.php\/2021\/07\/14\/resolucao-cfb-no-240-dispoe-sobre-os-parametros-a-serem-adotados-para-a-estruturacao-e-o-funcionamento-das-bibliotecas-digitais\/","url_meta":{"origin":4987,"position":4},"title":"Resolu\u00e7\u00e3o CFB n\u00ba 240 Disp\u00f5e sobre os par\u00e2metros a serem adotados para a estrutura\u00e7\u00e3o e o funcionamento das bibliotecas digitais","author":"mundobibliotecario","date":"14\/07\/2021","format":false,"excerpt":"DI\u00c1RIO OFICIAL DA UNI\u00c3O Publicado em:\u00a008\/07\/2021\u00a0|\u00a0Edi\u00e7\u00e3o:\u00a0127\u00a0|\u00a0Se\u00e7\u00e3o: 1\u00a0|\u00a0P\u00e1gina:\u00a0195 \u00d3rg\u00e3o:\u00a0Entidades de Fiscaliza\u00e7\u00e3o do Exerc\u00edcio das Profiss\u00f5es Liberais\/Conselho Federal de Biblioteconomia RESOLU\u00c7\u00c3O CFB N\u00ba 240, DE 30 DE JUNHO DE 2021 Disp\u00f5e sobre os par\u00e2metros a serem adotados para a estrutura\u00e7\u00e3o e o funcionamento das bibliotecas digitais. O CONSELHO FEDERAL DE BIBLIOTECONOMIA, no\u2026","rel":"","context":"Em &quot;Not\u00edcias&quot;","block_context":{"text":"Not\u00edcias","link":"https:\/\/mundobibliotecario.com.br\/index.php\/category\/noticias\/"},"img":{"alt_text":"","src":"https:\/\/i0.wp.com\/www.aguia.usp.br\/wp-content\/uploads\/2021\/07\/RESOLUCAO-CBF-N-240-de-30-de-junho-de-2021-Bibliotecas-Digitais-300x248.jpg?resize=350%2C200&ssl=1","width":350,"height":200},"classes":[]},{"id":1015,"url":"https:\/\/mundobibliotecario.com.br\/index.php\/2009\/12\/16\/polemica-e-biblioteconomia-espelham-obra-de-edson-nery-da-fonseca\/","url_meta":{"origin":4987,"position":5},"title":"Pol\u00eamica e biblioteconomia espelham obra de Edson Nery da Fonseca","author":"mundobibliotecario","date":"16\/12\/2009","format":false,"excerpt":"29\/06\/2009 -19h47 TERESA CHAVES Colabora\u00e7\u00e3o para a Folha Online Um pernambucano biblioteconomista, que quase foi militar, monge, e que hoje \u00e9 considerado um dos maiores especialistas do Brasil na obra do soci\u00f3logo Gilberto Freyre (1900-1987), o autor de \"Casa Grande & Senzala\", um dos livros mais importantes da historiografia brasileira.\u2026","rel":"","context":"Em &quot;Not\u00edcias&quot;","block_context":{"text":"Not\u00edcias","link":"https:\/\/mundobibliotecario.com.br\/index.php\/category\/noticias\/"},"img":{"alt_text":"","src":"","width":0,"height":0},"classes":[]}],"jetpack_likes_enabled":true,"jetpack_shortlink":"https:\/\/wp.me\/pcbzwa-1ir","_links":{"self":[{"href":"https:\/\/mundobibliotecario.com.br\/index.php\/wp-json\/wp\/v2\/posts\/4987","targetHints":{"allow":["GET"]}}],"collection":[{"href":"https:\/\/mundobibliotecario.com.br\/index.php\/wp-json\/wp\/v2\/posts"}],"about":[{"href":"https:\/\/mundobibliotecario.com.br\/index.php\/wp-json\/wp\/v2\/types\/post"}],"author":[{"embeddable":true,"href":"https:\/\/mundobibliotecario.com.br\/index.php\/wp-json\/wp\/v2\/users\/1"}],"replies":[{"embeddable":true,"href":"https:\/\/mundobibliotecario.com.br\/index.php\/wp-json\/wp\/v2\/comments?post=4987"}],"version-history":[{"count":0,"href":"https:\/\/mundobibliotecario.com.br\/index.php\/wp-json\/wp\/v2\/posts\/4987\/revisions"}],"wp:attachment":[{"href":"https:\/\/mundobibliotecario.com.br\/index.php\/wp-json\/wp\/v2\/media?parent=4987"}],"wp:term":[{"taxonomy":"category","embeddable":true,"href":"https:\/\/mundobibliotecario.com.br\/index.php\/wp-json\/wp\/v2\/categories?post=4987"},{"taxonomy":"post_tag","embeddable":true,"href":"https:\/\/mundobibliotecario.com.br\/index.php\/wp-json\/wp\/v2\/tags?post=4987"}],"curies":[{"name":"wp","href":"https:\/\/api.w.org\/{rel}","templated":true}]}}