{"id":4995,"date":"2018-08-29T16:00:43","date_gmt":"2018-08-29T19:00:43","guid":{"rendered":"http:\/\/mundobibliotecario.com.br\/?p=4995"},"modified":"2018-08-29T16:00:43","modified_gmt":"2018-08-29T19:00:43","slug":"fala-bibliotecaria-10-classicos-de-biblioteconomia-por-gabriela-pedrao","status":"publish","type":"post","link":"https:\/\/mundobibliotecario.com.br\/index.php\/2018\/08\/29\/fala-bibliotecaria-10-classicos-de-biblioteconomia-por-gabriela-pedrao\/","title":{"rendered":"Fala, Bibliotec\u00e1ria: 10 cl\u00e1ssicos de Biblioteconomia! por Gabriela Pedr\u00e3o"},"content":{"rendered":"<p><iframe loading=\"lazy\" title=\"FALA, BIBLIOTEC\u00c1RIA: 10 cl\u00e1ssicos de Biblioteconomia! por Gabriela Pedr\u00e3o\" width=\"1200\" height=\"675\" src=\"https:\/\/www.youtube.com\/embed\/c5zhkg8cgAY?feature=oembed\" frameborder=\"0\" allow=\"accelerometer; autoplay; clipboard-write; encrypted-media; gyroscope; picture-in-picture\" allowfullscreen><\/iframe><\/p>\n<p>&#8211; <a href=\"https:\/\/amzn.to\/2PNLc6L\">Introdu\u00e7\u00e3o \u00c0 Biblioteconomia<\/a> + A Biblioteconomia brasileira no contexto mundial (Edson Nery da Fonseca)<\/p>\n<p>&#8211; Miss\u00e3o do bibliotec\u00e1rio (Ortega y Gasset)<\/p>\n<p>&#8211; As 5 leis da Biblioteconomia (Ranganathan)<\/p>\n<p>&#8211; Introdu\u00e7\u00e3o \u00e0 cataloga\u00e7\u00e3o + O que fazem os bibliotec\u00e1rios (Eliane Mey)<\/p>\n<p>&#8211; <a href=\"https:\/\/amzn.to\/2Nwzyvl\">Hist\u00f3ria da Biblioteconomia brasileira<\/a> (C\u00e9sar Augusto Castro)<\/p>\n<p>&#8211; <a href=\"https:\/\/amzn.to\/2wpxfUF\">Biblioteca<\/a> + O que \u00e9 biblioteca? (Luis Milanesi)<\/p>\n<p>&#8211; Desenvolvimento de cole\u00e7\u00f5es (Waldomiro Vergueiro)<\/p>\n<p>&#8211; O problema das bibliotecas brasileiras (Rubens Borba de Moraes)<\/p>\n<p>&#8211; <a href=\"https:\/\/amzn.to\/2PLkZFP\">Sociedade e Biblioteconomia<\/a> (Oswaldo Francisco de Almeida Jr.)<\/p>\n<p>&#8211; <a href=\"https:\/\/amzn.to\/2okDPY1\">A mis\u00e9ria da biblioteca escolar<\/a> (Waldeck Carneiro da Silva)<\/p>\n","protected":false},"excerpt":{"rendered":"<p>&#8211; Introdu\u00e7\u00e3o \u00c0 Biblioteconomia + A Biblioteconomia brasileira no contexto mundial (Edson Nery da Fonseca) &#8211; Miss\u00e3o do bibliotec\u00e1rio (Ortega y Gasset) &#8211; As 5 leis da Biblioteconomia (Ranganathan) &#8211; Introdu\u00e7\u00e3o \u00e0 cataloga\u00e7\u00e3o + O que fazem os bibliotec\u00e1rios (Eliane Mey) &#8211; Hist\u00f3ria da Biblioteconomia brasileira (C\u00e9sar Augusto Castro) &#8211; Biblioteca + O que \u00e9 &#8230; <a title=\"Fala, Bibliotec\u00e1ria: 10 cl\u00e1ssicos de Biblioteconomia! por Gabriela Pedr\u00e3o\" class=\"read-more\" href=\"https:\/\/mundobibliotecario.com.br\/index.php\/2018\/08\/29\/fala-bibliotecaria-10-classicos-de-biblioteconomia-por-gabriela-pedrao\/\" aria-label=\"Read more about Fala, Bibliotec\u00e1ria: 10 cl\u00e1ssicos de Biblioteconomia! por Gabriela Pedr\u00e3o\">Ler mais<\/a><\/p>\n","protected":false},"author":1,"featured_media":0,"comment_status":"open","ping_status":"open","sticky":false,"template":"","format":"standard","meta":{"_mi_skip_tracking":false,"_exactmetrics_sitenote_active":false,"_exactmetrics_sitenote_note":"","_exactmetrics_sitenote_category":0,"_jetpack_newsletter_access":"","footnotes":""},"categories":[60],"tags":[63,9],"class_list":["post-4995","post","type-post","status-publish","format-standard","hentry","category-noticias","tag-biblioteconomia","tag-livro"],"jetpack_featured_media_url":"","jetpack_sharing_enabled":true,"jetpack-related-posts":[{"id":4392,"url":"https:\/\/mundobibliotecario.com.br\/index.php\/2016\/11\/01\/concursos-de-biblioteconomia-novembro2016\/","url_meta":{"origin":4995,"position":0},"title":"Concursos de biblioteconomia &#8211; novembro\/2016","author":"mundobibliotecario","date":"01\/11\/2016","format":false,"excerpt":"H\u00e1 v\u00e1rios concursos abertos para bibliotec\u00e1rios, auxiliares e t\u00e9cnicos. Confira! *** Prefeitura de Galil\u00e9ia - MG - Bibliotec\u00e1rio Prefeitura de Tarumirim - MG - Bibliotec\u00e1rio C\u00e2mara de Londrina - PR - Bibliotec\u00e1rio Prefeitura Municipal de Esmeraldas - MG - T\u00e9cnico em N\u00edvel Superior em Biblioteconomia Instituto Federal de Educa\u00e7\u00e3o, Ci\u00eancia\u2026","rel":"","context":"Em &quot;Concurso&quot;","block_context":{"text":"Concurso","link":"https:\/\/mundobibliotecario.com.br\/index.php\/category\/concurso\/"},"img":{"alt_text":"","src":"","width":0,"height":0},"classes":[]},{"id":1469,"url":"https:\/\/mundobibliotecario.com.br\/index.php\/2010\/09\/24\/v-semana-de-biblioteconomia-da-ecausp\/","url_meta":{"origin":4995,"position":1},"title":"V Semana de Biblioteconomia da ECA\/USP","author":"mundobibliotecario","date":"24\/09\/2010","format":false,"excerpt":"V Semana de Biblioteconomia da Escola de Comunica\u00e7\u00f5es e Artes (ECA) da Universidade de S\u00e3o Paulo (USP) De 27\/09 a 01\/10 A Semana de Biblioteconomia da Escola de Comunica\u00e7\u00f5es e Artes (ECA) da Universidade de S\u00e3o Paulo (USP) \u00e9 em evento acad\u00eamico que objetiva estimular e promover o esp\u00edrito cr\u00edtico\u2026","rel":"","context":"Em &quot;Eventos&quot;","block_context":{"text":"Eventos","link":"https:\/\/mundobibliotecario.com.br\/index.php\/category\/eventos\/"},"img":{"alt_text":"","src":"","width":0,"height":0},"classes":[]},{"id":4987,"url":"https:\/\/mundobibliotecario.com.br\/index.php\/2018\/08\/19\/3-livros-sobre-bibliotecas-e-a-biblioteconomia-karin-paredes\/","url_meta":{"origin":4995,"position":2},"title":"3 livros sobre bibliotecas e a biblioteconomia | Karin Paredes","author":"mundobibliotecario","date":"19\/08\/2018","format":false,"excerpt":"http:\/\/www.youtube.com\/watch?v=0e6EuswUFSA Biblioteca - Luis Milanesi\u00a0https:\/\/amzn.to\/2vXB5Uz Biblioteca - Lizandra Estabel e Eliane Moro\u00a0https:\/\/amzn.to\/2PnHaSq Introdu\u00e7\u00e3o \u00e0 Teoria Geral da Biblioteconomia - Ronaldo Vieira\u00a0https:\/\/amzn.to\/2BqfHN0","rel":"","context":"Em &quot;Not\u00edcias&quot;","block_context":{"text":"Not\u00edcias","link":"https:\/\/mundobibliotecario.com.br\/index.php\/category\/noticias\/"},"img":{"alt_text":"","src":"https:\/\/i0.wp.com\/img.youtube.com\/vi\/0e6EuswUFSA\/0.jpg?resize=350%2C200","width":350,"height":200},"classes":[]},{"id":2020,"url":"https:\/\/mundobibliotecario.com.br\/index.php\/2011\/05\/09\/concursos-de-biblioteconomia-em-2011\/","url_meta":{"origin":4995,"position":3},"title":"Concursos de Biblioteconomia em 2011","author":"mundobibliotecario","date":"09\/05\/2011","format":false,"excerpt":"Bibliotec\u00e1rio para Presidente Epit\u00e1cio (SP) Auxiliar de biblioteca e Auxiliar de biblioteca escolar para Balne\u00e1rio Gaivota (SC) Boa sorte!","rel":"","context":"Em &quot;Concurso&quot;","block_context":{"text":"Concurso","link":"https:\/\/mundobibliotecario.com.br\/index.php\/category\/concurso\/"},"img":{"alt_text":"","src":"","width":0,"height":0},"classes":[]},{"id":4709,"url":"https:\/\/mundobibliotecario.com.br\/index.php\/2018\/03\/08\/mulheres-inspiradoras-na-biblioteconomia\/","url_meta":{"origin":4995,"position":4},"title":"Mulheres inspiradoras na Biblioteconomia","author":"mundobibliotecario","date":"08\/03\/2018","format":false,"excerpt":"Todo fim de ano surgem listas do tipo \u201cmelhores do ano\u201d pela internet. Melhores pessoas, melhores livros, filmes, viagens, projetos, enfim, muitas coisas. Eu adoro! Acho bacana valorizarmos pessoas que fazem mais que o comum pra que a gente viva em uma sociedade bacana. Esse m\u00eas foi divulgado no site\u2026","rel":"","context":"Em &quot;Not\u00edcias&quot;","block_context":{"text":"Not\u00edcias","link":"https:\/\/mundobibliotecario.com.br\/index.php\/category\/noticias\/"},"img":{"alt_text":"","src":"","width":0,"height":0},"classes":[]},{"id":1015,"url":"https:\/\/mundobibliotecario.com.br\/index.php\/2009\/12\/16\/polemica-e-biblioteconomia-espelham-obra-de-edson-nery-da-fonseca\/","url_meta":{"origin":4995,"position":5},"title":"Pol\u00eamica e biblioteconomia espelham obra de Edson Nery da Fonseca","author":"mundobibliotecario","date":"16\/12\/2009","format":false,"excerpt":"29\/06\/2009 -19h47 TERESA CHAVES Colabora\u00e7\u00e3o para a Folha Online Um pernambucano biblioteconomista, que quase foi militar, monge, e que hoje \u00e9 considerado um dos maiores especialistas do Brasil na obra do soci\u00f3logo Gilberto Freyre (1900-1987), o autor de \"Casa Grande & Senzala\", um dos livros mais importantes da historiografia brasileira.\u2026","rel":"","context":"Em &quot;Not\u00edcias&quot;","block_context":{"text":"Not\u00edcias","link":"https:\/\/mundobibliotecario.com.br\/index.php\/category\/noticias\/"},"img":{"alt_text":"","src":"","width":0,"height":0},"classes":[]}],"jetpack_likes_enabled":true,"jetpack_shortlink":"https:\/\/wp.me\/pcbzwa-1iz","_links":{"self":[{"href":"https:\/\/mundobibliotecario.com.br\/index.php\/wp-json\/wp\/v2\/posts\/4995","targetHints":{"allow":["GET"]}}],"collection":[{"href":"https:\/\/mundobibliotecario.com.br\/index.php\/wp-json\/wp\/v2\/posts"}],"about":[{"href":"https:\/\/mundobibliotecario.com.br\/index.php\/wp-json\/wp\/v2\/types\/post"}],"author":[{"embeddable":true,"href":"https:\/\/mundobibliotecario.com.br\/index.php\/wp-json\/wp\/v2\/users\/1"}],"replies":[{"embeddable":true,"href":"https:\/\/mundobibliotecario.com.br\/index.php\/wp-json\/wp\/v2\/comments?post=4995"}],"version-history":[{"count":0,"href":"https:\/\/mundobibliotecario.com.br\/index.php\/wp-json\/wp\/v2\/posts\/4995\/revisions"}],"wp:attachment":[{"href":"https:\/\/mundobibliotecario.com.br\/index.php\/wp-json\/wp\/v2\/media?parent=4995"}],"wp:term":[{"taxonomy":"category","embeddable":true,"href":"https:\/\/mundobibliotecario.com.br\/index.php\/wp-json\/wp\/v2\/categories?post=4995"},{"taxonomy":"post_tag","embeddable":true,"href":"https:\/\/mundobibliotecario.com.br\/index.php\/wp-json\/wp\/v2\/tags?post=4995"}],"curies":[{"name":"wp","href":"https:\/\/api.w.org\/{rel}","templated":true}]}}