{"id":501,"date":"2009-03-26T08:58:52","date_gmt":"2009-03-26T11:58:52","guid":{"rendered":"http:\/\/mundobibliotecario.wordpress.com\/?p=501"},"modified":"2020-07-21T23:54:47","modified_gmt":"2020-07-22T02:54:47","slug":"aula-inaugural-reflexoes-contemporaneas-sobre-a-ciencia-da-informacao","status":"publish","type":"post","link":"https:\/\/mundobibliotecario.com.br\/index.php\/2009\/03\/26\/aula-inaugural-reflexoes-contemporaneas-sobre-a-ciencia-da-informacao\/","title":{"rendered":"Aula inaugural &#8211; &quot;Reflex\u00f5es contempor\u00e2neas sobre a ci\u00eancia da informa\u00e7\u00e3o&quot;"},"content":{"rendered":"<p>Nesta quinta, 16hs, o Prof. Aldo Barreto (IBICT) ministrar\u00e1 a aula inaugural do Programa de P\u00f3s Gradua\u00e7\u00e3o em Ci\u00eancia da Informa\u00e7\u00e3o da ECA\/USP. O t\u00edtulo do encontro ser\u00e1 &#8220;Reflex\u00f5es contempor\u00e2neas sobre a ci\u00eancia da informa\u00e7\u00e3o&#8221;.<\/p>\n<p>Todos alunos podem participar deste evento. Para aqueles que n\u00e3o puderem vir, ou estejam em outras localidades do pa\u00eds, o evento ser\u00e1 transmitido on-line (AO VIVO) para o link . usp.br\/vivo- eca-cbd.asx (Windows Media Player), ou pela <a href=\"http:\/\/www.iptv.usp.br\">www.iptv.usp.br<\/a><\/p>\n<p>\u00a0Data local: Quinta (26\/03\/09), 16hs . Audit\u00f3rio de Comunica\u00e7\u00f5es e Artes &#8211; CCA.<\/p>\n<p>Ser\u00e1 um encontro importante para discutir as quest\u00f5es que envolvem a Biblioteconomia e a CI.<\/p>\n<p>Para aqueles que quiserem Twittar o evento, ou enviar algum coment\u00e1rio, favor insiram a mensagem no Twitter com a TAG #ppgci<\/p>\n","protected":false},"excerpt":{"rendered":"<p>Nesta quinta, 16hs, o Prof. Aldo Barreto (IBICT) ministrar\u00e1 a aula inaugural do Programa de P\u00f3s Gradua\u00e7\u00e3o em Ci\u00eancia da Informa\u00e7\u00e3o da ECA\/USP. O t\u00edtulo do encontro ser\u00e1 &#8220;Reflex\u00f5es contempor\u00e2neas sobre a ci\u00eancia da informa\u00e7\u00e3o&#8221;. Todos alunos podem participar deste evento. Para aqueles que n\u00e3o puderem vir, ou estejam em outras localidades do pa\u00eds, o &#8230; <a title=\"Aula inaugural &#8211; &quot;Reflex\u00f5es contempor\u00e2neas sobre a ci\u00eancia da informa\u00e7\u00e3o&quot;\" class=\"read-more\" href=\"https:\/\/mundobibliotecario.com.br\/index.php\/2009\/03\/26\/aula-inaugural-reflexoes-contemporaneas-sobre-a-ciencia-da-informacao\/\" aria-label=\"Read more about Aula inaugural &#8211; &quot;Reflex\u00f5es contempor\u00e2neas sobre a ci\u00eancia da informa\u00e7\u00e3o&quot;\">Ler mais<\/a><\/p>\n","protected":false},"author":1,"featured_media":0,"comment_status":"open","ping_status":"open","sticky":false,"template":"","format":"standard","meta":{"_mi_skip_tracking":false,"_exactmetrics_sitenote_active":false,"_exactmetrics_sitenote_note":"","_exactmetrics_sitenote_category":0,"_jetpack_newsletter_access":"","footnotes":""},"categories":[27],"tags":[324,325],"class_list":["post-501","post","type-post","status-publish","format-standard","hentry","category-eventos","tag-aldo-barreto","tag-eca-usp"],"jetpack_featured_media_url":"","jetpack_sharing_enabled":true,"jetpack-related-posts":[{"id":4838,"url":"https:\/\/mundobibliotecario.com.br\/index.php\/2009\/03\/26\/aula-inaugural-reflexoes-contemporaneas-sobre-a-ciencia-da-informacao-2\/","url_meta":{"origin":501,"position":0},"title":"Aula inaugural &#8211; &#034;Reflex\u00f5es contempor\u00e2neas sobre a ci\u00eancia da informa\u00e7\u00e3o&#034;","author":"mundobibliotecario","date":"26\/03\/2009","format":false,"excerpt":"Nesta quinta, 16hs, o Prof. Aldo Barreto (IBICT) ministrar\u00e1 a aula inaugural do Programa de P\u00f3s Gradua\u00e7\u00e3o em Ci\u00eancia da Informa\u00e7\u00e3o da ECA\/USP. O t\u00edtulo do encontro ser\u00e1 \"Reflex\u00f5es contempor\u00e2neas sobre a ci\u00eancia da informa\u00e7\u00e3o\". Todos alunos podem participar deste evento. Para aqueles que n\u00e3o puderem vir, ou estejam em\u2026","rel":"","context":"Em &quot;Eventos&quot;","block_context":{"text":"Eventos","link":"https:\/\/mundobibliotecario.com.br\/index.php\/category\/eventos\/"},"img":{"alt_text":"","src":"","width":0,"height":0},"classes":[]},{"id":1469,"url":"https:\/\/mundobibliotecario.com.br\/index.php\/2010\/09\/24\/v-semana-de-biblioteconomia-da-ecausp\/","url_meta":{"origin":501,"position":1},"title":"V Semana de Biblioteconomia da ECA\/USP","author":"mundobibliotecario","date":"24\/09\/2010","format":false,"excerpt":"V Semana de Biblioteconomia da Escola de Comunica\u00e7\u00f5es e Artes (ECA) da Universidade de S\u00e3o Paulo (USP) De 27\/09 a 01\/10 A Semana de Biblioteconomia da Escola de Comunica\u00e7\u00f5es e Artes (ECA) da Universidade de S\u00e3o Paulo (USP) \u00e9 em evento acad\u00eamico que objetiva estimular e promover o esp\u00edrito cr\u00edtico\u2026","rel":"","context":"Em &quot;Eventos&quot;","block_context":{"text":"Eventos","link":"https:\/\/mundobibliotecario.com.br\/index.php\/category\/eventos\/"},"img":{"alt_text":"","src":"","width":0,"height":0},"classes":[]},{"id":4700,"url":"https:\/\/mundobibliotecario.com.br\/index.php\/2018\/02\/26\/nota-de-falecimento-professor-aldo-barreto\/","url_meta":{"origin":501,"position":2},"title":"Nota de falecimento &#8211; Professor Aldo Barreto","author":"mundobibliotecario","date":"26\/02\/2018","format":false,"excerpt":"Prof. Aldo Barreto Fonte:\u00a0http:\/\/www.ppgci.ufrj.br\/docentes\/aldo-de-albuquerque-barreto\/ \u00a0 Aos pesquisadores, professores, funcion\u00e1rios do IBICT e demais institui\u00e7\u00f5es de ensino e pesquisa,\u00a0\u00a0alunos e egressos do PPGCI ( IBICT-UFRJ), de outros Programas e profissionais\u00a0\u00a0de informa\u00e7\u00e3o do Brasil, Soube somente hoje e comunico, com muito pesar, o falecimento do Professor Aldo de Albuquerque Barreto, no \u00faltimo\u2026","rel":"","context":"Em &quot;Not\u00edcias&quot;","block_context":{"text":"Not\u00edcias","link":"https:\/\/mundobibliotecario.com.br\/index.php\/category\/noticias\/"},"img":{"alt_text":"","src":"","width":0,"height":0},"classes":[]},{"id":4537,"url":"https:\/\/mundobibliotecario.com.br\/index.php\/2017\/05\/30\/seminario-de-pesquisas-em-ciencia-da-informacao-do-ppgciusp\/","url_meta":{"origin":501,"position":3},"title":"Semin\u00e1rio de Pesquisas em Ci\u00eancia da Informa\u00e7\u00e3o do PPGCI\/USP","author":"mundobibliotecario","date":"30\/05\/2017","format":"image","excerpt":"","rel":"","context":"Em &quot;Eventos&quot;","block_context":{"text":"Eventos","link":"https:\/\/mundobibliotecario.com.br\/index.php\/category\/eventos\/"},"img":{"alt_text":"","src":"https:\/\/i0.wp.com\/mundobibliotecario.com.br\/wp-content\/uploads\/2017\/05\/seminario.jpg?resize=350%2C200","width":350,"height":200},"classes":[]},{"id":106,"url":"https:\/\/mundobibliotecario.com.br\/index.php\/2008\/10\/04\/v-semana-de-estudos-em-ciencias-da-informacao-e-documentacao\/","url_meta":{"origin":501,"position":4},"title":"V Semana de Estudos em Ci\u00eancias da Informa\u00e7\u00e3o e Documenta\u00e7\u00e3o","author":"mundobibliotecario","date":"04\/10\/2008","format":false,"excerpt":"A USP - Ribeir\u00e3o Preto est\u00e1 promovendo a \"V Semana de Estudos em Ci\u00eancias da Informa\u00e7\u00e3o e Documenta\u00e7\u00e3o\", que ser\u00e1 realizada de 20 a 24 de outubro. Para inscrever-se, \u00e9 necess\u00e1rio pagar a taxa de R$10,00. Abaixo segue a progrma\u00e7\u00e3o do evento. Segunda - feira Palestra Tema: A Ci\u00eancia da\u2026","rel":"","context":"Em &quot;Eventos&quot;","block_context":{"text":"Eventos","link":"https:\/\/mundobibliotecario.com.br\/index.php\/category\/eventos\/"},"img":{"alt_text":"","src":"","width":0,"height":0},"classes":[]},{"id":3617,"url":"https:\/\/mundobibliotecario.com.br\/index.php\/2014\/10\/23\/encontro-abrainfo-passo-a-passo\/","url_meta":{"origin":501,"position":5},"title":"Encontro &#8220;ABRAINFO: passo a passo&#8221;","author":"mundobibliotecario","date":"23\/10\/2014","format":false,"excerpt":"Problema com a visualiza\u00e7\u00e3o da mensagem? Clique aqui. Prezada(o) Amig(a)o, Em comemora\u00e7\u00e3o ao nosso segundo ano de exist\u00eancia, realizaremos um encontro para promover um balan\u00e7o desse per\u00edodo e das perspectivas que se apresentam para a \u00e1rea de informa\u00e7\u00e3o. Nesta oportunidade, realizaremos tamb\u00e9m uma mesa-redonda para que alguns profissionais, que participaram\u2026","rel":"","context":"Em &quot;Eventos&quot;","block_context":{"text":"Eventos","link":"https:\/\/mundobibliotecario.com.br\/index.php\/category\/eventos\/"},"img":{"alt_text":"","src":"","width":0,"height":0},"classes":[]}],"jetpack_likes_enabled":true,"jetpack_shortlink":"https:\/\/wp.me\/pcbzwa-85","_links":{"self":[{"href":"https:\/\/mundobibliotecario.com.br\/index.php\/wp-json\/wp\/v2\/posts\/501","targetHints":{"allow":["GET"]}}],"collection":[{"href":"https:\/\/mundobibliotecario.com.br\/index.php\/wp-json\/wp\/v2\/posts"}],"about":[{"href":"https:\/\/mundobibliotecario.com.br\/index.php\/wp-json\/wp\/v2\/types\/post"}],"author":[{"embeddable":true,"href":"https:\/\/mundobibliotecario.com.br\/index.php\/wp-json\/wp\/v2\/users\/1"}],"replies":[{"embeddable":true,"href":"https:\/\/mundobibliotecario.com.br\/index.php\/wp-json\/wp\/v2\/comments?post=501"}],"version-history":[{"count":1,"href":"https:\/\/mundobibliotecario.com.br\/index.php\/wp-json\/wp\/v2\/posts\/501\/revisions"}],"predecessor-version":[{"id":7286,"href":"https:\/\/mundobibliotecario.com.br\/index.php\/wp-json\/wp\/v2\/posts\/501\/revisions\/7286"}],"wp:attachment":[{"href":"https:\/\/mundobibliotecario.com.br\/index.php\/wp-json\/wp\/v2\/media?parent=501"}],"wp:term":[{"taxonomy":"category","embeddable":true,"href":"https:\/\/mundobibliotecario.com.br\/index.php\/wp-json\/wp\/v2\/categories?post=501"},{"taxonomy":"post_tag","embeddable":true,"href":"https:\/\/mundobibliotecario.com.br\/index.php\/wp-json\/wp\/v2\/tags?post=501"}],"curies":[{"name":"wp","href":"https:\/\/api.w.org\/{rel}","templated":true}]}}