{"id":5010,"date":"2018-10-16T16:00:31","date_gmt":"2018-10-16T19:00:31","guid":{"rendered":"http:\/\/mundobibliotecario.com.br\/?p=5010"},"modified":"2018-10-16T16:00:31","modified_gmt":"2018-10-16T19:00:31","slug":"cedem-inaugura-sistema-de-gestao-de-acervos-permanentes","status":"publish","type":"post","link":"https:\/\/mundobibliotecario.com.br\/index.php\/2018\/10\/16\/cedem-inaugura-sistema-de-gestao-de-acervos-permanentes\/","title":{"rendered":"CEDEM inaugura sistema de gest\u00e3o de acervos permanentes"},"content":{"rendered":"<p>Iniciativa dar\u00e1 mais agilidade \u00e0 pesquisa documental<\/p>\n<p class=\"data-e-creditos\"><span class=\"item\"><i class=\"fa fa-calendar\"><\/i>\u00a011\/10\/2018<\/span>\u00a0<span class=\"item\">por: Assessoria de Comunica\u00e7\u00e3o do CEDEM, da Unesp<\/span><\/p>\n<div class=\"row\">\n<div class=\"small-12 large-3 columns\">\n<div class=\"wrapper-imagem-noticia\">\n<div class=\"imagem-noticia\"><img decoding=\"async\" src=\"https:\/\/www.cedem.unesp.br\/Modulos\/Noticias\/322\/sisacervo2.png\" alt=\"\" \/><\/div>\n<div class=\"creditos-imagem-noticia\">Imagem: Reprodu\u00e7\u00e3o<\/div>\n<\/div>\n<\/div>\n<div class=\"small-12 large-9 columns\">\n<div class=\"texto-noticia\">\n<div class=\"wrapper-conteudo-tinymce\">\n<p>A descri\u00e7\u00e3o arquiv\u00edstica \u00e9 um mecanismo pelo qual o usu\u00e1rio de acervos tem acesso facilitado aos documentos. Os sistemas informatizados, por sua vez, tornam as atividades de pesquisa ainda mais pr\u00e1tica e \u00e1gil. Nesse sentido, a Unesp desenvolveu o SISAcervo (Sistema de Gest\u00e3o de Acervos Permanentes), um mecanismo institucional que pode ser utilizados por todos os centros de documenta\u00e7\u00e3o da Universidade. Atualmente, a consulta p\u00fablica dos documentos pode ser feita por meio da p\u00e1gina do\u00a0<a class=\"color-light-blue\" href=\"https:\/\/sistemas.unesp.br\/cedem\/publico\/material.pesquisar.action\" target=\"_blank\" rel=\"noopener noreferrer\">Centro de Documenta\u00e7\u00e3o e Mem\u00f3ria<\/a>(CEDEM).<\/p>\n<p>No CEDEM, o SISAcervo substitui um antigo sistema desenvolvido na d\u00e9cada de 1990. Importante destacar que o CEDEM foi pioneiro na informatiza\u00e7\u00e3o de acervo. Em 2006, com a publica\u00e7\u00e3o da NOBRADE (Norma Brasileira de Descri\u00e7\u00e3o Arquiv\u00edstica), houve a necessidade de adequar o antigo sistema \u00e0s exig\u00eancias da Norma. Foi quando a Unesp deu in\u00edcio ao desenvolvimento do SISAcervo, iniciativa alavancada com a cria\u00e7\u00e3o do Comit\u00ea Superior de Tecnologia da Informa\u00e7\u00e3o e dos comit\u00eas gestores, organizados para dinamizar o desenvolvimento dos sistemas. Esses comit\u00eas s\u00e3o formados por usu\u00e1rios, desenvolvedores e gestores de cada \u00e1rea.<\/p>\n<p>Inicialmente, no projeto do SISAcervo, foi conclu\u00eddo o m\u00f3dulo de cataloga\u00e7\u00e3o. Na sequ\u00eancia, veio o de consulta p\u00fablica e, por \u00faltimo, o de relat\u00f3rios e servi\u00e7os de refer\u00eancia. O m\u00f3dulo de cataloga\u00e7\u00e3o permitiu a migra\u00e7\u00e3o das informa\u00e7\u00f5es do sistema inicial para o SISAcervo. Ao todo foram migrados mais de 58 mil registros, incluindo cerca de oito mil imagens.<\/p>\n<p>O sistema foi desenvolvido de acordo com as tecnologias e ferramentas utilizadas nos sistemas institucionais da universidade e est\u00e1 hospedado na plataforma da Central de Acessos. O projeto foi iniciado por Raphael Garcia, analista do C\u00e2mpus de Presidente Prudente e atual coordenador do N\u00facleo de Desenvolvimento de Sistemas Institucionais (NDSI) da Reitoria.<\/p>\n<p>Recentemente foram conclu\u00eddas as migra\u00e7\u00f5es de onze bases de dados, tarefa realizada por Dallan Augusto Toledo Reis, analista da Unidade de Rosana, em conjunto com as t\u00e9cnicas do CEDEM Solange Souza e Sandra Moraes. Solange tamb\u00e9m coordena o Comit\u00ea Gestor do SISAcervo e Sandra responde pelo apoio aos usu\u00e1rios. Tamb\u00e9m fazem parte do Comit\u00ea servidores da Se\u00e7\u00e3o de Comunica\u00e7\u00e3o da Faculdade de Medicina, C\u00e2mpus de Botucatu, e do Centro de Documenta\u00e7\u00e3o e Apoio \u00e0 Pesquisa (CEDAP), da Faculdade de Ci\u00eancias e Letras, em Assis.<\/p>\n<p>Dispon\u00edvel em: &lt;<a href=\"https:\/\/www.cedem.unesp.br\/#!\/noticia\/322\/cedem-inaugura-sistema-de-gestao-de-acervos-permanentes\/\">https:\/\/www.cedem.unesp.br\/#!\/noticia\/322\/cedem-inaugura-sistema-de-gestao-de-acervos-permanentes\/<\/a>&gt;. Acesso em: 16 out. 2018.<\/p>\n<\/div>\n<\/div>\n<\/div>\n<\/div>\n","protected":false},"excerpt":{"rendered":"<p>Iniciativa dar\u00e1 mais agilidade \u00e0 pesquisa documental \u00a011\/10\/2018\u00a0por: Assessoria de Comunica\u00e7\u00e3o do CEDEM, da Unesp Imagem: Reprodu\u00e7\u00e3o A descri\u00e7\u00e3o arquiv\u00edstica \u00e9 um mecanismo pelo qual o usu\u00e1rio de acervos tem acesso facilitado aos documentos. Os sistemas informatizados, por sua vez, tornam as atividades de pesquisa ainda mais pr\u00e1tica e \u00e1gil. Nesse sentido, a Unesp desenvolveu &#8230; <a title=\"CEDEM inaugura sistema de gest\u00e3o de acervos permanentes\" class=\"read-more\" href=\"https:\/\/mundobibliotecario.com.br\/index.php\/2018\/10\/16\/cedem-inaugura-sistema-de-gestao-de-acervos-permanentes\/\" aria-label=\"Read more about CEDEM inaugura sistema de gest\u00e3o de acervos permanentes\">Ler mais<\/a><\/p>\n","protected":false},"author":1,"featured_media":0,"comment_status":"open","ping_status":"open","sticky":false,"template":"","format":"standard","meta":{"_mi_skip_tracking":false,"_exactmetrics_sitenote_active":false,"_exactmetrics_sitenote_note":"","_exactmetrics_sitenote_category":0,"_jetpack_newsletter_access":"","footnotes":""},"categories":[60],"tags":[334,1424,1427,1740,1743,144],"class_list":["post-5010","post","type-post","status-publish","format-standard","hentry","category-noticias","tag-arquivo","tag-cedem","tag-centro-de-documentacao-e-memoria","tag-sisacervo","tag-sistema-de-gestao-de-acervos-permanentes","tag-unesp"],"jetpack_featured_media_url":"","jetpack_sharing_enabled":true,"jetpack-related-posts":[{"id":328,"url":"https:\/\/mundobibliotecario.com.br\/index.php\/2009\/01\/30\/bibliotecario-para-centro-de-documentacao-arquivo-e-biblioteca\/","url_meta":{"origin":5010,"position":0},"title":"Bibliotec\u00e1rio para Centro de Documenta\u00e7\u00e3o (Arquivo e Biblioteca)","author":"mundobibliotecario","date":"30\/01\/2009","format":false,"excerpt":"Escrit\u00f3rio de advocacia de m\u00e9dio porte, com sede na cidade de Bebedouro-SP, busca profissional com forma\u00e7\u00e3o em Biblioteconomia e Ci\u00eancia da Informa\u00e7\u00e3o. O profissional dever\u00e1: Selecionar e implantar sistema de gest\u00e3o de acervo para a biblioteca; planejar, organizar e administrar a biblioteca jur\u00eddica; gerenciar a documenta\u00e7\u00e3o recebida e emitida (fluxo\u2026","rel":"","context":"Em &quot;Emprego&quot;","block_context":{"text":"Emprego","link":"https:\/\/mundobibliotecario.com.br\/index.php\/category\/emprego\/"},"img":{"alt_text":"","src":"","width":0,"height":0},"classes":[]},{"id":9326,"url":"https:\/\/mundobibliotecario.com.br\/index.php\/2021\/08\/05\/biblioteconomia\/","url_meta":{"origin":5010,"position":1},"title":"Biblioteconomia","author":"mundobibliotecario","date":"05\/08\/2021","format":false,"excerpt":"Este graduado \u00e9 respons\u00e1vel por organizar, conservar e divulgar acervos de bibliotecas e centros de documenta\u00e7\u00e3o, cuidando da classifica\u00e7\u00e3o de livros, pap\u00e9is e arquivos digitais.Trabalha como um administrador de dados, catalogando e armazenando livros e informa\u00e7\u00f5es, buscando sempre o melhor e mais \u00e1gil sistema de consulta poss\u00edvel.Al\u00e9m de livros, revistas\u2026","rel":"","context":"Post similar","block_context":{"text":"Post similar","link":""},"img":{"alt_text":"","src":"https:\/\/i0.wp.com\/mundobibliotecario.com.br\/wp-content\/uploads\/2021\/08\/016-biblioteconomia.jpg?resize=350%2C200&ssl=1","width":350,"height":200},"classes":[]},{"id":7751,"url":"https:\/\/mundobibliotecario.com.br\/index.php\/2020\/08\/06\/unesp-implanta-gerenciamento-de-servicos-de-bibliotecas-na-nuvem\/","url_meta":{"origin":5010,"position":2},"title":"Unesp implanta gerenciamento de servi\u00e7os de bibliotecas na nuvem","author":"mundobibliotecario","date":"06\/08\/2020","format":false,"excerpt":"A Unesp \u00e9 a primeira universidade do Brasil a implantar a plataforma Alma, uma nova gera\u00e7\u00e3o de sistemas para bibliotecas, j\u00e1 desenvolvida para trabalhar com os conte\u00fados digitais, como e-books e videoaulasImagem: Divulga\u00e7\u00e3o 04\/08\/2020\u00a0por: Fabio Mazzitelli, da ACI Unesp No caminho das tend\u00eancias contempor\u00e2neas de revitaliza\u00e7\u00e3o dos espa\u00e7os das bibliotecas,\u2026","rel":"","context":"Em &quot;Not\u00edcias&quot;","block_context":{"text":"Not\u00edcias","link":"https:\/\/mundobibliotecario.com.br\/index.php\/category\/noticias\/"},"img":{"alt_text":"bibliotecaflavia4ago20b.jpg","src":"https:\/\/i0.wp.com\/www2.unesp.br\/Modulos\/Noticias\/35950\/bibliotecaflavia4ago20b.jpg?resize=350%2C200&ssl=1","width":350,"height":200},"classes":[]},{"id":1183,"url":"https:\/\/mundobibliotecario.com.br\/index.php\/2010\/03\/29\/governo-de-sao-paulo-institui-o-comite-gestor-do-sistema-spdoc\/","url_meta":{"origin":5010,"position":3},"title":"Governo de S\u00e3o Paulo institui o Comit\u00ea Gestor do Sistema Spdoc","author":"mundobibliotecario","date":"29\/03\/2010","format":false,"excerpt":"Conhe\u00e7am o SPdoc, sistema est\u00e1 sendo implantado na administra\u00e7\u00e3o p\u00fablica estadual permitindo a efetiva gest\u00e3o dos documentos desde a sua produ\u00e7\u00e3o at\u00e9 a sua destina\u00e7\u00e3o final. Esse sistema \u00e9 uma melhoria na pol\u00edtica de gest\u00e3o documental do Estado, pois passar\u00e1 a exercer controle sobre todas as vari\u00e1veis do processo: tempo\u2026","rel":"","context":"Em &quot;Not\u00edcias&quot;","block_context":{"text":"Not\u00edcias","link":"https:\/\/mundobibliotecario.com.br\/index.php\/category\/noticias\/"},"img":{"alt_text":"","src":"","width":0,"height":0},"classes":[]},{"id":1416,"url":"https:\/\/mundobibliotecario.com.br\/index.php\/2010\/08\/18\/apcbh-promove-o-8%c2%ba-seminario-de-gestao-de-documentos\/","url_meta":{"origin":5010,"position":4},"title":"APCBH promove o 8\u00ba Semin\u00e1rio de Gest\u00e3o de Documentos","author":"mundobibliotecario","date":"18\/08\/2010","format":false,"excerpt":"A Prefeitura de Belo Horizonte, por meio da Funda\u00e7\u00e3o Municipal de Cultura e do Arquivo P\u00fablico da Cidade de Belo Horizonte, promove o 8\u00ba Semin\u00e1rio de Gest\u00e3o de Documentos: Gest\u00e3o e Preserva\u00e7\u00e3o de Fotografias Digitais. O objetivo \u00e9 debater, com especialistas e profissionais, a gest\u00e3o e preserva\u00e7\u00e3o dos acervos arquiv\u00edsticos,\u2026","rel":"","context":"Em &quot;Eventos&quot;","block_context":{"text":"Eventos","link":"https:\/\/mundobibliotecario.com.br\/index.php\/category\/eventos\/"},"img":{"alt_text":"","src":"","width":0,"height":0},"classes":[]},{"id":1388,"url":"https:\/\/mundobibliotecario.com.br\/index.php\/2010\/07\/26\/centros-para-recuperar-a-memoria-corporativa-criam-oportunidades\/","url_meta":{"origin":5010,"position":5},"title":"Centros para recuperar a mem\u00f3ria corporativa criam oportunidades","author":"mundobibliotecario","date":"26\/07\/2010","format":false,"excerpt":"Mercado de trabalho: Empresas investem na valoriza\u00e7\u00e3o de seu patrim\u00f4nio cultural e contratam profissionais especializados em museologia, hist\u00f3ria, arquivologia e biblioteconomia. Por Jacilio Saraiva, para o Valor, de S\u00e3o Paulo 23\/07\/2010 Cada vez mais empresas t\u00eam se preocupado em criar centros de mem\u00f3ria para guardar documentos, objetos, fotos e imagens\u2026","rel":"","context":"Em &quot;Not\u00edcias&quot;","block_context":{"text":"Not\u00edcias","link":"https:\/\/mundobibliotecario.com.br\/index.php\/category\/noticias\/"},"img":{"alt_text":"","src":"","width":0,"height":0},"classes":[]}],"jetpack_likes_enabled":true,"jetpack_shortlink":"https:\/\/wp.me\/pcbzwa-1iO","_links":{"self":[{"href":"https:\/\/mundobibliotecario.com.br\/index.php\/wp-json\/wp\/v2\/posts\/5010","targetHints":{"allow":["GET"]}}],"collection":[{"href":"https:\/\/mundobibliotecario.com.br\/index.php\/wp-json\/wp\/v2\/posts"}],"about":[{"href":"https:\/\/mundobibliotecario.com.br\/index.php\/wp-json\/wp\/v2\/types\/post"}],"author":[{"embeddable":true,"href":"https:\/\/mundobibliotecario.com.br\/index.php\/wp-json\/wp\/v2\/users\/1"}],"replies":[{"embeddable":true,"href":"https:\/\/mundobibliotecario.com.br\/index.php\/wp-json\/wp\/v2\/comments?post=5010"}],"version-history":[{"count":0,"href":"https:\/\/mundobibliotecario.com.br\/index.php\/wp-json\/wp\/v2\/posts\/5010\/revisions"}],"wp:attachment":[{"href":"https:\/\/mundobibliotecario.com.br\/index.php\/wp-json\/wp\/v2\/media?parent=5010"}],"wp:term":[{"taxonomy":"category","embeddable":true,"href":"https:\/\/mundobibliotecario.com.br\/index.php\/wp-json\/wp\/v2\/categories?post=5010"},{"taxonomy":"post_tag","embeddable":true,"href":"https:\/\/mundobibliotecario.com.br\/index.php\/wp-json\/wp\/v2\/tags?post=5010"}],"curies":[{"name":"wp","href":"https:\/\/api.w.org\/{rel}","templated":true}]}}