{"id":5015,"date":"2018-10-22T16:00:01","date_gmt":"2018-10-22T19:00:01","guid":{"rendered":"http:\/\/mundobibliotecario.com.br\/?p=5015"},"modified":"2020-07-21T23:54:20","modified_gmt":"2020-07-22T02:54:20","slug":"concurso-para-bibliotecario-na-unicamp-2018","status":"publish","type":"post","link":"https:\/\/mundobibliotecario.com.br\/index.php\/2018\/10\/22\/concurso-para-bibliotecario-na-unicamp-2018\/","title":{"rendered":"Concurso para bibliotec\u00e1rio na Unicamp &#8211; 2018"},"content":{"rendered":"<p>A Unicamp realizar\u00e1 concurso para uma vaga de bibliotec\u00e1rio.<\/p>\n<p>O concurso ser\u00e1 realizado pela Vunesp e o edital est\u00e1 dispon\u00edvel em\u00a0<a href=\"https:\/\/documento.vunesp.com.br\/documento\/stream\/ODI5NDk0\">https:\/\/documento.vunesp.com.br\/documento\/stream\/ODI5NDk0<\/a><\/p>\n<p><strong>Inscri\u00e7\u00f5es:<\/strong>\u00a0das 10 horas de 25 de outubro \u00e0s 17 horas de 26 de novembro de 2018<br \/>\n(hor\u00e1rio oficial de Bras\u00edlia), exclusivamente pela internet, no site <a href=\"http:\/\/www.vunesp.com.br\">www.vunesp.com.br<\/a><\/p>\n<p><strong>Valor da taxa de inscri\u00e7\u00e3o:<\/strong> R$ 150,00<\/p>\n<p><strong>Provas:<\/strong> objetiva (portugu\u00eas, atualidades, inform\u00e1tica, ingl\u00eas e conhecimentos espec\u00edficos) e dissertativa<\/p>\n<p><strong>Data das provas:<\/strong> 20 de janeiro de 2019 (manh\u00e3) em Campinas (SP)<\/p>\n<p><strong>Sal\u00e1rio inicial:<\/strong> R$ 6.156,29<\/p>\n<p>&nbsp;<\/p>\n<p>***<\/p>\n<p>&nbsp;<\/p>\n<p><strong>B\u00d4NUS!<\/strong><\/p>\n<p>Dois sites que todo bibliotec\u00e1rio e concurseiro precisa acompanhar!<\/p>\n<p>Santa Biblioteconomia<\/p>\n<p><a href=\"http:\/\/biblioconcursos.com.br\/\">Biblio Concursos<\/a><\/p>\n","protected":false},"excerpt":{"rendered":"<p>A Unicamp realizar\u00e1 concurso para uma vaga de bibliotec\u00e1rio. O concurso ser\u00e1 realizado pela Vunesp e o edital est\u00e1 dispon\u00edvel em\u00a0https:\/\/documento.vunesp.com.br\/documento\/stream\/ODI5NDk0 Inscri\u00e7\u00f5es:\u00a0das 10 horas de 25 de outubro \u00e0s 17 horas de 26 de novembro de 2018 (hor\u00e1rio oficial de Bras\u00edlia), exclusivamente pela internet, no site www.vunesp.com.br Valor da taxa de inscri\u00e7\u00e3o: R$ 150,00 Provas: &#8230; <a title=\"Concurso para bibliotec\u00e1rio na Unicamp &#8211; 2018\" class=\"read-more\" href=\"https:\/\/mundobibliotecario.com.br\/index.php\/2018\/10\/22\/concurso-para-bibliotecario-na-unicamp-2018\/\" aria-label=\"Read more about Concurso para bibliotec\u00e1rio na Unicamp &#8211; 2018\">Ler mais<\/a><\/p>\n","protected":false},"author":1,"featured_media":0,"comment_status":"open","ping_status":"open","sticky":false,"template":"","format":"standard","meta":{"_mi_skip_tracking":false,"_exactmetrics_sitenote_active":false,"_exactmetrics_sitenote_note":"","_exactmetrics_sitenote_category":0,"_jetpack_newsletter_access":"","footnotes":""},"categories":[60],"tags":[36,655,231],"class_list":["post-5015","post","type-post","status-publish","format-standard","hentry","category-noticias","tag-bibliotecario","tag-concurso-2","tag-unicamp"],"jetpack_featured_media_url":"","jetpack_sharing_enabled":true,"jetpack-related-posts":[{"id":1163,"url":"https:\/\/mundobibliotecario.com.br\/index.php\/2010\/03\/13\/concurso-unicamp-bibliotecario-e-tecnico-em-biblioteconomia\/","url_meta":{"origin":5015,"position":0},"title":"Concurso Unicamp &#8211; Bibliotec\u00e1rio e T\u00e9cnico em Biblioteconomia","author":"mundobibliotecario","date":"13\/03\/2010","format":false,"excerpt":"Seguem os links dos editais de Concurso na Unicamp : Bibliotec\u00e1rio 20 h\/semanais R$ 1.582,74 http:\/\/www.siarh.unicamp.br\/concurso\/VerEdital.jsf?anocon=2010&numcon=19&tipedi=1&seqtip=1 T\u00e9cnico em Biblioteconomia 40h\/semanais R$ 1.678,69 http:\/\/www.siarh.unicamp.br\/concurso\/VerEdital.jsf?anocon=2010&numcon=7&tipedi=1&seqtip=1","rel":"","context":"Em &quot;Concurso&quot;","block_context":{"text":"Concurso","link":"https:\/\/mundobibliotecario.com.br\/index.php\/category\/concurso\/"},"img":{"alt_text":"","src":"","width":0,"height":0},"classes":[]},{"id":565,"url":"https:\/\/mundobibliotecario.com.br\/index.php\/2009\/04\/16\/concurso-unicamp\/","url_meta":{"origin":5015,"position":1},"title":"Concurso &#8211; UNICAMP","author":"mundobibliotecario","date":"16\/04\/2009","format":false,"excerpt":"A UNICAMP est\u00e1 com concurso aberto para contrata\u00e7\u00e3o de bibliotec\u00e1rio. As inscri\u00e7\u00f5es podem ser realizadas de 13\/4 a 17\/4. Informa\u00e7\u00f5es completas podem ser acessadas aqui.","rel":"","context":"Em &quot;Concurso&quot;","block_context":{"text":"Concurso","link":"https:\/\/mundobibliotecario.com.br\/index.php\/category\/concurso\/"},"img":{"alt_text":"","src":"","width":0,"height":0},"classes":[]},{"id":1836,"url":"https:\/\/mundobibliotecario.com.br\/index.php\/2011\/03\/04\/processo-seletivo-temporario-para-bibliotecario-na-unicamp\/","url_meta":{"origin":5015,"position":2},"title":"Processo seletivo tempor\u00e1rio para bibliotec\u00e1rio na Unicamp","author":"mundobibliotecario","date":"04\/03\/2011","format":false,"excerpt":"As inscri\u00e7\u00f5es ocorrem de 10 a 16 de mar\u00e7o de 2011. Confira o edital!","rel":"","context":"Em &quot;Concurso&quot;","block_context":{"text":"Concurso","link":"https:\/\/mundobibliotecario.com.br\/index.php\/category\/concurso\/"},"img":{"alt_text":"","src":"","width":0,"height":0},"classes":[]},{"id":5434,"url":"https:\/\/mundobibliotecario.com.br\/index.php\/2020\/01\/02\/perspectivas-dos-concursos-de-biblioteconomia-em-2020\/","url_meta":{"origin":5015,"position":3},"title":"Perspectivas dos concursos de Biblioteconomia em 2020","author":"mundobibliotecario","date":"02\/01\/2020","format":false,"excerpt":"Segundo a Profa. Ana Patr\u00edcia Guimar\u00e3es, em 2019 houve mais de 60 vagas para bibliotec\u00e1rio, sendo 40 para universidades e institutos federais. Al\u00e9m disso, ela tamb\u00e9m verificou que houve editais de prefeituras com altos sal\u00e1rios e poucos editais no Poder Judici\u00e1rio. Fonte: Flickr Nesse ano, os cinco melhores sal\u00e1rios foram:\u2026","rel":"","context":"Em &quot;Not\u00edcias&quot;","block_context":{"text":"Not\u00edcias","link":"https:\/\/mundobibliotecario.com.br\/index.php\/category\/noticias\/"},"img":{"alt_text":"","src":"","width":0,"height":0},"classes":[]},{"id":1544,"url":"https:\/\/mundobibliotecario.com.br\/index.php\/2010\/11\/05\/concurso-para-bibliotecario-2\/","url_meta":{"origin":5015,"position":4},"title":"Concurso para bibliotec\u00e1rio","author":"mundobibliotecario","date":"05\/11\/2010","format":false,"excerpt":"Prefeitura de Caraguatatuba - SP Inscri\u00e7\u00f5es: 25 de outubro a 08 de novembro de 2010. Remunera\u00e7\u00e3o: R$ 1.627,17 Vagas: 01 Taxa: R$ 60,00 Data prevista para a prova: 12\/12\/2010 Site: www.fadems.org.br\/","rel":"","context":"Em &quot;Concurso&quot;","block_context":{"text":"Concurso","link":"https:\/\/mundobibliotecario.com.br\/index.php\/category\/concurso\/"},"img":{"alt_text":"","src":"","width":0,"height":0},"classes":[]},{"id":4177,"url":"https:\/\/mundobibliotecario.com.br\/index.php\/2016\/01\/07\/concurso-para-bibliotecario-e-auxiliar-de-biblioteca-no-ifsp\/","url_meta":{"origin":5015,"position":5},"title":"Concurso para bibliotec\u00e1rio e auxiliar de biblioteca no IFSP","author":"mundobibliotecario","date":"07\/01\/2016","format":false,"excerpt":"Profissionais com n\u00edveis Fundamental, M\u00e9dio e Superior podem participar. Concursos \u203a Not\u00edcias \u203a Sudeste Ter\u00e7a-feira, 29 de dezembro de 2015 \u00e0s 10h32 Um novo Concurso P\u00fablico foi anunciado pelo Instituto Federal de Educa\u00e7\u00e3o, Ci\u00eancia e Tecnologia de S\u00e3o Paulo (IFSP). O objetivo \u00e9 o provimento de novas vagas de n\u00edveis\u2026","rel":"","context":"Em &quot;Concurso&quot;","block_context":{"text":"Concurso","link":"https:\/\/mundobibliotecario.com.br\/index.php\/category\/concurso\/"},"img":{"alt_text":"","src":"","width":0,"height":0},"classes":[]}],"jetpack_likes_enabled":true,"jetpack_shortlink":"https:\/\/wp.me\/pcbzwa-1iT","_links":{"self":[{"href":"https:\/\/mundobibliotecario.com.br\/index.php\/wp-json\/wp\/v2\/posts\/5015","targetHints":{"allow":["GET"]}}],"collection":[{"href":"https:\/\/mundobibliotecario.com.br\/index.php\/wp-json\/wp\/v2\/posts"}],"about":[{"href":"https:\/\/mundobibliotecario.com.br\/index.php\/wp-json\/wp\/v2\/types\/post"}],"author":[{"embeddable":true,"href":"https:\/\/mundobibliotecario.com.br\/index.php\/wp-json\/wp\/v2\/users\/1"}],"replies":[{"embeddable":true,"href":"https:\/\/mundobibliotecario.com.br\/index.php\/wp-json\/wp\/v2\/comments?post=5015"}],"version-history":[{"count":1,"href":"https:\/\/mundobibliotecario.com.br\/index.php\/wp-json\/wp\/v2\/posts\/5015\/revisions"}],"predecessor-version":[{"id":7229,"href":"https:\/\/mundobibliotecario.com.br\/index.php\/wp-json\/wp\/v2\/posts\/5015\/revisions\/7229"}],"wp:attachment":[{"href":"https:\/\/mundobibliotecario.com.br\/index.php\/wp-json\/wp\/v2\/media?parent=5015"}],"wp:term":[{"taxonomy":"category","embeddable":true,"href":"https:\/\/mundobibliotecario.com.br\/index.php\/wp-json\/wp\/v2\/categories?post=5015"},{"taxonomy":"post_tag","embeddable":true,"href":"https:\/\/mundobibliotecario.com.br\/index.php\/wp-json\/wp\/v2\/tags?post=5015"}],"curies":[{"name":"wp","href":"https:\/\/api.w.org\/{rel}","templated":true}]}}