{"id":509,"date":"2009-04-03T14:37:35","date_gmt":"2009-04-03T17:37:35","guid":{"rendered":"http:\/\/mundobibliotecario.wordpress.com\/?p=509"},"modified":"2020-07-21T23:23:13","modified_gmt":"2020-07-22T02:23:13","slug":"wikishop-em-junho-em-brasilia-sobre-governo-20","status":"publish","type":"post","link":"https:\/\/mundobibliotecario.com.br\/index.php\/2009\/04\/03\/wikishop-em-junho-em-brasilia-sobre-governo-20\/","title":{"rendered":"Wikishop em Junho, em Bras\u00edlia, sobre Governo 2.0"},"content":{"rendered":"<p>Repassando mensagem recebida por e-mail&#8230;<\/p>\n<p>Pessoal,<br \/>\nEst\u00e1 agendado para Junho, inscri\u00e7\u00f5es j\u00e1 abertas&#8230;<\/p>\n<p>Mais detalhes aqui.<\/p>\n<p><a rel=\"nofollow noopener noreferrer\" href=\"http:\/\/nepo.com.br\/2008\/12\/10\/o-final-do-wikishop-em-brasilia\/\" target=\"_blank\">Veja o \u00faltimo que fiz no mesmo estilo ano passado.<\/a><\/p>\n<p>E a avalia\u00e7\u00e3o dos alunos direto no Gengibre.<\/p>\n<p>Nos vemos l\u00e1!!!<br \/>\nNepomuceno<br \/>\nBlog: <a rel=\"nofollow noopener noreferrer\" href=\"http:\/\/www.nepo.com.br\/\" target=\"_blank\">www.nepo.com. br<br \/>\n<\/a>twitter: cnepomuceno<br \/>\nskype: cnepomuceno1<\/p>\n","protected":false},"excerpt":{"rendered":"<p>Repassando mensagem recebida por e-mail&#8230; Pessoal, Est\u00e1 agendado para Junho, inscri\u00e7\u00f5es j\u00e1 abertas&#8230; Mais detalhes aqui. Veja o \u00faltimo que fiz no mesmo estilo ano passado. E a avalia\u00e7\u00e3o dos alunos direto no Gengibre. Nos vemos l\u00e1!!! Nepomuceno Blog: www.nepo.com. br twitter: cnepomuceno skype: cnepomuceno1<\/p>\n","protected":false},"author":1,"featured_media":0,"comment_status":"open","ping_status":"open","sticky":false,"template":"","format":"standard","meta":{"_mi_skip_tracking":false,"_exactmetrics_sitenote_active":false,"_exactmetrics_sitenote_note":"","_exactmetrics_sitenote_category":0,"_jetpack_newsletter_access":"","footnotes":""},"categories":[27],"tags":[331,1540,333],"class_list":["post-509","post","type-post","status-publish","format-standard","hentry","category-eventos","tag-brasilia","tag-governo-2-0","tag-wikishop"],"jetpack_featured_media_url":"","jetpack_sharing_enabled":true,"jetpack-related-posts":[{"id":2026,"url":"https:\/\/mundobibliotecario.com.br\/index.php\/2011\/05\/16\/curso-unidades-de-informacao-na-web-2-0-conceitos-estrategias-e-praticas\/","url_meta":{"origin":509,"position":0},"title":"Curso &#8220;Unidades de informa\u00e7\u00e3o na web 2.0: conceitos, estrat\u00e9gias e pr\u00e1ticas&#8221;","author":"mundobibliotecario","date":"16\/05\/2011","format":false,"excerpt":"Ap\u00f3s um ano de sucesso em sua vers\u00e3o on-line, agora tamb\u00e9m presencial! Instrutoras: Renate Landshoff e Suely de Brito Clemente Soares Data: 21 e 22 de junho de 2011 (ter\u00e7a e quarta-feira) Hor\u00e1rio: 8h30 \u00e0s 12h30 \u2013 14h \u00e0s 18h Local: Av. Paulista 807 \u2013 18\u00ba andar. Pr\u00f3ximo \u00e0 esta\u00e7\u00e3o\u2026","rel":"","context":"Em &quot;Curso&quot;","block_context":{"text":"Curso","link":"https:\/\/mundobibliotecario.com.br\/index.php\/category\/curso\/"},"img":{"alt_text":"","src":"","width":0,"height":0},"classes":[]},{"id":4877,"url":"https:\/\/mundobibliotecario.com.br\/index.php\/2011\/05\/16\/curso-unidades-de-informacao-na-web-2-0-conceitos-estrategias-e-praticas-2\/","url_meta":{"origin":509,"position":1},"title":"Curso &quot;Unidades de informa\u00e7\u00e3o na web 2.0: conceitos, estrat\u00e9gias e pr\u00e1ticas&quot;","author":"mundobibliotecario","date":"16\/05\/2011","format":false,"excerpt":"Ap\u00f3s um ano de sucesso em sua vers\u00e3o on-line, agora tamb\u00e9m presencial! Instrutoras: Renate Landshoff e Suely de Brito Clemente Soares Data: 21 e 22 de junho de 2011 (ter\u00e7a e quarta-feira) Hor\u00e1rio: 8h30 \u00e0s 12h30 \u2013 14h \u00e0s 18h Local: Av. Paulista 807 \u2013 18\u00ba andar. Pr\u00f3ximo \u00e0 esta\u00e7\u00e3o\u2026","rel":"","context":"Em &quot;Curso&quot;","block_context":{"text":"Curso","link":"https:\/\/mundobibliotecario.com.br\/index.php\/category\/curso\/"},"img":{"alt_text":"","src":"","width":0,"height":0},"classes":[]},{"id":4880,"url":"https:\/\/mundobibliotecario.com.br\/index.php\/2011\/05\/16\/curso-unidades-de-informacao-na-web-2-0-conceitos-estrategias-e-praticas-2-2\/","url_meta":{"origin":509,"position":2},"title":"Curso &#034;Unidades de informa\u00e7\u00e3o na web 2.0: conceitos, estrat\u00e9gias e pr\u00e1ticas&#034;","author":"mundobibliotecario","date":"16\/05\/2011","format":false,"excerpt":"Ap\u00f3s um ano de sucesso em sua vers\u00e3o on-line, agora tamb\u00e9m presencial! Instrutoras: Renate Landshoff e Suely de Brito Clemente Soares Data: 21 e 22 de junho de 2011 (ter\u00e7a e quarta-feira) Hor\u00e1rio: 8h30 \u00e0s 12h30 \u2013 14h \u00e0s 18h Local: Av. Paulista 807 \u2013 18\u00ba andar. Pr\u00f3ximo \u00e0 esta\u00e7\u00e3o\u2026","rel":"","context":"Em &quot;Curso&quot;","block_context":{"text":"Curso","link":"https:\/\/mundobibliotecario.com.br\/index.php\/category\/curso\/"},"img":{"alt_text":"","src":"","width":0,"height":0},"classes":[]},{"id":287,"url":"https:\/\/mundobibliotecario.com.br\/index.php\/2009\/01\/13\/palestra-a-internet-e-a-web-20\/","url_meta":{"origin":509,"position":3},"title":"Palestra &quot;A Internet e a Web 2.0&quot;","author":"mundobibliotecario","date":"13\/01\/2009","format":false,"excerpt":"Palestrante: Ms. Wendy Zaman \u2013 Diretora Geral dos Centros de Pesquisa da Embaixada dos Estados Unidos no Brasil, Col\u00f4mbia, Paraguai e Venezuela. Dia: 16\/01\/2009 (sexta-feira) Hor\u00e1rio: 09:00 \u00e0s 11:00 Local: Audit\u00f3rio da Biblioteca P\u00fablica Luiz de Bessa \u2013 Pra\u00e7a da Liberdade \u2013 n\u00ba 21 Entrada franca \u00a0 \u00a0 Para maiores\u2026","rel":"","context":"Em &quot;Eventos&quot;","block_context":{"text":"Eventos","link":"https:\/\/mundobibliotecario.com.br\/index.php\/category\/eventos\/"},"img":{"alt_text":"","src":"","width":0,"height":0},"classes":[]},{"id":4836,"url":"https:\/\/mundobibliotecario.com.br\/index.php\/2009\/01\/13\/palestra-a-internet-e-a-web-20-2\/","url_meta":{"origin":509,"position":4},"title":"Palestra &#034;A Internet e a Web 2.0&#034;","author":"mundobibliotecario","date":"13\/01\/2009","format":false,"excerpt":"Palestrante: Ms. Wendy Zaman \u2013 Diretora Geral dos Centros de Pesquisa da Embaixada dos Estados Unidos no Brasil, Col\u00f4mbia, Paraguai e Venezuela. Dia: 16\/01\/2009 (sexta-feira) Hor\u00e1rio: 09:00 \u00e0s 11:00 Local: Audit\u00f3rio da Biblioteca P\u00fablica Luiz de Bessa \u2013 Pra\u00e7a da Liberdade \u2013 n\u00ba 21 Entrada franca \u00a0 \u00a0 Para maiores\u2026","rel":"","context":"Em &quot;Eventos&quot;","block_context":{"text":"Eventos","link":"https:\/\/mundobibliotecario.com.br\/index.php\/category\/eventos\/"},"img":{"alt_text":"","src":"","width":0,"height":0},"classes":[]},{"id":1400,"url":"https:\/\/mundobibliotecario.com.br\/index.php\/2010\/08\/04\/cursos-online-para-profissionais-da-informacao\/","url_meta":{"origin":509,"position":5},"title":"Cursos online para profissionais da informa\u00e7\u00e3o","author":"mundobibliotecario","date":"04\/08\/2010","format":false,"excerpt":"A ContentMind, em parceria com a Profa.Suely de Brito Clemente Soares, desenvolveu o \u201cPrograma de Educa\u00e7\u00e3o Continuada On-line para Profissionais da Informa\u00e7\u00e3o\u201d. Os dois primeiros cursos dispon\u00edveis s\u00e3o \u201cWeb 2.0 e o que \u00e9 Ser 2.0: fundamentos, ferramentas e principais aplica\u00e7\u00f5es\u201d e \u201cGest\u00e3o de Pessoas em Unidades de Informa\u00e7\u00e3o\u201d. Assista\u2026","rel":"","context":"Em &quot;Curso&quot;","block_context":{"text":"Curso","link":"https:\/\/mundobibliotecario.com.br\/index.php\/category\/curso\/"},"img":{"alt_text":"","src":"","width":0,"height":0},"classes":[]}],"jetpack_likes_enabled":true,"jetpack_shortlink":"https:\/\/wp.me\/pcbzwa-8d","_links":{"self":[{"href":"https:\/\/mundobibliotecario.com.br\/index.php\/wp-json\/wp\/v2\/posts\/509","targetHints":{"allow":["GET"]}}],"collection":[{"href":"https:\/\/mundobibliotecario.com.br\/index.php\/wp-json\/wp\/v2\/posts"}],"about":[{"href":"https:\/\/mundobibliotecario.com.br\/index.php\/wp-json\/wp\/v2\/types\/post"}],"author":[{"embeddable":true,"href":"https:\/\/mundobibliotecario.com.br\/index.php\/wp-json\/wp\/v2\/users\/1"}],"replies":[{"embeddable":true,"href":"https:\/\/mundobibliotecario.com.br\/index.php\/wp-json\/wp\/v2\/comments?post=509"}],"version-history":[{"count":3,"href":"https:\/\/mundobibliotecario.com.br\/index.php\/wp-json\/wp\/v2\/posts\/509\/revisions"}],"predecessor-version":[{"id":6423,"href":"https:\/\/mundobibliotecario.com.br\/index.php\/wp-json\/wp\/v2\/posts\/509\/revisions\/6423"}],"wp:attachment":[{"href":"https:\/\/mundobibliotecario.com.br\/index.php\/wp-json\/wp\/v2\/media?parent=509"}],"wp:term":[{"taxonomy":"category","embeddable":true,"href":"https:\/\/mundobibliotecario.com.br\/index.php\/wp-json\/wp\/v2\/categories?post=509"},{"taxonomy":"post_tag","embeddable":true,"href":"https:\/\/mundobibliotecario.com.br\/index.php\/wp-json\/wp\/v2\/tags?post=509"}],"curies":[{"name":"wp","href":"https:\/\/api.w.org\/{rel}","templated":true}]}}