{"id":5094,"date":"2019-01-10T16:00:03","date_gmt":"2019-01-10T18:00:03","guid":{"rendered":"http:\/\/mundobibliotecario.com.br\/?p=5094"},"modified":"2020-07-21T23:25:41","modified_gmt":"2020-07-22T02:25:41","slug":"bibliotecas-publicas-de-18-municipios-serao-modernizadas-com-apoio-do-governo-federal","status":"publish","type":"post","link":"https:\/\/mundobibliotecario.com.br\/index.php\/2019\/01\/10\/bibliotecas-publicas-de-18-municipios-serao-modernizadas-com-apoio-do-governo-federal\/","title":{"rendered":"Bibliotecas p\u00fablicas de 18 munic\u00edpios ser\u00e3o modernizadas com apoio do governo federal"},"content":{"rendered":"<header class=\"entry-header\">Vencedoras do Edital de Bibliotecas Digitais 2018, institui\u00e7\u00f5es de sete unidades federativas de todas as regi\u00f5es do Pa\u00eds receber\u00e3o R$ 100 mil<\/header>\n<header class=\"entry-header\">\n<div class=\"date-box mb-4\">publicado: 09\/01\/2019 17h03, \u00faltima modifica\u00e7\u00e3o: 09\/01\/2019 19h24<\/div>\n<\/header>\n<div class=\"entry-content position-relative\">\n<p>As comunidades de 18 munic\u00edpios de sete unidades federativas das cinco regi\u00f5es do Pa\u00eds passar\u00e3o a ter acesso a bibliotecas p\u00fablicas com mobili\u00e1rio e equipamentos modernos, al\u00e9m de licen\u00e7as de livros digitais. Em dezembro, 18 conv\u00eanios com o Minist\u00e9rio da Cultura, agora Secretaria Especial da Cultura do Minist\u00e9rio da Cidadania, foram assinados com 14 prefeituras e quatro secretarias de Cultura. O objetivo \u00e9 a implanta\u00e7\u00e3o de bibliotecas digitais dentro das bibliotecas p\u00fablicas cujos projetos foram selecionados no Edital de Bibliotecas Digitais 2018. A parceria estipula o repasse de R$ 100 mil da Secretaria Especial da Cultura. A prefeitura entrar\u00e1 com a contrapartida de R$ 25 mil.<\/p>\n<p>S\u00f3 no Rio Grande do Sul, quatro munic\u00edpios foram contemplados \u2013 Gravata\u00ed, Gramado, Bento Gon\u00e7alves e Campo Bom. No Cear\u00e1, outros quatro ser\u00e3o beneficiados: Cedro, S\u00e3o Benedito, Iguatu e Pentecoste. No estado de S\u00e3o Paulo, foram contemplados Itapetininga, S\u00e3o Caetano do Sul, Itanha\u00e9m e S\u00e3o Carlos. Em Minas Gerais, Belo Horizonte, Juiz de Fora e Bom Despacho receber\u00e3o o recurso. Tamb\u00e9m ser\u00e3o beneficiados Cuiab\u00e1 (MT), Bel\u00e9m (PA) e Bras\u00edlia (DF).<\/p>\n<p>O objetivo do edital \u00e9 estimular a leitura e promover a inclus\u00e3o digital, ao criar um ambiente adequado para potencializar a\u00e7\u00f5es de utiliza\u00e7\u00e3o de tecnologias de informa\u00e7\u00e3o e comunica\u00e7\u00e3o (TICs).<\/p>\n<p>Entre os vencedores, h\u00e1 uma diversidade de perfis: cidades situadas em regi\u00f5es centrais e outras no interior; h\u00e1 algumas com popula\u00e7\u00e3o de maior e outras de menor poder aquisitivo e com bibliotecas que nunca receberam apoio em editais e outras que est\u00e3o continuamente buscando recursos em editais para se manterem.<\/p>\n<h3><\/h3>\n<h3>Inclus\u00e3o digital<\/h3>\n<p>Em S\u00e3o Carlos, no interior paulista, \u00e9 grande a expectativa para concretizar o projeto, como conta o bibliotec\u00e1rio e respons\u00e1vel pelo Sistema Municipal de Bibliotecas P\u00fablicas da cidade, Marcos Teruo Ouchi. \u201cJ\u00e1 queremos iniciar em janeiro as licita\u00e7\u00f5es. N\u00f3s trabalhamos com duas propostas. Num primeiro momento, haver\u00e1 um \u2018tour\u2019 com exemplares novos (de livros digitais) entre as unidades, junto com um momento de instru\u00e7\u00e3o do uso dos leitores digitais, e uma mostra do panorama do livro f\u00edsico ao digital para inserir o p\u00fablico nessas tecnologias\u201d, explicou.<\/p>\n<p>Segundo ele, em uma segunda fase, as 100 unidades de leitores digitais, que ser\u00e3o compradas, ser\u00e3o divididas entre as bibliotecas da cidade. \u201cA ideia \u00e9 que cada uma delas tamb\u00e9m receba parte do mobili\u00e1rio. Nesses novos ambientes incorporaremos outros projetos de leitura. Queremos que o p\u00fablico possa contar com tudo isso at\u00e9 o final de 2019\u201d, estimou.<\/p>\n<p>De acordo com Ouchi, as 12 unidades mantidas pela Prefeitura \u2013 entre elas tr\u00eas bibliotecas p\u00fablicas municipais, oito escolas do futuro e uma biblioteca voltada a deficientes visuais \u2013 ser\u00e3o beneficiadas com os recursos do edital.<br \/>\nCom uma popula\u00e7\u00e3o de 249.415 habitantes, S\u00e3o Carlos \u00e9 a 13\u00aa maior cidade do interior em n\u00famero de habitantes e se orgulha pela import\u00e2ncia que d\u00e1 para a educa\u00e7\u00e3o. Prova disso \u00e9 um t\u00edtulo revelado em 2006 pela Universidade Federal de S\u00e3o Carlos (UFScar), \u201co de ter o maior n\u00famero de pessoas com doutorado por habitante da Am\u00e9rica do Sul\u201d. Na \u00e9poca, eram 1,7 mil doutores, o equivalente a um doutor para cada 135 habitantes, enquanto no restante do Brasil, a rela\u00e7\u00e3o era um para cada 5.423 habitantes.<\/p>\n<p>A Biblioteca Municipal C\u00e2ndido Acr\u00edsio da Costa, de Cedro (CE), receber\u00e1 pela primeira vez uma ajuda federal por meio de um edital. O recurso extra ser\u00e1 de grande import\u00e2ncia para modernizar a unidade, como explica a secret\u00e1ria municipal de Cultura de Cedro (CE), Maria Aparecida de Souza Evangelista, respons\u00e1vel pelo espa\u00e7o.\u201cSabemos que vai ser muito importante para os alunos do munic\u00edpio terem uma biblioteca moderna\u201d, afirmou a secret\u00e1ria.<\/p>\n<p>Localizada a cerca de 400 km da capital Fortaleza, Cedro conta com popula\u00e7\u00e3o de 24.257 habitantes, segundo \u00faltimo Censo do Instituto Brasileiro de Geografia e Estat\u00edstica (IBGE), sendo que 27% da popula\u00e7\u00e3o est\u00e1 em extrema pobreza. A biblioteca municipal dever\u00e1 ter a parceria com o Instituto Federal do Cear\u00e1, no fornecimento de alunos para ministrar cursos e oficinas na inclus\u00e3o digital de idosos. Al\u00e9m do novo espa\u00e7o com acervo digital, h\u00e1 um projeto de \u00f4nibus-biblioteca que circular\u00e1 uma vez por semana por seis meses em itiner\u00e1rio a ser previamente divulgado pela cidade.<\/p>\n<p>\u201cA nossa alegria foi muito grande do munic\u00edpio ser contemplado em um edital aberto para participa\u00e7\u00e3o do Brasil todo. S\u00f3 quatro venceram no Cear\u00e1 e o projeto de Cedro ficou em 1\u00ba lugar\u201d, destacou Maria Aparecida.<br \/>\nJ\u00e1 Gravata\u00ed, situada na Regi\u00e3o Metropolitana de Porto Alegre (RS), se destaca por ser uma cidade em expans\u00e3o e desenvolvimento. Est\u00e1 entre as dez cidades ga\u00fachas com a ind\u00fastria criativa de transforma\u00e7\u00e3o mais diversificada, ocupando a 5\u00aa posi\u00e7\u00e3o com 42 categorias de atividades da ind\u00fastria criativa, segundo estudo realizado em 2013 pela Funda\u00e7\u00e3o de Economia e Estat\u00edstica do Rio Grande do Sul.<\/p>\n<p>A Biblioteca P\u00fablica Municipal Monteiro Lobato, mantida pela Prefeitura Municipal da Secretaria Municipal de Cultura, Esporte e Lazer de Gravata\u00ed, tem se inscrito nos \u00faltimos anos em editais para garantir e ampliar a manuten\u00e7\u00e3o de a\u00e7\u00f5es que a institui\u00e7\u00e3o oferece.<br \/>\nDe acordo com Claudia Netto da Silva, uma das bibliotec\u00e1rias respons\u00e1veis pela unidade, a novidade ser\u00e1 em breve largamente divulgada na cidade. \u201cA nossa expectativa \u00e9 de poder oferecer um servi\u00e7o novo para os nossos usu\u00e1rios, tendo em vista o uso da tecnologia que ainda n\u00e3o t\u00ednhamos acesso. Tenho certeza que deve ter uma boa aceita\u00e7\u00e3o e uso nos nossos projetos sociais. Estamos muito felizes.\u201d, afirmou.<\/p>\n<p>Saiba mais\u00a0<a href=\"http:\/\/cultura.gov.br\/documentos\/leituragerafuturo-edital-1-bibliotecas-digitais-2018\/\" target=\"_blank\" rel=\"noreferrer noopener\" aria-label=\"Saiba mais sobre o edital. (opens in a new tab)\">sobre o edital<\/a>.<\/p>\n<p>Assessoria de Comunica\u00e7\u00e3o<br \/>\nSecretaria Especial da Cultura do Minist\u00e9rio da Cidadania<\/p>\n<p>Dispon\u00edvel em: &lt;<a href=\"http:\/\/cultura.gov.br\/bibliotecas-publicas-de-18-municipios-serao-modernizadas-com-apoio-do-governo-federal\/\">http:\/\/cultura.gov.br\/bibliotecas-publicas-de-18-municipios-serao-modernizadas-com-apoio-do-governo-federal\/<\/a>&gt;. Acesso em: 10 jan. 2019.<\/p>\n<\/div>\n","protected":false},"excerpt":{"rendered":"<p>Vencedoras do Edital de Bibliotecas Digitais 2018, institui\u00e7\u00f5es de sete unidades federativas de todas as regi\u00f5es do Pa\u00eds receber\u00e3o R$ 100 mil publicado: 09\/01\/2019 17h03, \u00faltima modifica\u00e7\u00e3o: 09\/01\/2019 19h24 As comunidades de 18 munic\u00edpios de sete unidades federativas das cinco regi\u00f5es do Pa\u00eds passar\u00e3o a ter acesso a bibliotecas p\u00fablicas com mobili\u00e1rio e equipamentos modernos, &#8230; <a title=\"Bibliotecas p\u00fablicas de 18 munic\u00edpios ser\u00e3o modernizadas com apoio do governo federal\" class=\"read-more\" href=\"https:\/\/mundobibliotecario.com.br\/index.php\/2019\/01\/10\/bibliotecas-publicas-de-18-municipios-serao-modernizadas-com-apoio-do-governo-federal\/\" aria-label=\"Read more about Bibliotecas p\u00fablicas de 18 munic\u00edpios ser\u00e3o modernizadas com apoio do governo federal\">Ler mais<\/a><\/p>\n","protected":false},"author":1,"featured_media":0,"comment_status":"open","ping_status":"open","sticky":false,"template":"","format":"standard","meta":{"_mi_skip_tracking":false,"_exactmetrics_sitenote_active":false,"_exactmetrics_sitenote_note":"","_exactmetrics_sitenote_category":0,"_jetpack_newsletter_access":"","footnotes":""},"categories":[60],"tags":[70,1626],"class_list":["post-5094","post","type-post","status-publish","format-standard","hentry","category-noticias","tag-biblioteca-publica","tag-modernizacao"],"jetpack_featured_media_url":"","jetpack_sharing_enabled":true,"jetpack-related-posts":[{"id":605,"url":"https:\/\/mundobibliotecario.com.br\/index.php\/2009\/05\/04\/todos-os-municipios-terao-biblioteca-publica-ate-julho\/","url_meta":{"origin":5094,"position":0},"title":"Todos os munic\u00edpios ter\u00e3o biblioteca p\u00fablica at\u00e9 julho","author":"mundobibliotecario","date":"04\/05\/2009","format":false,"excerpt":"Editado pela Secretaria de Comunica\u00e7\u00e3o Social da Presid\u00eancia da Rep\u00fablica N\u00ba 796 - Bras\u00edlia, 27 de Abril de 2009 Para abrir a primeira biblioteca p\u00fablica nas 661 cidades brasileiras que ainda n\u00e3o t\u00eam esse equipamento, o Minist\u00e9rio da Cultura, atrav\u00e9s do programa Mais Cultura, investe R$ 37,18 milh\u00f5es na aquisi\u00e7\u00e3o\u2026","rel":"","context":"Em &quot;Not\u00edcias&quot;","block_context":{"text":"Not\u00edcias","link":"https:\/\/mundobibliotecario.com.br\/index.php\/category\/noticias\/"},"img":{"alt_text":"","src":"","width":0,"height":0},"classes":[]},{"id":1017,"url":"https:\/\/mundobibliotecario.com.br\/index.php\/2009\/12\/17\/modernizacao-de-bibliotecas-publicas\/","url_meta":{"origin":5094,"position":1},"title":"Moderniza\u00e7\u00e3o de Bibliotecas P\u00fablicas","author":"mundobibliotecario","date":"17\/12\/2009","format":false,"excerpt":"Repassando e-mail recebido... Encaminhado informa\u00e7\u00e3o sobre o concurso p\u00fablico para moderniza\u00e7\u00e3o das bibliotecas p\u00fablicas, para quem ainda n\u00e3o ficou sabendo. O projeto visa selecionar 100 (cem) propostas de moderniza\u00e7\u00e3o de bibliotecas p\u00fablicas municipais provenientes de munic\u00edpios de at\u00e9 20.000 (vinte mil) habitantes. Segue os links: http:\/\/www.cultura.gov.br\/site\/wp-content\/uploads\/2009\/12\/edital-de-modernizacao-de-bibliotecas-publicas-2009-versao-final-3010091.pdf http:\/\/www.cultura.gov.br\/site\/2009\/12\/15\/edital -mais-cultura-de-modernizacao-de-bibliotecas-publicas-municipais\/ Disseminem em\u2026","rel":"","context":"Em &quot;Not\u00edcias&quot;","block_context":{"text":"Not\u00edcias","link":"https:\/\/mundobibliotecario.com.br\/index.php\/category\/noticias\/"},"img":{"alt_text":"","src":"","width":0,"height":0},"classes":[]},{"id":5225,"url":"https:\/\/mundobibliotecario.com.br\/index.php\/2019\/08\/16\/projeto-de-revitalizacao-de-bibliotecas-de-mt-e-unico-do-brasil-contemplado-em-edital-internacional\/","url_meta":{"origin":5094,"position":2},"title":"Projeto de revitaliza\u00e7\u00e3o de bibliotecas de MT \u00e9 \u00fanico do Brasil contemplado em edital internacional","author":"mundobibliotecario","date":"16\/08\/2019","format":false,"excerpt":"O prazo para execu\u00e7\u00e3o do projeto \u00e9 de 12 meses, a partir do recebimento do recurso O\u00a0projeto RevitaBibliotecas, do Sistema de Bibliotecas P\u00fablicas de Mato Grosso, foi o \u00fanico do pa\u00eds contemplado no edital do\u00a07\u00ba Concurso de Ajudas 2019, conduzido pelo Programa Ibero-Americano de Bibliotecas P\u00fablicas\u00a0(Iberbibliotecas). Com a premia\u00e7\u00e3o, quatro\u00a0bibliotecas\u2026","rel":"","context":"Em &quot;Not\u00edcias&quot;","block_context":{"text":"Not\u00edcias","link":"https:\/\/mundobibliotecario.com.br\/index.php\/category\/noticias\/"},"img":{"alt_text":"","src":"https:\/\/i0.wp.com\/painel.portalamazonia.com\/uploads\/RTEmagicC_livraria-mt2.jpg.jpg?resize=350%2C200","width":350,"height":200},"classes":[]},{"id":920,"url":"https:\/\/mundobibliotecario.com.br\/index.php\/2009\/10\/15\/telecentros-em-bibliotecas-publicas\/","url_meta":{"origin":5094,"position":3},"title":"Telecentros em bibliotecas p\u00fablicas","author":"mundobibliotecario","date":"15\/10\/2009","format":false,"excerpt":"Mensagem recebida por e-mail do Professor Murilo Bastos da Cunha... ************************************************************ BIBLIOTECAS P\u00daBLICAS RECEBEM TELECENTROS COMUNIT\u00c1RIOS Fonte: Portal da Inclus\u00e3o Digital. Data: 8\/10\/2009. Meta do governo \u00e9 equipar, com conex\u00e3o gratuita \u00e0 internet e terminais de computadores, 410 bibliotecas at\u00e9 o final de outubro.Os usu\u00e1rios de 403 bibliotecas p\u00fablicas de\u2026","rel":"","context":"Em &quot;Not\u00edcias&quot;","block_context":{"text":"Not\u00edcias","link":"https:\/\/mundobibliotecario.com.br\/index.php\/category\/noticias\/"},"img":{"alt_text":"","src":"","width":0,"height":0},"classes":[]},{"id":4031,"url":"https:\/\/mundobibliotecario.com.br\/index.php\/2015\/11\/03\/ministerio-publico-federal-ja-tem-sua-biblioteca-digital\/","url_meta":{"origin":5094,"position":4},"title":"Minist\u00e9rio P\u00fablico Federal j\u00e1 tem sua Biblioteca Digital","author":"mundobibliotecario","date":"03\/11\/2015","format":false,"excerpt":"Pesquisa Mundi - 15\/09\/2015 A Biblioteca Digital do Minist\u00e9rio P\u00fablico Federal (BDMPF) tem dois grandes objetivos. O primeiro \u00e9 reunir e disponibilizar a legisla\u00e7\u00e3o produzida por todas as unidades do Minist\u00e9rio P\u00fablico Federal (MPF) e pelo Conselho Nacional do Minist\u00e9rio P\u00fablico (CNMP). Ressalta-se que h\u00e1 acompanhamento di\u00e1rio das publica\u00e7\u00f5es oficiais.\u2026","rel":"","context":"Em &quot;Not\u00edcias&quot;","block_context":{"text":"Not\u00edcias","link":"https:\/\/mundobibliotecario.com.br\/index.php\/category\/noticias\/"},"img":{"alt_text":"","src":"","width":0,"height":0},"classes":[]},{"id":7793,"url":"https:\/\/mundobibliotecario.com.br\/index.php\/2020\/08\/18\/ministerio-publico-da-paraiba-recomenda-a-criacao-de-bibliotecas-escolares-em-municipio-da-grande-joao-pessoa\/","url_meta":{"origin":5094,"position":5},"title":"Minist\u00e9rio P\u00fablico da Para\u00edba recomenda a cria\u00e7\u00e3o de bibliotecas escolares em munic\u00edpio da Grande Jo\u00e3o Pessoa","author":"mundobibliotecario","date":"18\/08\/2020","format":false,"excerpt":"Recomenda\u00e7\u00e3o visa atender os dispositivos da lei 12.244 de 2010, que prev\u00ea a universaliza\u00e7\u00e3o das bibliotecas escolares Com base na Lei 12.244 de 2010, que prev\u00ea a universaliza\u00e7\u00e3o das bibliotecas escolares, a promotora de Justi\u00e7a Ana Caroline Almeida, do Minist\u00e9rio P\u00fablico da Para\u00edba, recomendou \u00e0 prefeitura de Bayeux, cidade da\u2026","rel":"","context":"Em &quot;Not\u00edcias&quot;","block_context":{"text":"Not\u00edcias","link":"https:\/\/mundobibliotecario.com.br\/index.php\/category\/noticias\/"},"img":{"alt_text":"","src":"","width":0,"height":0},"classes":[]}],"jetpack_likes_enabled":true,"jetpack_shortlink":"https:\/\/wp.me\/pcbzwa-1ka","_links":{"self":[{"href":"https:\/\/mundobibliotecario.com.br\/index.php\/wp-json\/wp\/v2\/posts\/5094","targetHints":{"allow":["GET"]}}],"collection":[{"href":"https:\/\/mundobibliotecario.com.br\/index.php\/wp-json\/wp\/v2\/posts"}],"about":[{"href":"https:\/\/mundobibliotecario.com.br\/index.php\/wp-json\/wp\/v2\/types\/post"}],"author":[{"embeddable":true,"href":"https:\/\/mundobibliotecario.com.br\/index.php\/wp-json\/wp\/v2\/users\/1"}],"replies":[{"embeddable":true,"href":"https:\/\/mundobibliotecario.com.br\/index.php\/wp-json\/wp\/v2\/comments?post=5094"}],"version-history":[{"count":1,"href":"https:\/\/mundobibliotecario.com.br\/index.php\/wp-json\/wp\/v2\/posts\/5094\/revisions"}],"predecessor-version":[{"id":6753,"href":"https:\/\/mundobibliotecario.com.br\/index.php\/wp-json\/wp\/v2\/posts\/5094\/revisions\/6753"}],"wp:attachment":[{"href":"https:\/\/mundobibliotecario.com.br\/index.php\/wp-json\/wp\/v2\/media?parent=5094"}],"wp:term":[{"taxonomy":"category","embeddable":true,"href":"https:\/\/mundobibliotecario.com.br\/index.php\/wp-json\/wp\/v2\/categories?post=5094"},{"taxonomy":"post_tag","embeddable":true,"href":"https:\/\/mundobibliotecario.com.br\/index.php\/wp-json\/wp\/v2\/tags?post=5094"}],"curies":[{"name":"wp","href":"https:\/\/api.w.org\/{rel}","templated":true}]}}