{"id":511,"date":"2009-03-29T21:29:03","date_gmt":"2009-03-30T00:29:03","guid":{"rendered":"http:\/\/mundobibliotecario.wordpress.com\/2009\/03\/29\/511\/"},"modified":"2020-07-21T23:23:13","modified_gmt":"2020-07-22T02:23:13","slug":"511","status":"publish","type":"post","link":"https:\/\/mundobibliotecario.com.br\/index.php\/2009\/03\/29\/511\/","title":{"rendered":"Bolsas de pesquisa em Portugal em arquivos, bibliotecas ou centros de mem\u00f3ria e documenta\u00e7\u00e3o"},"content":{"rendered":"<p>23\/3\/2009<\/p>\n<div class=\"text\">\n<p><strong>Ag\u00eancia FAPESP<\/strong> &#8211; A C\u00e1tedra Jaime Cortes\u00e3o, da Faculdade de Filosofia, Letras e Ci\u00eancias Humanas (FFLCH) da Universidade de S\u00e3o Paulo, est\u00e1 oferecendo bolsas de est\u00e1gio de pesquisa em Portugal. As inscri\u00e7\u00f5es v\u00e3o at\u00e9 o dia 31 de mar\u00e7o.<\/p>\n<p>A c\u00e1tedra, criada em 1991, tem entre seus objetivos promover o desenvolvimento de pesquisas no campo da hist\u00f3ria e cultura de Portugal e do mundo de l\u00edngua portuguesa. Com apoio do Instituto Cam\u00f5es, selecionar\u00e1 cinco pesquisadores interessados em bolsas de dura\u00e7\u00e3o m\u00e1xima de dois meses para a realiza\u00e7\u00e3o de pesquisas em arquivos, bibliotecas ou centros de mem\u00f3ria e documenta\u00e7\u00e3o em Portugal durante 2009.<\/p>\n<p>O aux\u00edlio de 700 euros por m\u00eas se destina ao custeio da perman\u00eancia em Portugal (di\u00e1rias). Os candidatos devem estar inscritos em programas de p\u00f3s-gradua\u00e7\u00e3o (em n\u00edvel de mestrado ou doutorado).<\/p>\n<p>O processo seletivo ocorrer\u00e1 em duas fases. Para se inscrever, os candidatos devem apresentar os documentos indicados at\u00e9 o dia 31 de mar\u00e7o. Com base na an\u00e1lise dos documentos, no dia 13 de abril ser\u00e3o divulgados os selecionados na primeira fase, que ser\u00e3o convocados para entrevista.<\/p>\n<p>Mais\u00a0 informa\u00e7\u00f5es: <strong><span style=\"color:#006699;\">www.fflch.usp.br\/cjc<\/span><\/strong> e (11) 3091-1511\/2010 (das 11h \u00e0s 19h).<\/div>\n","protected":false},"excerpt":{"rendered":"<p>23\/3\/2009 Ag\u00eancia FAPESP &#8211; A C\u00e1tedra Jaime Cortes\u00e3o, da Faculdade de Filosofia, Letras e Ci\u00eancias Humanas (FFLCH) da Universidade de S\u00e3o Paulo, est\u00e1 oferecendo bolsas de est\u00e1gio de pesquisa em Portugal. As inscri\u00e7\u00f5es v\u00e3o at\u00e9 o dia 31 de mar\u00e7o. A c\u00e1tedra, criada em 1991, tem entre seus objetivos promover o desenvolvimento de pesquisas no &#8230; <a title=\"Bolsas de pesquisa em Portugal em arquivos, bibliotecas ou centros de mem\u00f3ria e documenta\u00e7\u00e3o\" class=\"read-more\" href=\"https:\/\/mundobibliotecario.com.br\/index.php\/2009\/03\/29\/511\/\" aria-label=\"Read more about Bolsas de pesquisa em Portugal em arquivos, bibliotecas ou centros de mem\u00f3ria e documenta\u00e7\u00e3o\">Ler mais<\/a><\/p>\n","protected":false},"author":1,"featured_media":0,"comment_status":"open","ping_status":"open","sticky":false,"template":"","format":"standard","meta":{"_mi_skip_tracking":false,"_exactmetrics_sitenote_active":false,"_exactmetrics_sitenote_note":"","_exactmetrics_sitenote_category":0,"_jetpack_newsletter_access":"","footnotes":""},"categories":[60],"tags":[334,2,335,336,337,338,339],"class_list":["post-511","post","type-post","status-publish","format-standard","hentry","category-noticias","tag-arquivo","tag-biblioteca","tag-bolsa-de-estudo","tag-centro-de-documentacao","tag-centro-de-memoria","tag-fflch-usp","tag-instituto-camoes"],"jetpack_featured_media_url":"","jetpack_sharing_enabled":true,"jetpack-related-posts":[{"id":3775,"url":"https:\/\/mundobibliotecario.com.br\/index.php\/2015\/06\/25\/selecao-de-bolsistas-de-2015-para-a-fundacao-casa-de-rui-barbosa\/","url_meta":{"origin":511,"position":0},"title":"Sele\u00e7\u00e3o de Bolsistas de 2015 para a Funda\u00e7\u00e3o Casa de Rui Barbosa","author":"mundobibliotecario","date":"25\/06\/2015","format":false,"excerpt":"A Funda\u00e7\u00e3o Casa de Rui Barbosa (FCRB) lan\u00e7ou edital oferecendo bolsas de pesquisa para profissionais com gradua\u00e7\u00e3o completa, mestrado ou doutorado. As \u00e1reas disciplinares incluem um largo espectro das ci\u00eancias humanas e das sociais aplicadas, al\u00e9m de letras e artes, museologia, arquivologia, biblioteconomia e arquitetura. As inscri\u00e7\u00f5es para o Programa\u2026","rel":"","context":"Em &quot;Not\u00edcias&quot;","block_context":{"text":"Not\u00edcias","link":"https:\/\/mundobibliotecario.com.br\/index.php\/category\/noticias\/"},"img":{"alt_text":"","src":"","width":0,"height":0},"classes":[]},{"id":2542,"url":"https:\/\/mundobibliotecario.com.br\/index.php\/2012\/04\/03\/bolsas-de-estudo-para-graduados-em-biblioteconomia-na-fundacao-casa-de-rui-barbosa\/","url_meta":{"origin":511,"position":1},"title":"Bolsas de estudo para graduados em Biblioteconomia na Funda\u00e7\u00e3o Casa de Rui Barbosa","author":"mundobibliotecario","date":"03\/04\/2012","format":false,"excerpt":"A Funda\u00e7\u00e3o Casa de Rui Barbosa est\u00e1 com inscri\u00e7\u00f5es abertas para graduados em Biblioteconomia interessados em desenvolver projetos de pesquisa. Confira as oportunidades! *** \u00a0j) Biblioteca Digital: pesquisa dos acervos da Funda\u00e7\u00e3o Casa de Rui Barbosa Pesquisa, levantamento, an\u00e1lise, recolhimento, acompanhamento da digitaliza\u00e7\u00e3o dos documentos e organiza\u00e7\u00e3o das informa\u00e7\u00f5es sobre\u2026","rel":"","context":"Em &quot;Emprego&quot;","block_context":{"text":"Emprego","link":"https:\/\/mundobibliotecario.com.br\/index.php\/category\/emprego\/"},"img":{"alt_text":"","src":"","width":0,"height":0},"classes":[]},{"id":328,"url":"https:\/\/mundobibliotecario.com.br\/index.php\/2009\/01\/30\/bibliotecario-para-centro-de-documentacao-arquivo-e-biblioteca\/","url_meta":{"origin":511,"position":2},"title":"Bibliotec\u00e1rio para Centro de Documenta\u00e7\u00e3o (Arquivo e Biblioteca)","author":"mundobibliotecario","date":"30\/01\/2009","format":false,"excerpt":"Escrit\u00f3rio de advocacia de m\u00e9dio porte, com sede na cidade de Bebedouro-SP, busca profissional com forma\u00e7\u00e3o em Biblioteconomia e Ci\u00eancia da Informa\u00e7\u00e3o. O profissional dever\u00e1: Selecionar e implantar sistema de gest\u00e3o de acervo para a biblioteca; planejar, organizar e administrar a biblioteca jur\u00eddica; gerenciar a documenta\u00e7\u00e3o recebida e emitida (fluxo\u2026","rel":"","context":"Em &quot;Emprego&quot;","block_context":{"text":"Emprego","link":"https:\/\/mundobibliotecario.com.br\/index.php\/category\/emprego\/"},"img":{"alt_text":"","src":"","width":0,"height":0},"classes":[]},{"id":4418,"url":"https:\/\/mundobibliotecario.com.br\/index.php\/2016\/12\/15\/mais-oito-acervos-brasileiros-sao-reconhecidos-pelo-programa-memoria-do-mundo\/","url_meta":{"origin":511,"position":3},"title":"Mais oito acervos brasileiros s\u00e3o reconhecidos pelo programa Mem\u00f3ria do Mundo","author":"mundobibliotecario","date":"15\/12\/2016","format":false,"excerpt":"Unesco Um dos contemplados foi o acervo do pesquisador e etn\u00f3grafo brasileiro Arthur Ramos (1903-1949) por Portal Brasil Publicado: 07\/12\/2016 22h09 \u00daltima modifica\u00e7\u00e3o: 08\/12\/2016 16h57 Arquivo\/Ag\u00eancia Brasil At\u00e9 o momento, foram registradas 91 cole\u00e7\u00f5es documentais no Brasil O programa Mem\u00f3ria do Mundo reconheceu, na quarta-feira (6), oito acervos no Pa\u00eds.\u2026","rel":"","context":"Em &quot;Not\u00edcias&quot;","block_context":{"text":"Not\u00edcias","link":"https:\/\/mundobibliotecario.com.br\/index.php\/category\/noticias\/"},"img":{"alt_text":"","src":"","width":0,"height":0},"classes":[]},{"id":4799,"url":"https:\/\/mundobibliotecario.com.br\/index.php\/2018\/06\/20\/casa-de-rui-barbosa-lanca-edital-de-bolsas-para-a-catedra-unesco\/","url_meta":{"origin":511,"position":4},"title":"Casa de Rui Barbosa lan\u00e7a edital de bolsas para a C\u00e1tedra Unesco","author":"mundobibliotecario","date":"20\/06\/2018","format":false,"excerpt":"A Funda\u00e7\u00e3o Casa de Rui Barbosa (FCRB), entidade vinculada ao Minist\u00e9rio da Cultura (MinC), lan\u00e7ou edital de bolsas com duas vagas para doutores nas \u00e1reas de Ci\u00eancias Humanas, Ci\u00eancias Sociais Aplicadas, Letras e Artes e cinco para graduados em qualquer \u00e1rea de forma\u00e7\u00e3o. As inscri\u00e7\u00f5es podem ser feitas at\u00e9 a\u2026","rel":"","context":"Em &quot;Not\u00edcias&quot;","block_context":{"text":"Not\u00edcias","link":"https:\/\/mundobibliotecario.com.br\/index.php\/category\/noticias\/"},"img":{"alt_text":"","src":"","width":0,"height":0},"classes":[]},{"id":900,"url":"https:\/\/mundobibliotecario.com.br\/index.php\/2009\/10\/07\/semana-inaugural-arquivo-publico-e-historico-de-sao-carlos\/","url_meta":{"origin":511,"position":5},"title":"SEMANA INAUGURAL \u2013 Arquivo P\u00fablico e Hist\u00f3rico de S\u00e3o Carlos","author":"mundobibliotecario","date":"07\/10\/2009","format":false,"excerpt":"FUNDA\u00c7\u00c3O PR\u00d3-MEM\u00d3RIA DE S\u00c3O CARLOS Data: 19 a 23\/10 \u2013 Local: Audit\u00f3rio \u201cOctavio Damiano\u201d \u2013 Esta\u00e7\u00e3o Cultura Pra\u00e7a Ant\u00f4nio Prado, s\/n \u2013 Centro \u2013 Antiga Esta\u00e7\u00e3o Ferrovi\u00e1ria Inscri\u00e7\u00f5es at\u00e9 16\/10 pelo e-mail: arquivo.fpm@saocarlos.sp.gov.br ou Tel.: (16) 3373.2700 (Mencionar a palestra\/mesa redonda que ir\u00e1 participar) Programa\u00e7\u00e3o segunda-feira (19\/10) 9h - Credenciamento\u2026","rel":"","context":"Em &quot;Eventos&quot;","block_context":{"text":"Eventos","link":"https:\/\/mundobibliotecario.com.br\/index.php\/category\/eventos\/"},"img":{"alt_text":"","src":"","width":0,"height":0},"classes":[]}],"jetpack_likes_enabled":true,"jetpack_shortlink":"https:\/\/wp.me\/scbzwa-511","_links":{"self":[{"href":"https:\/\/mundobibliotecario.com.br\/index.php\/wp-json\/wp\/v2\/posts\/511","targetHints":{"allow":["GET"]}}],"collection":[{"href":"https:\/\/mundobibliotecario.com.br\/index.php\/wp-json\/wp\/v2\/posts"}],"about":[{"href":"https:\/\/mundobibliotecario.com.br\/index.php\/wp-json\/wp\/v2\/types\/post"}],"author":[{"embeddable":true,"href":"https:\/\/mundobibliotecario.com.br\/index.php\/wp-json\/wp\/v2\/users\/1"}],"replies":[{"embeddable":true,"href":"https:\/\/mundobibliotecario.com.br\/index.php\/wp-json\/wp\/v2\/comments?post=511"}],"version-history":[{"count":1,"href":"https:\/\/mundobibliotecario.com.br\/index.php\/wp-json\/wp\/v2\/posts\/511\/revisions"}],"predecessor-version":[{"id":6424,"href":"https:\/\/mundobibliotecario.com.br\/index.php\/wp-json\/wp\/v2\/posts\/511\/revisions\/6424"}],"wp:attachment":[{"href":"https:\/\/mundobibliotecario.com.br\/index.php\/wp-json\/wp\/v2\/media?parent=511"}],"wp:term":[{"taxonomy":"category","embeddable":true,"href":"https:\/\/mundobibliotecario.com.br\/index.php\/wp-json\/wp\/v2\/categories?post=511"},{"taxonomy":"post_tag","embeddable":true,"href":"https:\/\/mundobibliotecario.com.br\/index.php\/wp-json\/wp\/v2\/tags?post=511"}],"curies":[{"name":"wp","href":"https:\/\/api.w.org\/{rel}","templated":true}]}}