{"id":5117,"date":"2019-03-12T07:31:32","date_gmt":"2019-03-12T10:31:32","guid":{"rendered":"http:\/\/mundobibliotecario.com.br\/?p=5117"},"modified":"2019-03-12T07:31:32","modified_gmt":"2019-03-12T10:31:32","slug":"feliz-dia-do-bibliotecario-2","status":"publish","type":"post","link":"https:\/\/mundobibliotecario.com.br\/index.php\/2019\/03\/12\/feliz-dia-do-bibliotecario-2\/","title":{"rendered":"Feliz Dia do Bibliotec\u00e1rio!"},"content":{"rendered":"<p><a href=\"http:\/\/mundobibliotecario.com.br\/wp-content\/uploads\/2019\/03\/000-1.png\"><img loading=\"lazy\" decoding=\"async\" class=\"aligncenter size-full wp-image-5119\" src=\"http:\/\/mundobibliotecario.com.br\/wp-content\/uploads\/2019\/03\/000-1.png\" alt=\"Dia do Bibliotec\u00e1rio\" width=\"500\" height=\"375\" srcset=\"https:\/\/mundobibliotecario.com.br\/wp-content\/uploads\/2019\/03\/000-1.png 800w, https:\/\/mundobibliotecario.com.br\/wp-content\/uploads\/2019\/03\/000-1-300x225.png 300w, https:\/\/mundobibliotecario.com.br\/wp-content\/uploads\/2019\/03\/000-1-768x576.png 768w\" sizes=\"auto, (max-width: 500px) 100vw, 500px\" \/><\/a><\/p>\n","protected":false},"excerpt":{"rendered":"","protected":false},"author":1,"featured_media":0,"comment_status":"open","ping_status":"open","sticky":false,"template":"","format":"image","meta":{"_mi_skip_tracking":false,"_exactmetrics_sitenote_active":false,"_exactmetrics_sitenote_note":"","_exactmetrics_sitenote_category":0,"_jetpack_newsletter_access":"","footnotes":""},"categories":[3],"tags":[533],"class_list":["post-5117","post","type-post","status-publish","format-image","hentry","category-reflexoes","tag-dia-do-bibliotecario","post_format-post-format-image"],"jetpack_featured_media_url":"","jetpack_sharing_enabled":true,"jetpack-related-posts":[{"id":9875,"url":"https:\/\/mundobibliotecario.com.br\/index.php\/2022\/03\/12\/feliz-dia-do-bibliotecario-5\/","url_meta":{"origin":5117,"position":0},"title":"Feliz Dia do Bibliotec\u00e1rio!","author":"mundobibliotecario","date":"12\/03\/2022","format":false,"excerpt":"","rel":"","context":"Em &quot;Not\u00edcias&quot;","block_context":{"text":"Not\u00edcias","link":"https:\/\/mundobibliotecario.com.br\/index.php\/category\/noticias\/"},"img":{"alt_text":"","src":"https:\/\/i0.wp.com\/mundobibliotecario.com.br\/wp-content\/uploads\/2022\/03\/12032022.jpg?resize=350%2C200&ssl=1","width":350,"height":200},"classes":[]},{"id":10305,"url":"https:\/\/mundobibliotecario.com.br\/index.php\/2023\/03\/12\/feliz-dia-do-bibliotecario-6\/","url_meta":{"origin":5117,"position":1},"title":"Feliz Dia do Bibliotec\u00e1rio","author":"mundobibliotecario","date":"12\/03\/2023","format":false,"excerpt":"","rel":"","context":"Em &quot;Not\u00edcias&quot;","block_context":{"text":"Not\u00edcias","link":"https:\/\/mundobibliotecario.com.br\/index.php\/category\/noticias\/"},"img":{"alt_text":"","src":"https:\/\/i0.wp.com\/mundobibliotecario.com.br\/wp-content\/uploads\/2023\/03\/Cartao-Dia-do-Bibliotecario.jpg?resize=350%2C200&ssl=1","width":350,"height":200},"classes":[]},{"id":8440,"url":"https:\/\/mundobibliotecario.com.br\/index.php\/2021\/03\/12\/feliz-dia-do-bibliotecario-4\/","url_meta":{"origin":5117,"position":2},"title":"Feliz Dia do Bibliotec\u00e1rio!","author":"mundobibliotecario","date":"12\/03\/2021","format":false,"excerpt":"","rel":"","context":"Em &quot;Not\u00edcias&quot;","block_context":{"text":"Not\u00edcias","link":"https:\/\/mundobibliotecario.com.br\/index.php\/category\/noticias\/"},"img":{"alt_text":"","src":"https:\/\/i0.wp.com\/mundobibliotecario.com.br\/wp-content\/uploads\/2021\/03\/Cartao-Dia-do-Bibliotecario.png?resize=350%2C200&ssl=1","width":350,"height":200},"classes":[]},{"id":3003,"url":"https:\/\/mundobibliotecario.com.br\/index.php\/2013\/03\/12\/feliz-dia-do-bibliotecario\/","url_meta":{"origin":5117,"position":3},"title":"Feliz dia do bibliotec\u00e1rio!","author":"mundobibliotecario","date":"12\/03\/2013","format":false,"excerpt":"Que a cada dia possamos levar informa\u00e7\u00e3o onde h\u00e1 d\u00favida, conhecimento onde h\u00e1 ignor\u00e2ncia e sabedoria onde h\u00e1 vazio intelectual! S\u00e3o os votos do Mundo Bibliotec\u00e1rio aos bibliotec\u00e1rios brasileiros!","rel":"","context":"Em &quot;Not\u00edcias&quot;","block_context":{"text":"Not\u00edcias","link":"https:\/\/mundobibliotecario.com.br\/index.php\/category\/noticias\/"},"img":{"alt_text":"","src":"","width":0,"height":0},"classes":[]},{"id":5518,"url":"https:\/\/mundobibliotecario.com.br\/index.php\/2020\/03\/12\/feliz-dia-do-bibliotecario-3\/","url_meta":{"origin":5117,"position":4},"title":"Feliz Dia do Bibliotec\u00e1rio!","author":"mundobibliotecario","date":"12\/03\/2020","format":"image","excerpt":"","rel":"","context":"Em &quot;Not\u00edcias&quot;","block_context":{"text":"Not\u00edcias","link":"https:\/\/mundobibliotecario.com.br\/index.php\/category\/noticias\/"},"img":{"alt_text":"","src":"https:\/\/i0.wp.com\/mundobibliotecario.com.br\/wp-content\/uploads\/2020\/03\/parabc3a9ns-bibliotecc3a1rio.jpg?resize=350%2C200&ssl=1","width":350,"height":200},"classes":[]},{"id":4488,"url":"https:\/\/mundobibliotecario.com.br\/index.php\/2017\/03\/12\/dia-do-bibliotecario\/","url_meta":{"origin":5117,"position":5},"title":"Dia do Bibliotec\u00e1rio","author":"mundobibliotecario","date":"12\/03\/2017","format":false,"excerpt":"O Mundo Bibliotec\u00e1rio deseja a todos os seus leitores e seguidores um feliz Dia do Bibliotec\u00e1rio! \u00a0","rel":"","context":"Em &quot;Not\u00edcias&quot;","block_context":{"text":"Not\u00edcias","link":"https:\/\/mundobibliotecario.com.br\/index.php\/category\/noticias\/"},"img":{"alt_text":"","src":"","width":0,"height":0},"classes":[]}],"jetpack_likes_enabled":true,"jetpack_shortlink":"https:\/\/wp.me\/pcbzwa-1kx","_links":{"self":[{"href":"https:\/\/mundobibliotecario.com.br\/index.php\/wp-json\/wp\/v2\/posts\/5117","targetHints":{"allow":["GET"]}}],"collection":[{"href":"https:\/\/mundobibliotecario.com.br\/index.php\/wp-json\/wp\/v2\/posts"}],"about":[{"href":"https:\/\/mundobibliotecario.com.br\/index.php\/wp-json\/wp\/v2\/types\/post"}],"author":[{"embeddable":true,"href":"https:\/\/mundobibliotecario.com.br\/index.php\/wp-json\/wp\/v2\/users\/1"}],"replies":[{"embeddable":true,"href":"https:\/\/mundobibliotecario.com.br\/index.php\/wp-json\/wp\/v2\/comments?post=5117"}],"version-history":[{"count":0,"href":"https:\/\/mundobibliotecario.com.br\/index.php\/wp-json\/wp\/v2\/posts\/5117\/revisions"}],"wp:attachment":[{"href":"https:\/\/mundobibliotecario.com.br\/index.php\/wp-json\/wp\/v2\/media?parent=5117"}],"wp:term":[{"taxonomy":"category","embeddable":true,"href":"https:\/\/mundobibliotecario.com.br\/index.php\/wp-json\/wp\/v2\/categories?post=5117"},{"taxonomy":"post_tag","embeddable":true,"href":"https:\/\/mundobibliotecario.com.br\/index.php\/wp-json\/wp\/v2\/tags?post=5117"}],"curies":[{"name":"wp","href":"https:\/\/api.w.org\/{rel}","templated":true}]}}