{"id":5126,"date":"2019-04-02T15:00:29","date_gmt":"2019-04-02T18:00:29","guid":{"rendered":"http:\/\/mundobibliotecario.com.br\/?p=5126"},"modified":"2020-07-18T18:07:35","modified_gmt":"2020-07-18T21:07:35","slug":"esta-e-a-primeira-farmacia-literaria","status":"publish","type":"post","link":"https:\/\/mundobibliotecario.com.br\/index.php\/2019\/04\/02\/esta-e-a-primeira-farmacia-literaria\/","title":{"rendered":"Esta \u00e9 a primeira farm\u00e1cia liter\u00e1ria"},"content":{"rendered":"<h3>Em Floren\u00e7a (It\u00e1lia) h\u00e1 um lugar chamado Piccola Farmacia Letteraria, onde livros e conselhos liter\u00e1rios s\u00e3o oferecidos para curar o estado de \u00e2nimo dos clientes.<\/h3>\n<p><img decoding=\"async\" class=\"aligncenter\" src=\"http:\/\/mundobibliotecario.com.br\/wp-content\/uploads\/2019\/04\/d054f-esta2bes2bla2bprimera2bfarmacia2bliteraria-2.jpg\" \/><\/p>\n<p>Existe um lugar onde os medicamentos s\u00e3o tomados sem receita m\u00e9dica para que as pessoas possam ser curadas de forma natural. N\u00e3o estamos falando de um fitoterapeuta, mas de uma livraria que prop\u00f5e <strong>terapias alternativas<\/strong> para melhorar o estado de \u00e2nimo de seus clientes. Para melhor entend\u00ea-lo, basta dirigir-se a <strong>Floren\u00e7a<\/strong> e visitar a <strong>Piccola Farmacia Letteraria<\/strong>, que traduzia para o espanhol a <strong>Peque\u00f1a Farmacia Literaria<\/strong>: uma livraria que vende romances, tanto de fic\u00e7\u00e3o italiana quanto de literatura estrangeira, com r\u00f3tulos terap\u00eauticos originais.<\/p>\n<p>O par\u00e1grafo acima \u00e9 uma tradu\u00e7\u00e3o livre do artigo original em espanhol <a href=\"https:\/\/soybibliotecario.blogspot.com\/2019\/03\/esta-es-la-primera-farmacia-literaria.html?fbclid=IwAR0uO_0mOBNmtCODalAg_M5-NWZBjMazLI2QFdhIXszCoks0zue0uEfk7sY\">Esta es la primera farmacia literaria<\/a>.<\/p>\n<p>Iniciativa muito interessante e que vale a leitura para conhecer melhor!<\/p>\n<p style=\"text-align:center;\">***<\/p>\n<h3>Se voc\u00ea se interessa por esse assunto, veja aqui <a href=\"https:\/\/mundobibliotecario.com.br\/index.php\/2018\/03\/19\/3-passos-simples-para-trabalhar-com-biblioterapia\/\">como trabalhar como biblioterapeuta<\/a>!<\/h3>\n","protected":false},"excerpt":{"rendered":"<p>Em Floren\u00e7a (It\u00e1lia) h\u00e1 um lugar chamado Piccola Farmacia Letteraria, onde livros e conselhos liter\u00e1rios s\u00e3o oferecidos para curar o estado de \u00e2nimo dos clientes. Existe um lugar onde os medicamentos s\u00e3o tomados sem receita m\u00e9dica para que as pessoas possam ser curadas de forma natural. N\u00e3o estamos falando de um fitoterapeuta, mas de uma &#8230; <a title=\"Esta \u00e9 a primeira farm\u00e1cia liter\u00e1ria\" class=\"read-more\" href=\"https:\/\/mundobibliotecario.com.br\/index.php\/2019\/04\/02\/esta-e-a-primeira-farmacia-literaria\/\" aria-label=\"Read more about Esta \u00e9 a primeira farm\u00e1cia liter\u00e1ria\">Ler mais<\/a><\/p>\n","protected":false},"author":1,"featured_media":0,"comment_status":"open","ping_status":"open","sticky":false,"template":"","format":"standard","meta":{"_mi_skip_tracking":false,"_exactmetrics_sitenote_active":false,"_exactmetrics_sitenote_note":"","_exactmetrics_sitenote_category":0,"_jetpack_newsletter_access":"","footnotes":""},"categories":[60],"tags":[609,1512,1038],"class_list":["post-5126","post","type-post","status-publish","format-standard","hentry","category-noticias","tag-biblioterapia","tag-farmacia","tag-literatura"],"jetpack_featured_media_url":"","jetpack_sharing_enabled":true,"jetpack-related-posts":[{"id":4989,"url":"https:\/\/mundobibliotecario.com.br\/index.php\/2018\/08\/21\/o-que-ler-sobre-biblioterapia\/","url_meta":{"origin":5126,"position":0},"title":"O que ler sobre biblioterapia?","author":"mundobibliotecario","date":"21\/08\/2018","format":false,"excerpt":"A literatura como rem\u00e9dio - Dante Gallian N\u00e3o h\u00e1 d\u00favida de que a leitura dos grandes cl\u00e1ssicos da literatura universal seja um meio privilegiado para o nosso desenvolvimento intelectual e cultural. Mas e se nos dissessem que, al\u00e9m disso, esta leitura pode nos curar de muitas doen\u00e7as da alma? Baseado\u2026","rel":"","context":"Em &quot;Not\u00edcias&quot;","block_context":{"text":"Not\u00edcias","link":"https:\/\/mundobibliotecario.com.br\/index.php\/category\/noticias\/"},"img":{"alt_text":"","src":"","width":0,"height":0},"classes":[]},{"id":2896,"url":"https:\/\/mundobibliotecario.com.br\/index.php\/2013\/02\/18\/o-poder-medicinal-da-literatura-a-prescricao-de-livros-comeca-a-ser-introduzida\/","url_meta":{"origin":5126,"position":1},"title":"O poder medicinal da literatura: a prescri\u00e7\u00e3o de livros come\u00e7a a ser introduzida","author":"mundobibliotecario","date":"18\/02\/2013","format":false,"excerpt":"As pessoas que consultam o GP local sobre quest\u00f5es de sa\u00fade mental podem achar uma receita escrita surpreendente, resgatadas na biblioteca local, em vez de uma farm\u00e1cia. O texto completo\u00a0dessa curiosa not\u00edcia sobre biblioterapia, cujo primeiro par\u00e1grafo foi traduzido , pode ser acessada na \u00a0\u00edntegra em The medicinal power of\u2026","rel":"","context":"Em &quot;Not\u00edcias&quot;","block_context":{"text":"Not\u00edcias","link":"https:\/\/mundobibliotecario.com.br\/index.php\/category\/noticias\/"},"img":{"alt_text":"","src":"","width":0,"height":0},"classes":[]},{"id":4723,"url":"https:\/\/mundobibliotecario.com.br\/index.php\/2018\/03\/19\/3-passos-simples-para-trabalhar-com-biblioterapia\/","url_meta":{"origin":5126,"position":2},"title":"3 passos simples para trabalhar com biblioterapia","author":"mundobibliotecario","date":"19\/03\/2018","format":false,"excerpt":"A biblioterapia \u00e9, basicamente, um tratamento terap\u00eautico por meio de livros. Pode ser oferecida em hospitais, asilos, penitenci\u00e1rias e outros ambientes, al\u00e9m de atender diferentes p\u00fablicos, tais como pessoas com defici\u00eancia f\u00edsica, doentes cr\u00f4nicos e dependentes, segundo informa\u00e7\u00f5es do Nexo Jornal. Se voc\u00ea quer saber como pode se especializar em\u2026","rel":"","context":"Em &quot;Curso&quot;","block_context":{"text":"Curso","link":"https:\/\/mundobibliotecario.com.br\/index.php\/category\/curso\/"},"img":{"alt_text":"","src":"https:\/\/i0.wp.com\/mundobibliotecario.com.br\/wp-content\/uploads\/2018\/03\/20161122-bibliother.jpg?resize=350%2C200","width":350,"height":200},"classes":[]},{"id":2066,"url":"https:\/\/mundobibliotecario.com.br\/index.php\/2011\/06\/06\/estagio-centro-de-documentacao-cientifica-brasil\/","url_meta":{"origin":5126,"position":3},"title":"Est\u00e1gio Centro de Documenta\u00e7\u00e3o Cient\u00edfica \/ Brasil","author":"mundobibliotecario","date":"06\/06\/2011","format":false,"excerpt":"Est\u00e1gio Centro de Documenta\u00e7\u00e3o Cient\u00edfica Atividades da posi\u00e7\u00e3o: Conhecer o mecanismo para realiza\u00e7\u00e3o de pesquisas bibliogr\u00e1ficas em bases de dados, como por exemplo, Medline\/Pubme, Embase, Lilacs e Internet; Conhecer os elementos de identifica\u00e7\u00e3o de um trabalho cient\u00edfico para elabora\u00e7\u00e3o de refer\u00eancias bibliogr\u00e1ficas; Conhecer as rotinas de um Centro de Documenta\u00e7\u00e3o\u2026","rel":"","context":"Em &quot;Est\u00e1gio&quot;","block_context":{"text":"Est\u00e1gio","link":"https:\/\/mundobibliotecario.com.br\/index.php\/category\/estagio\/"},"img":{"alt_text":"","src":"","width":0,"height":0},"classes":[]},{"id":7870,"url":"https:\/\/mundobibliotecario.com.br\/index.php\/2020\/10\/04\/unesp-realiza-semana-do-livro-com-atividades-gratuitas-online\/","url_meta":{"origin":5126,"position":4},"title":"Unesp realiza Semana do Livro com atividades gratuitas online","author":"mundobibliotecario","date":"04\/10\/2020","format":false,"excerpt":"Programa\u00e7\u00e3o come\u00e7a nesta segunda-feira (5) e vai at\u00e9 dia 9. Tamb\u00e9m est\u00e3o abertas as inscri\u00e7\u00f5es para o Pr\u00eamio S\u00e3o Paulo de Literatura; veja como participar.","rel":"","context":"Em &quot;Not\u00edcias&quot;","block_context":{"text":"Not\u00edcias","link":"https:\/\/mundobibliotecario.com.br\/index.php\/category\/noticias\/"},"img":{"alt_text":"","src":"","width":0,"height":0},"classes":[]},{"id":1228,"url":"https:\/\/mundobibliotecario.com.br\/index.php\/2010\/04\/23\/concursos-de-biblioteconomia-abrilmaio-2010\/","url_meta":{"origin":5126,"position":5},"title":"Concursos de biblioteconomia &#8211; abril\/maio 2010","author":"mundobibliotecario","date":"23\/04\/2010","format":false,"excerpt":"CFF - Conselho Federal de Farm\u00e1cia - DF Inscri\u00e7\u00f5es: de 12 de abril a 31 de maio de 2010 Remunera\u00e7\u00e3o: R$ 4.243,82 Vagas: Cadastro de 05 reservas Taxa: R$ 45,00 Data prevista para a prova: 13\/06\/2010 Site: www.quadrix.org.br\/ Cons\u00f3rcio Intermunicipal Grande ABC - SP Inscri\u00e7\u00f5es: de 12 a 23 de\u2026","rel":"","context":"Em &quot;Not\u00edcias&quot;","block_context":{"text":"Not\u00edcias","link":"https:\/\/mundobibliotecario.com.br\/index.php\/category\/noticias\/"},"img":{"alt_text":"","src":"","width":0,"height":0},"classes":[]}],"jetpack_likes_enabled":true,"jetpack_shortlink":"https:\/\/wp.me\/pcbzwa-1kG","_links":{"self":[{"href":"https:\/\/mundobibliotecario.com.br\/index.php\/wp-json\/wp\/v2\/posts\/5126","targetHints":{"allow":["GET"]}}],"collection":[{"href":"https:\/\/mundobibliotecario.com.br\/index.php\/wp-json\/wp\/v2\/posts"}],"about":[{"href":"https:\/\/mundobibliotecario.com.br\/index.php\/wp-json\/wp\/v2\/types\/post"}],"author":[{"embeddable":true,"href":"https:\/\/mundobibliotecario.com.br\/index.php\/wp-json\/wp\/v2\/users\/1"}],"replies":[{"embeddable":true,"href":"https:\/\/mundobibliotecario.com.br\/index.php\/wp-json\/wp\/v2\/comments?post=5126"}],"version-history":[{"count":1,"href":"https:\/\/mundobibliotecario.com.br\/index.php\/wp-json\/wp\/v2\/posts\/5126\/revisions"}],"predecessor-version":[{"id":5748,"href":"https:\/\/mundobibliotecario.com.br\/index.php\/wp-json\/wp\/v2\/posts\/5126\/revisions\/5748"}],"wp:attachment":[{"href":"https:\/\/mundobibliotecario.com.br\/index.php\/wp-json\/wp\/v2\/media?parent=5126"}],"wp:term":[{"taxonomy":"category","embeddable":true,"href":"https:\/\/mundobibliotecario.com.br\/index.php\/wp-json\/wp\/v2\/categories?post=5126"},{"taxonomy":"post_tag","embeddable":true,"href":"https:\/\/mundobibliotecario.com.br\/index.php\/wp-json\/wp\/v2\/tags?post=5126"}],"curies":[{"name":"wp","href":"https:\/\/api.w.org\/{rel}","templated":true}]}}