{"id":5130,"date":"2019-04-17T20:00:01","date_gmt":"2019-04-17T23:00:01","guid":{"rendered":"http:\/\/mundobibliotecario.com.br\/?p=5130"},"modified":"2020-07-21T23:25:41","modified_gmt":"2020-07-22T02:25:41","slug":"o-que-se-perdeu-e-o-que-foi-salvo-no-incendio-da-catedral-de-notre-dame","status":"publish","type":"post","link":"https:\/\/mundobibliotecario.com.br\/index.php\/2019\/04\/17\/o-que-se-perdeu-e-o-que-foi-salvo-no-incendio-da-catedral-de-notre-dame\/","title":{"rendered":"O que se perdeu e o que foi salvo no inc\u00eandio da Catedral de Notre-Dame"},"content":{"rendered":"<p><img decoding=\"async\" class=\"aligncenter\" src=\"https:\/\/s2.glbimg.com\/f_R-Ujw7BhWM36NydBk8vaPU5g0=\/smart\/e.glbimg.com\/og\/ed\/f\/original\/2019\/04\/16\/notre.jpg\" alt=\"O que se perdeu e o que foi salvo no inc\u00c3\u00aandio da Catedral de Notre-Dame (Foto: Getty Images)\" \/><\/p>\n<h2>S\u00edmbolo da arquitetura g\u00f3tica, catedral abrigava uma variedade de rel\u00edquias cat\u00f3licas, al\u00e9m de quadros, esculturas e artefatos hist\u00f3ricos<\/h2>\n<p>Constru\u00edda em entre 1163 e 1343, a Catedral de Notre-Dame,\u00a0<a href=\"https:\/\/casavogue.globo.com\/Arquitetura\/Edificios\/noticia\/2019\/04\/obra-prima-da-arquitetura-gotica-catedral-de-notre-dame-foi-palco-de-eventos-historicos.html\">atingida por um grave inc\u00eandio em Paris<\/a>, abrigava uma variedade de rel\u00edquias cat\u00f3licas, al\u00e9m de quadros, esculturas e artefatos hist\u00f3ricos. Anne Hidalgo, prefeita de Paris, disse que algumas obras de arte que estavam no local foram retiradas a tempo e colocadas em um local seguro. No entanto, os bombeiros afirmam que ainda n\u00e3o \u00e9 poss\u00edvel ter uma dimens\u00e3o mais exata dos danos.<\/p>\n<p>Nesta ter\u00e7a-feira (16),\u00a0o secret\u00e1rio do Estado de Interior, Laurent Nu\u00f1ez, revelou detalhes da for\u00e7a-tarefa montada para salvar a Catedral do inc\u00eandio, que durou nove horas. &#8220;Os colaboradores de Notre-Dame, os arquitetos do patrim\u00f4nio da Fran\u00e7a e os funcion\u00e1rios do Minist\u00e9rio da Cultura foram mobilizados para orientar os bombeiros e mostrar as obras que a todo pre\u00e7o deveriam ser salvas&#8221;, informou.<\/p>\n<p>Tamb\u00e9m nesta manh\u00e3, o ministro da Cultura da Fran\u00e7a,\u00a0Franck Riester, anunciou que as obras de arte resgatadas ser\u00e3o transferidas para o Museu do Louvre, em Paris.<\/p>\n<div class=\"componente_materia\">\n<div class=\"intertitulo\"><strong>Rel\u00edquias crist\u00e3s<\/strong><\/div>\n<\/div>\n<p>O artigo mais valioso guardado na Notre-Dame \u00e9 a Santa Coroa, que os cat\u00f3licos acreditam que foi usada por Jesus pouco antes de ser crucificado. Segundo o site oficial da catedral, a r\u00e9plica \u00e9 composta de um &#8220;c\u00edrculo de juncos unidos por fios de ouro, com um di\u00e2metro de 21 cent\u00edmetros&#8221;. A pe\u00e7a foi salva a tempo das chamas, assim como a t\u00fanica usada por S\u00e3o Lu\u00eds, rei franc\u00eas do s\u00e9culo XIII.<\/p>\n<p>Al\u00e9m da Santa Coroa, o local conserva outras duas rel\u00edquias da Paix\u00e3o de Cristo: um peda\u00e7o da Cruz e um cravo.<\/p>\n<p><img decoding=\"async\" class=\"aligncenter\" src=\"https:\/\/s2.glbimg.com\/oasWRWZl0vTtQwY_GdM--2U_EoU=\/smart\/e.glbimg.com\/og\/ed\/f\/original\/2019\/04\/15\/notre-dame.jpg\" alt=\"Obra-prima da arquitetura g\u00c3\u00b3tica, Catedral de Notre-Dame foi palco de eventos hist\u00c3\u00b3ricos (Foto: Getty Images)\" \/><\/p>\n<div class=\"componente_materia\">\n<div class=\"intertitulo\"><strong>Obras de arte<\/strong><\/div>\n<\/div>\n<p>Segundo o Monsenhor Patrick Chauvet, os bombeiros enfrentaram mais dificuldade para remover os quadros maiores.\u00a0A catedral abrigava v\u00e1rias pinturas do s\u00e9culo XVII, entre elas &#8220;S\u00e3o Tom\u00e1s de Aquino, Fonte de Sabedoria&#8221; (1648), de Antoine Nicolas.\u00a0Outras rel\u00edquias, como &#8220;A Descida do Esp\u00edrito Santo&#8221; (1934), de Jacques Blanchard, e &#8220;S\u00e3o Pedro Curando os Doentes com Sua Sombra&#8221; (1935), de Laurent de la Hyre, tamb\u00e9m ficavam no local.<\/p>\n<p>O inc\u00eandio atingiu principalmente as torres de madeira, onde ficavam os sinos. A estrutrua foi feita com 500 toneladas de madeira e 250 toneladas de chumbo. Na sua base, estavam conjuntos de est\u00e1tuas de bronze, que representavam os 12 ap\u00f3stolos e os quatro evangelistas.<\/p>\n<p>As dezesseis esculturas que ornavam a parte externa da catedral foram retiradas na \u00faltima sexta-feira (12) para trabalhos de restaura\u00e7\u00e3o e foram poupadas do inc\u00eandio. Entretanto, o topo da torre que cedeu abrigava um galo que\u00a0trazia a Coroa de Espinhos, uma rel\u00edquia de San Dion\u00edsio e outra de Santa Genoveva.<\/p>\n<div class=\"componente_materia\">\n<div class=\"intertitulo\"><strong>Os vitrais<\/strong><\/div>\n<\/div>\n<p>A Catedral de Notre-Dame tamb\u00e9m \u00e9 conhecida por seus vitrais coloridos, principalmente a Rosa Sul e a Rosa Norte, constru\u00eddas entre 1260 e 1250. Uma das mais procuradas, a Rosa Sul\u00a0foi feita com 84 pain\u00e9is divididos em quatro c\u00edrculos, que representam em riqueza de detalhes os 12 ap\u00f3stolos, m\u00e1rtires e santos, como S\u00e3o Mateus.<\/p>\n<p><img decoding=\"async\" class=\"aligncenter\" src=\"https:\/\/s2.glbimg.com\/g7d2tR5-fiTmmEz5WkYsHufK6YQ=\/smart\/e.glbimg.com\/og\/ed\/f\/original\/2019\/04\/16\/rosacea.jpg\" alt=\"O que se perdeu e o que foi salvo no inc\u00c3\u00aandio da Catedral de Notre-Dame (Foto: Flickr)\" \/><\/p>\n<p>Com o passar do tempo, eles foram restaurados e modificados in\u00fameras vezes. Como s\u00e3o pe\u00e7as fr\u00e1geis e extremamente vulner\u00e1veis ao calor, a chance de terem sido danificadas no inc\u00eandio \u00e9 muito grande.<\/p>\n<p>Dispon\u00edvel em: &lt;https:\/\/casavogue.globo.com\/Arquitetura\/Edificios\/noticia\/2019\/04\/o-que-se-perdeu-e-o-que-foi-salvo-no-incendio-da-catedral-de-notre-dame.html&gt;. Acesso em: 17 abr. 2019.<\/p>\n","protected":false},"excerpt":{"rendered":"<p>S\u00edmbolo da arquitetura g\u00f3tica, catedral abrigava uma variedade de rel\u00edquias cat\u00f3licas, al\u00e9m de quadros, esculturas e artefatos hist\u00f3ricos Constru\u00edda em entre 1163 e 1343, a Catedral de Notre-Dame,\u00a0atingida por um grave inc\u00eandio em Paris, abrigava uma variedade de rel\u00edquias cat\u00f3licas, al\u00e9m de quadros, esculturas e artefatos hist\u00f3ricos. Anne Hidalgo, prefeita de Paris, disse que algumas &#8230; <a title=\"O que se perdeu e o que foi salvo no inc\u00eandio da Catedral de Notre-Dame\" class=\"read-more\" href=\"https:\/\/mundobibliotecario.com.br\/index.php\/2019\/04\/17\/o-que-se-perdeu-e-o-que-foi-salvo-no-incendio-da-catedral-de-notre-dame\/\" aria-label=\"Read more about O que se perdeu e o que foi salvo no inc\u00eandio da Catedral de Notre-Dame\">Ler mais<\/a><\/p>\n","protected":false},"author":1,"featured_media":0,"comment_status":"open","ping_status":"open","sticky":false,"template":"","format":"standard","meta":{"_mi_skip_tracking":false,"_exactmetrics_sitenote_active":false,"_exactmetrics_sitenote_note":"","_exactmetrics_sitenote_category":0,"_jetpack_newsletter_access":"","footnotes":""},"categories":[60],"tags":[1415,1553,1052,1657,215],"class_list":["post-5130","post","type-post","status-publish","format-standard","hentry","category-noticias","tag-catedral-de-notre-dame","tag-igreja","tag-incendio","tag-paris","tag-patrimonio-cultural"],"jetpack_featured_media_url":"","jetpack_sharing_enabled":true,"jetpack-related-posts":[{"id":2985,"url":"https:\/\/mundobibliotecario.com.br\/index.php\/2013\/03\/05\/policia-ouvira-ate-sexta-coordenador-de-biblioteca-incendiada-na-unicamp\/","url_meta":{"origin":5130,"position":0},"title":"Pol\u00edcia ouvir\u00e1 at\u00e9 sexta coordenador de biblioteca incendiada na Unicamp","author":"mundobibliotecario","date":"05\/03\/2013","format":false,"excerpt":"Livros ficaram destru\u00eddos ap\u00f3s inc\u00eandio em pr\u00e9dio da Unicamp\u00a0 (Foto: Reprodu\u00e7\u00e3o \/ EPTV) A Pol\u00edcia Civil de Campinas (SP) pretende ouvir, at\u00e9 sexta-feira (8), o coordenador da bibiloteca do Instituto de Estudos de Linguagem (IEL) da Unicamp. O local foi interditado ap\u00f3s um inc\u00eandio que atingiu parte do pr\u00e9dio na\u2026","rel":"","context":"Em &quot;Not\u00edcias&quot;","block_context":{"text":"Not\u00edcias","link":"https:\/\/mundobibliotecario.com.br\/index.php\/category\/noticias\/"},"img":{"alt_text":"","src":"https:\/\/i0.wp.com\/s2.glbimg.com\/0uIsC9LZzRmbRALqHyMNreJiqELcn8AchJwc0ozojEfmqNhyQsOrzOGapOOPb6ph\/s.glbimg.com\/jo\/g1\/f\/original\/2013\/03\/03\/incendio3.jpg?resize=350%2C200","width":350,"height":200},"classes":[]},{"id":3077,"url":"https:\/\/mundobibliotecario.com.br\/index.php\/2013\/04\/12\/sem-biblioteca-apos-incendio-aluno-da-unicamp-gasta-r-200-em-livros\/","url_meta":{"origin":5130,"position":1},"title":"Sem biblioteca ap\u00f3s inc\u00eandio, aluno da Unicamp gasta R$ 200 em livros","author":"mundobibliotecario","date":"12\/04\/2013","format":false,"excerpt":"Expresso MT - 03\/04\/13 Um m\u00eas ap\u00f3s um inc\u00eandio ter destru\u00eddo parte do pr\u00e9dio da biblioteca do Instituto de Estudos da Linguagem (IEL) na Universidade Estadual de Campinas (Unicamp), o local permanece fechado e sem previs\u00e3o para reabertura, segundo a assessoria de imprensa da institui\u00e7\u00e3o. A interdi\u00e7\u00e3o do espa\u00e7o desde\u2026","rel":"","context":"Em &quot;Not\u00edcias&quot;","block_context":{"text":"Not\u00edcias","link":"https:\/\/mundobibliotecario.com.br\/index.php\/category\/noticias\/"},"img":{"alt_text":"","src":"","width":0,"height":0},"classes":[]},{"id":4998,"url":"https:\/\/mundobibliotecario.com.br\/index.php\/2018\/09\/02\/pais-sem-museu-e-pais-sem-memoria\/","url_meta":{"origin":5130,"position":2},"title":"Pa\u00eds sem museu \u00e9 pa\u00eds sem mem\u00f3ria","author":"mundobibliotecario","date":"02\/09\/2018","format":false,"excerpt":"Lamentavelmente o Museu Nacional junta-se ao Museu da L\u00edngua Portuguesa em uma destrui\u00e7\u00e3o causada por inc\u00eandio na noite de 2 de setembro de 2018, cujas causas ainda n\u00e3o foram identificadas. \u00c9 tarde demais para apontar este ou aquele culpado. \u00c9 tarde demais para pensar nas causas. Se todas as associa\u00e7\u00f5es,\u2026","rel":"","context":"Em &quot;Not\u00edcias&quot;","block_context":{"text":"Not\u00edcias","link":"https:\/\/mundobibliotecario.com.br\/index.php\/category\/noticias\/"},"img":{"alt_text":"","src":"","width":0,"height":0},"classes":[]},{"id":579,"url":"https:\/\/mundobibliotecario.com.br\/index.php\/2009\/04\/22\/ii-encontro-de-gestao-da-informacao-e-do-conhecimento-em-acervos\/","url_meta":{"origin":5130,"position":3},"title":"II Encontro de Gest\u00e3o da Informa\u00e7\u00e3o e do Conhecimento em Acervos","author":"mundobibliotecario","date":"22\/04\/2009","format":false,"excerpt":"Data: 27 a 29 de abril de 2009 N\u00ba de vagas: 150 (Gratuito) Local: Audit\u00f3rio do MUBE - Museu Brasileiro de Escultura - S\u00e3o Paulo. Av. Europa, 218 - Jardim Europa - S\u00e3o Paulo - SP - Brasil Inscri\u00e7\u00f5es: Enviar ficha de inscri\u00e7\u00e3o ao Centro de Documenta\u00e7\u00e3o e Biblioteca da\u2026","rel":"","context":"Em &quot;Eventos&quot;","block_context":{"text":"Eventos","link":"https:\/\/mundobibliotecario.com.br\/index.php\/category\/eventos\/"},"img":{"alt_text":"","src":"","width":0,"height":0},"classes":[]},{"id":4593,"url":"https:\/\/mundobibliotecario.com.br\/index.php\/2017\/09\/29\/bibliotecaria-rejeita-doacao-de-livros-de-melania-trump-a-escola-nos-eua\/","url_meta":{"origin":5130,"position":4},"title":"Bibliotec\u00e1ria rejeita doa\u00e7\u00e3o de livros de Melania Trump a escola nos EUA","author":"mundobibliotecario","date":"29\/09\/2017","format":false,"excerpt":"Bibliotec\u00e1ria rejeita doa\u00e7\u00e3o de livros de Melania Trump a escola nos EUA Primeira-dama enviou conjunto com 10 volumes para uma institui\u00e7\u00e3o de cada estado A primeira-dama dos EUA, Melania Trump, fala durante um debate na Casa Branca, em Washington\u00a0- MANDEL NGAN \/ AFP \u00a0WASHINGTON \u2014 A bibliotec\u00e1ria de uma escola\u2026","rel":"","context":"Em &quot;Not\u00edcias&quot;","block_context":{"text":"Not\u00edcias","link":"https:\/\/mundobibliotecario.com.br\/index.php\/category\/noticias\/"},"img":{"alt_text":"","src":"https:\/\/i0.wp.com\/ogimg.infoglobo.com.br\/in\/21885870-ca3-84e\/FT1086A\/420\/x71941760_US-First-Lady-Melania-Trump-speaks-during-a-round-table-discussion-on-opioid-abuse-in-t-1.jpg.pagespeed.ic.GlxuZrYl_C.jpg?resize=350%2C200&ssl=1","width":350,"height":200},"classes":[]},{"id":3857,"url":"https:\/\/mundobibliotecario.com.br\/index.php\/2015\/08\/31\/como-a-biblioteca-de-bagda-se-prepara-contra-o-estado-islamico\/","url_meta":{"origin":5130,"position":5},"title":"Como a Biblioteca de Bagd\u00e1 se prepara contra o Estado Isl\u00e2mico","author":"mundobibliotecario","date":"31\/08\/2015","format":false,"excerpt":"Jornal i - 26\/08\/2015 As prateleiras mal iluminadas e escurecidas pelo p\u00f3 da Biblioteca Nacional de Bagdade escondem um tesouro de pap\u00e9is enrugados que cont\u00eam cr\u00f3nicas verdadeiras de sult\u00f5es e reis, imperialistas e socialistas, ocupa\u00e7\u00e3o e liberta\u00e7\u00e3o, guerra e paz. S\u00e3o as cr\u00f3nicas originais da rica e tumultuosa hist\u00f3ria do\u2026","rel":"","context":"Em &quot;Not\u00edcias&quot;","block_context":{"text":"Not\u00edcias","link":"https:\/\/mundobibliotecario.com.br\/index.php\/category\/noticias\/"},"img":{"alt_text":"","src":"","width":0,"height":0},"classes":[]}],"jetpack_likes_enabled":true,"jetpack_shortlink":"https:\/\/wp.me\/pcbzwa-1kK","_links":{"self":[{"href":"https:\/\/mundobibliotecario.com.br\/index.php\/wp-json\/wp\/v2\/posts\/5130","targetHints":{"allow":["GET"]}}],"collection":[{"href":"https:\/\/mundobibliotecario.com.br\/index.php\/wp-json\/wp\/v2\/posts"}],"about":[{"href":"https:\/\/mundobibliotecario.com.br\/index.php\/wp-json\/wp\/v2\/types\/post"}],"author":[{"embeddable":true,"href":"https:\/\/mundobibliotecario.com.br\/index.php\/wp-json\/wp\/v2\/users\/1"}],"replies":[{"embeddable":true,"href":"https:\/\/mundobibliotecario.com.br\/index.php\/wp-json\/wp\/v2\/comments?post=5130"}],"version-history":[{"count":1,"href":"https:\/\/mundobibliotecario.com.br\/index.php\/wp-json\/wp\/v2\/posts\/5130\/revisions"}],"predecessor-version":[{"id":6755,"href":"https:\/\/mundobibliotecario.com.br\/index.php\/wp-json\/wp\/v2\/posts\/5130\/revisions\/6755"}],"wp:attachment":[{"href":"https:\/\/mundobibliotecario.com.br\/index.php\/wp-json\/wp\/v2\/media?parent=5130"}],"wp:term":[{"taxonomy":"category","embeddable":true,"href":"https:\/\/mundobibliotecario.com.br\/index.php\/wp-json\/wp\/v2\/categories?post=5130"},{"taxonomy":"post_tag","embeddable":true,"href":"https:\/\/mundobibliotecario.com.br\/index.php\/wp-json\/wp\/v2\/tags?post=5130"}],"curies":[{"name":"wp","href":"https:\/\/api.w.org\/{rel}","templated":true}]}}