{"id":5174,"date":"2019-07-30T16:00:09","date_gmt":"2019-07-30T19:00:09","guid":{"rendered":"http:\/\/mundobibliotecario.com.br\/?p=5174"},"modified":"2020-07-21T23:47:53","modified_gmt":"2020-07-22T02:47:53","slug":"5-sugestoes-de-livros-para-o-dia-dos-pais","status":"publish","type":"post","link":"https:\/\/mundobibliotecario.com.br\/index.php\/2019\/07\/30\/5-sugestoes-de-livros-para-o-dia-dos-pais\/","title":{"rendered":"5 sugest\u00f5es de livros para o Dia dos Pais"},"content":{"rendered":"<p>Que tal presentar seu pai com um livro no Dia dos Pais?<\/p>\n<p>Veja abaixo as sugest\u00f5es do Mundo Bibliotec\u00e1rio!<\/p>\n<p>***<\/p>\n<h2><a href=\"https:\/\/amzn.to\/2JZgbfq\">O rei do mundo &#8211; David Remnick<\/a><\/h2>\n<p><a href=\"http:\/\/mundobibliotecario.com.br\/wp-content\/uploads\/2019\/07\/capa.png\"><img loading=\"lazy\" decoding=\"async\" class=\"size-full wp-image-5176 alignleft\" src=\"http:\/\/mundobibliotecario.com.br\/wp-content\/uploads\/2019\/07\/capa.png\" alt=\"\" width=\"228\" height=\"343\" srcset=\"https:\/\/mundobibliotecario.com.br\/wp-content\/uploads\/2019\/07\/capa.png 228w, https:\/\/mundobibliotecario.com.br\/wp-content\/uploads\/2019\/07\/capa-199x300.png 199w\" sizes=\"auto, (max-width: 228px) 100vw, 228px\" \/><\/a><\/p>\n<p>Na noite de 1964, quando Muhammad Ali (ainda Cassius Clay) subiu ao ringue com Sonny Liston, ele era tido como um sujeito irritante, um sujeito que se movimentava e falava demais. Seis rounds mais tarde, Ali n\u00e3o era apenas o mais novo campe\u00e3o mundial dos pesos pesados &#8211; era &#8220;um novo tipo de negro&#8221;, como ele mesmo se denominou. O rei do mundo reconstitui a trajet\u00f3ria desse lutador que ajudou a transformar a pol\u00edtica racial, a cultura popular e a no\u00e7\u00e3o de hero\u00edsmo dos norte-americanos. Repleto de detalhes saborosos e fotos reveladoras, O rei do mundo mostra Muhammad Ali como uma inven\u00e7\u00e3o de si mesmo: desde o menino Cassius e sua inf\u00e2ncia em Louisville at\u00e9 os treinos obsessivos e a mudan\u00e7a de nome e de religi\u00e3o. Ao descrever as principais lutas de Ali, David Remnick conseguiu capturar o esp\u00edrito predominante da \u00e9poca que marcou a grande transforma\u00e7\u00e3o da mentalidade americana, embalada pela ascens\u00e3o pol\u00edtica dos negros, por conflitos morais e pela dissemina\u00e7\u00e3o de organiza\u00e7\u00f5es como a Na\u00e7\u00e3o do Isl\u00e3 e a M\u00e1fia. Recusando-se a assumir qualquer papel exemplar ou corresponder a expectativas, Muhammad Ali marcou uma das d\u00e9cadas mais intensas do s\u00e9culo XX &#8211; um tempo em que a vida se constitu\u00eda de enfrentamentos duros, dentro e fora do ringue.<\/p>\n<h2><\/h2>\n<h2>Abrace seu filho &#8211; Thiago Queiroz<\/h2>\n<p style=\"text-align:left;\"><a href=\"http:\/\/mundobibliotecario.com.br\/wp-content\/uploads\/2019\/07\/capa-1.png\"><img loading=\"lazy\" decoding=\"async\" class=\"size-full wp-image-5178 alignleft\" src=\"http:\/\/mundobibliotecario.com.br\/wp-content\/uploads\/2019\/07\/capa-1.png\" alt=\"\" width=\"226\" height=\"317\" srcset=\"https:\/\/mundobibliotecario.com.br\/wp-content\/uploads\/2019\/07\/capa-1.png 226w, https:\/\/mundobibliotecario.com.br\/wp-content\/uploads\/2019\/07\/capa-1-214x300.png 214w\" sizes=\"auto, (max-width: 226px) 100vw, 226px\" \/><\/a><\/p>\n<p>\u201cCom este livro voc\u00ea ser\u00e1 n\u00e3o s\u00f3 uma m\u00e3e ou pai melhor, mas uma pessoa sensibilizada para a preciosidade da vida.\u201d Fred Mattos Psic\u00f3logo e palestrante Num mundo em que as pessoas dizem que pais n\u00e3o podem dar muito colo, que n\u00e3o podem dar amor demais, mais um monte de outros \u201cn\u00e3os\u201d, Thiago Queiroz seguiu por um outro caminho. Ao receber a not\u00edcia da gravidez da esposa, passou a viver com os filhos uma hist\u00f3ria bem diferente da que teve com seu pr\u00f3prio pai, mais afetiva e participativa. E assim ele tamb\u00e9m criou uma das mais importantes redes sobre paternidade ativa na internet, oferecendo apoio e acolhimento a outros pais que buscam uma forma de se relacionar melhor com seus filhos. Este livro conta como o amor pelos filhos e a disciplina positiva mudaram a hist\u00f3ria de um homem. E de como ela pode mudar a sua tamb\u00e9m, se voc\u00ea abrir os bra\u00e7os para seus filhos. Todas as vezes que voc\u00ea abra\u00e7a seu filho, voc\u00ea se cura um pouco. Todas as vezes que voc\u00ea abra\u00e7a seu filho, voc\u00ea \u00e9 abra\u00e7ado de volta. N\u00e3o perca nunca essa oportunidade que a vida lhe d\u00e1. Abrace seu filho agora. \u00c9 o melhor que voc\u00ea pode fazer. Por ele e por voc\u00ea.<\/p>\n<h2><\/h2>\n<h2>O papai \u00e9 pop &#8211; Marcos Piangers<\/h2>\n<p><a href=\"http:\/\/mundobibliotecario.com.br\/wp-content\/uploads\/2019\/07\/capa-2.png\"><img loading=\"lazy\" decoding=\"async\" class=\"size-full wp-image-5181 alignleft\" src=\"http:\/\/mundobibliotecario.com.br\/wp-content\/uploads\/2019\/07\/capa-2.png\" alt=\"\" width=\"244\" height=\"347\" srcset=\"https:\/\/mundobibliotecario.com.br\/wp-content\/uploads\/2019\/07\/capa-2.png 244w, https:\/\/mundobibliotecario.com.br\/wp-content\/uploads\/2019\/07\/capa-2-211x300.png 211w\" sizes=\"auto, (max-width: 244px) 100vw, 244px\" \/><\/a>Ent\u00e3o, voc\u00ea vai ser pai. Voc\u00ea sabe que precisa comprar uma casa maior. Tem que ter mais espa\u00e7o pra crian\u00e7a. Tem que ter mais um quarto no apartamento. Tem que ter um ber\u00e7o novo, n\u00e3o pode ser aquele que a vizinha se disp\u00f4s a emprestar. Ent\u00e3o voc\u00ea sabe que tem que trocar de carro, com seis airbags, no m\u00ednimo, ar-condicionado de f\u00e1brica. O que o humorista Marcos Piangers descobriu ao ser pai jovem \u00e9 que essas preocupa\u00e7\u00f5es n\u00e3o fazem diferen\u00e7a nenhuma. O que vale mesmo n\u00e3o \u00e9 pagar pela melhor creche, se voc\u00ea \u00e9 o \u00faltimo a buscar seus filhos. N\u00e3o \u00e9 comprar os melhores brinquedos, porque as crian\u00e7as gostam mesmo \u00e9 das brincadeiras que n\u00e3o custam nada. No fundo, o que importa mesmo, como os textos divertidos e emocionantes de Papai \u00e9 Pop mostram, \u00e9 voc\u00ea estar com seus filhos, n\u00e3o pensando em outra coisa, mas estar l\u00e1. De verdade.<\/p>\n<p>&nbsp;<\/p>\n<h2>Aprendi com meu pai &#8211; Lu\u00eds Colombini<\/h2>\n<p><a href=\"http:\/\/mundobibliotecario.com.br\/wp-content\/uploads\/2019\/07\/capa-3.png\"><img loading=\"lazy\" decoding=\"async\" class=\"size-full wp-image-5191 alignleft\" src=\"http:\/\/mundobibliotecario.com.br\/wp-content\/uploads\/2019\/07\/capa-3.png\" alt=\"\" width=\"280\" height=\"424\" srcset=\"https:\/\/mundobibliotecario.com.br\/wp-content\/uploads\/2019\/07\/capa-3.png 280w, https:\/\/mundobibliotecario.com.br\/wp-content\/uploads\/2019\/07\/capa-3-198x300.png 198w\" sizes=\"auto, (max-width: 280px) 100vw, 280px\" \/><\/a>Mais do que de fatos, este \u00e9 um livro de vers\u00f5es. Mais do que rigor ou precis\u00e3o, o importante aqui s\u00e3o lembran\u00e7as, cenas nas quais o filho se recorda do pai. \u00c9, ainda, um livro de mem\u00f3rias de 54 empres\u00e1rios, executivos, artistas, especialistas, m\u00fasicos, esportistas, consultores, headhunters, jornalistas, publicit\u00e1rios. Todos bem-sucedidos, mas n\u00e3o necessariamente famosos, alguns bastante conhecidos, outros n\u00e3o. Alguns dos entrevistados: Arnaldo Jabor, Ivete Sangalo, Ives Gandra Martins, Jo\u00e3o Carlos Martins, Marisa Orth, Maur\u00edcio de Sousa, Max Gehringer, William Bonner.<\/p>\n<p>&nbsp;<\/p>\n<p>&nbsp;<\/p>\n<h2><\/h2>\n<h2>Pai de menina &#8211; Marcos Mion<\/h2>\n<p><a href=\"http:\/\/mundobibliotecario.com.br\/wp-content\/uploads\/2019\/07\/capa-2.jpg\"><img loading=\"lazy\" decoding=\"async\" class=\"size-full wp-image-5192 alignleft\" src=\"http:\/\/mundobibliotecario.com.br\/wp-content\/uploads\/2019\/07\/capa-2.jpg\" alt=\"\" width=\"500\" height=\"500\" srcset=\"https:\/\/mundobibliotecario.com.br\/wp-content\/uploads\/2019\/07\/capa-2.jpg 500w, https:\/\/mundobibliotecario.com.br\/wp-content\/uploads\/2019\/07\/capa-2-300x300.jpg 300w, https:\/\/mundobibliotecario.com.br\/wp-content\/uploads\/2019\/07\/capa-2-150x150.jpg 150w\" sizes=\"auto, (max-width: 500px) 100vw, 500px\" \/><\/a>De repente, a not\u00edcia: voc\u00ea vai ser pai\u2026 de uma MENINA?! E agora? Se voc\u00ea vive ou vai viver situa\u00e7\u00e3o semelhante, esse livro \u00e9 para voc\u00ea! Em Pai de menina, Marcos Mion divide com o leitor as decis\u00f5es e os caminhos que o tornaram uma refer\u00eancia quando o assunto \u00e9 educa\u00e7\u00e3o e dedica\u00e7\u00e3o aos fi &#8211; lhos. Os posts que escreve sobre o assunto, lidos pelos seus mais de 28,5 milh\u00f5es de seguidores nas redes sociais, viralizam de forma impressionante. Mion prop\u00f5e um movimento que incentiva o homem a ser sens\u00edvel, n\u00e3o ter vergonha de demonstrar amor nem de se envolver com \u201cas coisas de menina\u201d, saber a sua import\u00e2ncia na vida de sua fi lha, seguir sua intui\u00e7\u00e3o paterna e, acima de tudo, ser presente! Ele constr\u00f3i um verdadeiro guia para os pais. Apresenta pr\u00e1ticas corriqueiras para se aproximar da sua fi lha e pequenas atitudes que s\u00e3o a chave para sermos bons pais. Sempre usando exemplos reais do dia a dia com a sua pr\u00f3pria fi lha, Donatella, a Doninha. Mion \u00e9 conhecido por sua criatividade, irrever\u00eancia, talento e capacidade de comunica\u00e7\u00e3o, sendo um dos grandes nomes do entretenimento nos \u00faltimos 20 anos. Consciente da import\u00e2ncia da rela\u00e7\u00e3o com seus tr\u00eas fi lhos para todos os campos da sua vida, tomou como miss\u00e3o despertar os homens para essa oportunidade imperd\u00edvel. Ent\u00e3o, respire fundo e mergulhe nessa irmandade. Acredite, no fi nal deste livro, voc\u00ea vai descobrir que sua fi lha \u00e9 a melhor coisa da sua vida!<\/p>\n","protected":false},"excerpt":{"rendered":"<p>Que tal presentar seu pai com um livro no Dia dos Pais? Veja abaixo as sugest\u00f5es do Mundo Bibliotec\u00e1rio! *** O rei do mundo &#8211; David Remnick Na noite de 1964, quando Muhammad Ali (ainda Cassius Clay) subiu ao ringue com Sonny Liston, ele era tido como um sujeito irritante, um sujeito que se movimentava &#8230; <a title=\"5 sugest\u00f5es de livros para o Dia dos Pais\" class=\"read-more\" href=\"https:\/\/mundobibliotecario.com.br\/index.php\/2019\/07\/30\/5-sugestoes-de-livros-para-o-dia-dos-pais\/\" aria-label=\"Read more about 5 sugest\u00f5es de livros para o Dia dos Pais\">Ler mais<\/a><\/p>\n","protected":false},"author":1,"featured_media":0,"comment_status":"open","ping_status":"open","sticky":false,"template":"","format":"standard","meta":{"_mi_skip_tracking":false,"_exactmetrics_sitenote_active":false,"_exactmetrics_sitenote_note":"","_exactmetrics_sitenote_category":0,"_jetpack_newsletter_access":"","footnotes":""},"categories":[60],"tags":[1476,9,1604],"class_list":["post-5174","post","type-post","status-publish","format-standard","hentry","category-noticias","tag-dia-dos-pais","tag-livro","tag-livros"],"jetpack_featured_media_url":"","jetpack_sharing_enabled":true,"jetpack-related-posts":[{"id":3640,"url":"https:\/\/mundobibliotecario.com.br\/index.php\/2014\/11\/14\/tailandia-proibe-livro-difamatorio\/","url_meta":{"origin":5174,"position":0},"title":"Tail\u00e2ndia pro\u00edbe livro &#8216;difamat\u00f3rio&#8217;","author":"mundobibliotecario","date":"14\/11\/2014","format":false,"excerpt":"O governo da Tail\u00e2ndia proibiu a venda e distribui\u00e7\u00e3o de um livro escrito por um jornalista brit\u00e2nico sobre a pol\u00edtica do pa\u00eds, que as autoridades consideram \"difamat\u00f3rio\" para a monarquia. \"O livro coloca em perigo a seguran\u00e7a nacional, a paz e a ordem p\u00fablica\", afirma um comunicado assinado por Somyot\u2026","rel":"","context":"Em &quot;Not\u00edcias&quot;","block_context":{"text":"Not\u00edcias","link":"https:\/\/mundobibliotecario.com.br\/index.php\/category\/noticias\/"},"img":{"alt_text":"","src":"","width":0,"height":0},"classes":[]},{"id":7889,"url":"https:\/\/mundobibliotecario.com.br\/index.php\/2020\/10\/19\/cinco-livros-brasileiros-ganham-destaque-na-maior-biblioteca-de-livros-infantis-e-juvenis-do-mundo\/","url_meta":{"origin":5174,"position":1},"title":"Cinco livros brasileiros ganham destaque na maior biblioteca de livros infantis e juvenis do mundo","author":"mundobibliotecario","date":"19\/10\/2020","format":false,"excerpt":"A Biblioteca Internacional Juvenil de Munique (Alemanha) selecionou cinco t\u00edtulos brasileiros para o cat\u00e1logo White Ravens 2020. S\u00e3o obras publicadas pela FTD, Companhia das Letras, SM, Paulinas e Rocco \u00a0 Capa do cat\u00e1logo de 2020, desenhada pela ilustradora e autora Emma AdB\u00e5ge Todos os anos, a Internationale Jugendbibliothek (IJB), maior\u2026","rel":"","context":"Em &quot;Not\u00edcias&quot;","block_context":{"text":"Not\u00edcias","link":"https:\/\/mundobibliotecario.com.br\/index.php\/category\/noticias\/"},"img":{"alt_text":"","src":"","width":0,"height":0},"classes":[]},{"id":3456,"url":"https:\/\/mundobibliotecario.com.br\/index.php\/2014\/04\/23\/23-dia-de-abril-dia-do-direito-autoral\/","url_meta":{"origin":5174,"position":2},"title":"23 dia de abril &#8211; Dia do Direito Autoral","author":"mundobibliotecario","date":"23\/04\/2014","format":false,"excerpt":"Dia Mundial do Livro e do Direito Autoral O\u00a0Dia Mundial do Livro e do Direito Autoral\u00a0\u00e9 um evento comemorado todos os anos no dia 23 de abril, e organizado pela UNESCO para promover o\u00a0prazer da leitura, a\u00a0publica\u00e7\u00e3o de livros\u00a0e a\u00a0prote\u00e7\u00e3o dos direitos autorais. A data foi escolhida porque neste mesmo\u2026","rel":"","context":"Em &quot;Not\u00edcias&quot;","block_context":{"text":"Not\u00edcias","link":"https:\/\/mundobibliotecario.com.br\/index.php\/category\/noticias\/"},"img":{"alt_text":"","src":"","width":0,"height":0},"classes":[]},{"id":10156,"url":"https:\/\/mundobibliotecario.com.br\/index.php\/2022\/11\/11\/voce-conhece-estes-livros-sobre-a-copa-do-mundo\/","url_meta":{"origin":5174,"position":3},"title":"Voc\u00ea conhece estes livros sobre a Copa do Mundo?","author":"mundobibliotecario","date":"11\/11\/2022","format":false,"excerpt":"A Copa do Mundo \u00e9 um evento esportivo internacional que\u00a0acontece a cada quatro anos e \u00e9 considerado o maior evento esportivo do mundo.\u00a0A Copa do Mundo de 2022 ser\u00e1 a 22\u00aa edi\u00e7\u00e3o da competi\u00e7\u00e3o e acontecer\u00e1 no Catar.\u00a0 Desde a primeira edi\u00e7\u00e3o da Copa do Mundo, em 1930, muitos\u00a0livros foram\u2026","rel":"","context":"Em &quot;Not\u00edcias&quot;","block_context":{"text":"Not\u00edcias","link":"https:\/\/mundobibliotecario.com.br\/index.php\/category\/noticias\/"},"img":{"alt_text":"","src":"https:\/\/i0.wp.com\/mundobibliotecario.com.br\/wp-content\/uploads\/2022\/11\/copa-sociedade.jpg?resize=350%2C200&ssl=1","width":350,"height":200},"classes":[]},{"id":3168,"url":"https:\/\/mundobibliotecario.com.br\/index.php\/2013\/07\/16\/sete-atitudes-que-formam-leitores\/","url_meta":{"origin":5174,"position":4},"title":"Sete atitudes que formam leitores","author":"mundobibliotecario","date":"16\/07\/2013","format":false,"excerpt":"Incentivar a leitura \u00e9 um dever do governo e das escolas. Mas n\u00f3s, leitores, podemos ajudar DANILO VENTICINQUE A leitura \u00e9, por natureza, um ato solit\u00e1rio. Podemos estar no meio de uma multid\u00e3o: basta abrir um livro e, no meio do primeiro par\u00e1grafo, a realidade \u00e0 nossa volta d\u00e1 lugar\u2026","rel":"","context":"Em &quot;Not\u00edcias&quot;","block_context":{"text":"Not\u00edcias","link":"https:\/\/mundobibliotecario.com.br\/index.php\/category\/noticias\/"},"img":{"alt_text":"","src":"","width":0,"height":0},"classes":[]},{"id":1677,"url":"https:\/\/mundobibliotecario.com.br\/index.php\/2011\/01\/12\/nova-pagina-no-mundo-bibliotecario\/","url_meta":{"origin":5174,"position":5},"title":"Nova p\u00e1gina no Mundo Bibliotec\u00e1rio!","author":"mundobibliotecario","date":"12\/01\/2011","format":false,"excerpt":"Foi lan\u00e7ada hoje a nova p\u00e1gina do Mundo Bibliotec\u00e1rio chamada \"Eventos de Biblioteconomia e Ci\u00eancia da Informa\u00e7\u00e3o\"! Cont\u00e9m eventos nacionais e internacionais da \u00e1rea e ser\u00e1 continuamente atualizada, conforme j\u00e1 acontece com\u00a0as\u00a0p\u00e1ginas \"Feira de livros no Brasil\" e \"Feira de livros no mundo\". Para isso, aceito sugest\u00f5es para complementar o\u2026","rel":"","context":"Em &quot;Not\u00edcias&quot;","block_context":{"text":"Not\u00edcias","link":"https:\/\/mundobibliotecario.com.br\/index.php\/category\/noticias\/"},"img":{"alt_text":"","src":"","width":0,"height":0},"classes":[]}],"jetpack_likes_enabled":true,"jetpack_shortlink":"https:\/\/wp.me\/pcbzwa-1ls","_links":{"self":[{"href":"https:\/\/mundobibliotecario.com.br\/index.php\/wp-json\/wp\/v2\/posts\/5174","targetHints":{"allow":["GET"]}}],"collection":[{"href":"https:\/\/mundobibliotecario.com.br\/index.php\/wp-json\/wp\/v2\/posts"}],"about":[{"href":"https:\/\/mundobibliotecario.com.br\/index.php\/wp-json\/wp\/v2\/types\/post"}],"author":[{"embeddable":true,"href":"https:\/\/mundobibliotecario.com.br\/index.php\/wp-json\/wp\/v2\/users\/1"}],"replies":[{"embeddable":true,"href":"https:\/\/mundobibliotecario.com.br\/index.php\/wp-json\/wp\/v2\/comments?post=5174"}],"version-history":[{"count":4,"href":"https:\/\/mundobibliotecario.com.br\/index.php\/wp-json\/wp\/v2\/posts\/5174\/revisions"}],"predecessor-version":[{"id":6934,"href":"https:\/\/mundobibliotecario.com.br\/index.php\/wp-json\/wp\/v2\/posts\/5174\/revisions\/6934"}],"wp:attachment":[{"href":"https:\/\/mundobibliotecario.com.br\/index.php\/wp-json\/wp\/v2\/media?parent=5174"}],"wp:term":[{"taxonomy":"category","embeddable":true,"href":"https:\/\/mundobibliotecario.com.br\/index.php\/wp-json\/wp\/v2\/categories?post=5174"},{"taxonomy":"post_tag","embeddable":true,"href":"https:\/\/mundobibliotecario.com.br\/index.php\/wp-json\/wp\/v2\/tags?post=5174"}],"curies":[{"name":"wp","href":"https:\/\/api.w.org\/{rel}","templated":true}]}}