{"id":5216,"date":"2019-08-10T16:00:32","date_gmt":"2019-08-10T19:00:32","guid":{"rendered":"http:\/\/mundobibliotecario.com.br\/?p=5216"},"modified":"2019-08-10T16:00:32","modified_gmt":"2019-08-10T19:00:32","slug":"tce-mostra-1-4-das-escolas-estaduais-sem-bibliotecas","status":"publish","type":"post","link":"https:\/\/mundobibliotecario.com.br\/index.php\/2019\/08\/10\/tce-mostra-1-4-das-escolas-estaduais-sem-bibliotecas\/","title":{"rendered":"TCE mostra 1\/4 das escolas estaduais sem bibliotecas"},"content":{"rendered":"<h5 class=\"entry-headline h5\">O relat\u00f3rio descreve que, em algumas escolas, n\u00e3o h\u00e1 efetiva utiliza\u00e7\u00e3o do espa\u00e7o por causa da desorganiza\u00e7\u00e3o do ambiente<\/h5>\n<div class=\"ssba-classic-2 ssba ssbp-wrap left ssbp--theme-1\"><\/div>\n<div>\n<figure id=\"attachment_151012\" class=\"wp-caption aligncenter\" aria-describedby=\"caption-attachment-151012\"><img loading=\"lazy\" decoding=\"async\" class=\"size-full wp-image-151012 lazyloaded\" src=\"https:\/\/www.jornalcruzeiro.com.br\/wp-content\/uploads\/2019\/08\/TCE-mostra.jpg\" alt=\"TCE mostra 1\/4 das escolas estaduais sem bibliotecas\" width=\"920\" height=\"653\" \/><figcaption id=\"caption-attachment-151012\" class=\"wp-caption-text\">Cr\u00e9dito da foto: Adival B. Pinto \/ Arquivo JCS<\/figcaption><\/figure>\n<p>Um relat\u00f3rio divulgado pelo Tribunal de Contas do Estado de S\u00e3o Paulo (TCE-SP) mostra um quadro deficit\u00e1rio na educa\u00e7\u00e3o paulista. No exerc\u00edcio de 2018, a inspe\u00e7\u00e3o in loco, realizada em 133 escolas no Estado, aponta que 34 unidades de ensino fundamental n\u00e3o possuem bibliotecas\/salas de leitura, o que representa 25% do total, ou seja, um quarto. O relat\u00f3rio descreve que, em algumas escolas, n\u00e3o h\u00e1 efetiva utiliza\u00e7\u00e3o do espa\u00e7o por causa da desorganiza\u00e7\u00e3o do ambiente ou, \u00e0s vezes, por falta de projeto pedag\u00f3gico que integre atividades do professor para com o aluno. Al\u00e9m disso, 95% das 133 escolas estaduais do ensino fundamental e m\u00e9dio, fiscalizadas, n\u00e3o apresentaram laudo de vistoria do Corpo de Bombeiros.<\/p>\n<p>O levantamento destaca tamb\u00e9m que o laborat\u00f3rio de Ci\u00eancias \u00e9 o ambiente menos presente nas escolas. Em 82% das unidades de ensino, em rela\u00e7\u00e3o aos anos iniciais, n\u00e3o h\u00e1 um espa\u00e7o estabelecido para o estudo da mat\u00e9ria.<\/p>\n<p>Dispon\u00edvel em: <a href=\"https:\/\/www.jornalcruzeiro.com.br\/sorocaba\/informacao-livre\/tce-mostra-1-4-das-escolas-estaduais-sem-bibliotecas\/\">https:\/\/www.jornalcruzeiro.com.br\/sorocaba\/informacao-livre\/tce-mostra-1-4-das-escolas-estaduais-sem-bibliotecas\/<\/a>. Acesso em: 10 ago. 2019.<\/p>\n<\/div>\n","protected":false},"excerpt":{"rendered":"<p>O relat\u00f3rio descreve que, em algumas escolas, n\u00e3o h\u00e1 efetiva utiliza\u00e7\u00e3o do espa\u00e7o por causa da desorganiza\u00e7\u00e3o do ambiente Cr\u00e9dito da foto: Adival B. Pinto \/ Arquivo JCS Um relat\u00f3rio divulgado pelo Tribunal de Contas do Estado de S\u00e3o Paulo (TCE-SP) mostra um quadro deficit\u00e1rio na educa\u00e7\u00e3o paulista. No exerc\u00edcio de 2018, a inspe\u00e7\u00e3o in &#8230; <a title=\"TCE mostra 1\/4 das escolas estaduais sem bibliotecas\" class=\"read-more\" href=\"https:\/\/mundobibliotecario.com.br\/index.php\/2019\/08\/10\/tce-mostra-1-4-das-escolas-estaduais-sem-bibliotecas\/\" aria-label=\"Read more about TCE mostra 1\/4 das escolas estaduais sem bibliotecas\">Ler mais<\/a><\/p>\n","protected":false},"author":1,"featured_media":0,"comment_status":"open","ping_status":"open","sticky":false,"template":"","format":"standard","meta":{"_mi_skip_tracking":false,"_exactmetrics_sitenote_active":false,"_exactmetrics_sitenote_note":"","_exactmetrics_sitenote_category":0,"_jetpack_newsletter_access":"","footnotes":""},"categories":[60],"tags":[2,462,606,112,1763,1778],"class_list":["post-5216","post","type-post","status-publish","format-standard","hentry","category-noticias","tag-biblioteca","tag-biblioteca-escolar","tag-escola","tag-sala-de-leitura","tag-tce-sp","tag-tribunal-de-contas-do-estado-de-sao-paulo"],"jetpack_featured_media_url":"","jetpack_sharing_enabled":true,"jetpack-related-posts":[{"id":3048,"url":"https:\/\/mundobibliotecario.com.br\/index.php\/2013\/03\/30\/uma-biblioteca-por-dia-ate-2020\/","url_meta":{"origin":5216,"position":0},"title":"Uma biblioteca por dia at\u00e9 2020","author":"mundobibliotecario","date":"30\/03\/2013","format":false,"excerpt":"O Brasil precisa construir 39 bibliotecas por dia nos pr\u00f3ximos sete anos para cumprir a Lei n.\u00ba 12.244\/2010, que prev\u00ea que toda escola p\u00fablica ou privada tenha o seu pr\u00f3prio espa\u00e7o de leitura at\u00e9 2020. A defasagem total do pa\u00eds \u00e9 de 128 mil bibliotecas. No Paran\u00e1, segundo informa\u00e7\u00f5es do\u2026","rel":"","context":"Em &quot;Not\u00edcias&quot;","block_context":{"text":"Not\u00edcias","link":"https:\/\/mundobibliotecario.com.br\/index.php\/category\/noticias\/"},"img":{"alt_text":"","src":"","width":0,"height":0},"classes":[]},{"id":173,"url":"https:\/\/mundobibliotecario.com.br\/index.php\/2008\/11\/18\/rede-estadual-livro-trancado-a-sete-chaves\/","url_meta":{"origin":5216,"position":1},"title":"Rede estadual: livro trancado &#8216;a sete chaves&#8217;","author":"mundobibliotecario","date":"18\/11\/2008","format":false,"excerpt":"Secretaria lan\u00e7a pacote para resolver problemas em salas de leitura de 1,3 mil escolas na Grande SP Apesar de estudar em uma rede que tem como carro-chefe o programa pedag\u00f3gico \u201cLer e Escrever\u201d, os alunos de 1,3 mil escolas estaduais da Grande S\u00e3o Paulo nem sempre t\u00eam um local apropriado\u2026","rel":"","context":"Em &quot;Not\u00edcias&quot;","block_context":{"text":"Not\u00edcias","link":"https:\/\/mundobibliotecario.com.br\/index.php\/category\/noticias\/"},"img":{"alt_text":"","src":"","width":0,"height":0},"classes":[]},{"id":4833,"url":"https:\/\/mundobibliotecario.com.br\/index.php\/2008\/11\/18\/rede-estadual-livro-trancado-a-sete-chaves-2\/","url_meta":{"origin":5216,"position":2},"title":"Rede estadual: livro trancado &#039;a sete chaves&#039;","author":"mundobibliotecario","date":"18\/11\/2008","format":false,"excerpt":"Secretaria lan\u00e7a pacote para resolver problemas em salas de leitura de 1,3 mil escolas na Grande SP Apesar de estudar em uma rede que tem como carro-chefe o programa pedag\u00f3gico \u201cLer e Escrever\u201d, os alunos de 1,3 mil escolas estaduais da Grande S\u00e3o Paulo nem sempre t\u00eam um local apropriado\u2026","rel":"","context":"Em &quot;Not\u00edcias&quot;","block_context":{"text":"Not\u00edcias","link":"https:\/\/mundobibliotecario.com.br\/index.php\/category\/noticias\/"},"img":{"alt_text":"","src":"","width":0,"height":0},"classes":[]},{"id":2307,"url":"https:\/\/mundobibliotecario.com.br\/index.php\/2011\/11\/06\/bibliotecas-de-sp-perdem-867-mil-livros-por-ano\/","url_meta":{"origin":5216,"position":3},"title":"Bibliotecas de SP perdem 86,7 mil livros por ano","author":"mundobibliotecario","date":"06\/11\/2011","format":false,"excerpt":"05 de novembro de 2011 | 9h 36 ADRIANA FERRAZ - Ag\u00eancia Estado O acervo cultural de S\u00e3o Paulo perde 86,7 mil livros por ano. Levantamento obtido pelo Estado com dados de 70 bibliotecas e pontos de leitura municipais mostra que 347 mil livros sumiram das prateleiras entre 2006 e\u2026","rel":"","context":"Em &quot;Not\u00edcias&quot;","block_context":{"text":"Not\u00edcias","link":"https:\/\/mundobibliotecario.com.br\/index.php\/category\/noticias\/"},"img":{"alt_text":"","src":"","width":0,"height":0},"classes":[]},{"id":5135,"url":"https:\/\/mundobibliotecario.com.br\/index.php\/2019\/05\/06\/investir-em-educacao-e-investir-em-biblioteca-escolar\/","url_meta":{"origin":5216,"position":4},"title":"Investir em Educa\u00e7\u00e3o \u00e9 investir em Biblioteca Escolar!","author":"mundobibliotecario","date":"06\/05\/2019","format":false,"excerpt":"PUBLISHNEWS, VOLNEI CAN\u00d4NICA, 03\/05\/2019 Em sua coluna, Volnei Can\u00f4nica explica detalhes da pesquisa sobre bibliotecas escolares realizada recentemente pelo Instituto Pr\u00f3-Livro Infelizmente tornou-se comum ouvir not\u00edcias de que, pela falta de estrutura e investimentos nas escolas, ou devido ao n\u00famero crescente de crian\u00e7as fora delas, gestores p\u00fablicos fecham as bibliotecas\u2026","rel":"","context":"Em &quot;Not\u00edcias&quot;","block_context":{"text":"Not\u00edcias","link":"https:\/\/mundobibliotecario.com.br\/index.php\/category\/noticias\/"},"img":{"alt_text":"","src":"https:\/\/i0.wp.com\/www.publishnews.com.br\/estaticos\/uploads\/2019\/05\/204x272xPiEAxv3Lrein8HUGtIZexuUnIn31e4Q9nLrf9JL6dybZDs4ZLsVvO55wHiUhF3Ec6nzCwKHARuZ758RI.jpeg.pagespeed.ic.fSrQwYe4oG.webp?resize=350%2C200&ssl=1","width":350,"height":200},"classes":[]},{"id":2822,"url":"https:\/\/mundobibliotecario.com.br\/index.php\/2013\/01\/29\/no-brasil-bibliotecas-inovadoras-convivem-com-quadro-de-descaso\/","url_meta":{"origin":5216,"position":5},"title":"No Brasil, bibliotecas inovadoras convivem com quadro de descaso","author":"mundobibliotecario","date":"29\/01\/2013","format":false,"excerpt":"Enquanto algumas passam por reformas, incorporam novas m\u00eddias e tend\u00eancias, pa\u00eds ainda tem deficit de bibliotecas nas escolas. \u00a0BBC Biblioteca de S\u00e3o Paulo (Foto: BBC Brasil) No t\u00e9rreo da Biblioteca de S\u00e3o Paulo, ouve-se o burburinho de crian\u00e7as brincando nos computadores, jogando jogos de tabuleiros ou circulando entre as estantes\u2026","rel":"","context":"Em &quot;Not\u00edcias&quot;","block_context":{"text":"Not\u00edcias","link":"https:\/\/mundobibliotecario.com.br\/index.php\/category\/noticias\/"},"img":{"alt_text":"","src":"https:\/\/i0.wp.com\/s2.glbimg.com\/p3dWMRRupYn2ypZ8QV67PjlBF3gDK8Hf5yJwAEaxfgxIoz-HdGixxa_8qOZvMp3w\/s.glbimg.com\/jo\/g1\/f\/original\/2013\/01\/25\/bibliotecasp_1.jpg?resize=350%2C200","width":350,"height":200},"classes":[]}],"jetpack_likes_enabled":true,"jetpack_shortlink":"https:\/\/wp.me\/pcbzwa-1m8","_links":{"self":[{"href":"https:\/\/mundobibliotecario.com.br\/index.php\/wp-json\/wp\/v2\/posts\/5216","targetHints":{"allow":["GET"]}}],"collection":[{"href":"https:\/\/mundobibliotecario.com.br\/index.php\/wp-json\/wp\/v2\/posts"}],"about":[{"href":"https:\/\/mundobibliotecario.com.br\/index.php\/wp-json\/wp\/v2\/types\/post"}],"author":[{"embeddable":true,"href":"https:\/\/mundobibliotecario.com.br\/index.php\/wp-json\/wp\/v2\/users\/1"}],"replies":[{"embeddable":true,"href":"https:\/\/mundobibliotecario.com.br\/index.php\/wp-json\/wp\/v2\/comments?post=5216"}],"version-history":[{"count":0,"href":"https:\/\/mundobibliotecario.com.br\/index.php\/wp-json\/wp\/v2\/posts\/5216\/revisions"}],"wp:attachment":[{"href":"https:\/\/mundobibliotecario.com.br\/index.php\/wp-json\/wp\/v2\/media?parent=5216"}],"wp:term":[{"taxonomy":"category","embeddable":true,"href":"https:\/\/mundobibliotecario.com.br\/index.php\/wp-json\/wp\/v2\/categories?post=5216"},{"taxonomy":"post_tag","embeddable":true,"href":"https:\/\/mundobibliotecario.com.br\/index.php\/wp-json\/wp\/v2\/tags?post=5216"}],"curies":[{"name":"wp","href":"https:\/\/api.w.org\/{rel}","templated":true}]}}