{"id":5235,"date":"2019-08-20T16:00:37","date_gmt":"2019-08-20T19:00:37","guid":{"rendered":"http:\/\/mundobibliotecario.com.br\/?p=5235"},"modified":"2019-08-20T16:00:37","modified_gmt":"2019-08-20T19:00:37","slug":"plano-estadual-do-livro-comeca-a-virar-projeto-de-lei","status":"publish","type":"post","link":"https:\/\/mundobibliotecario.com.br\/index.php\/2019\/08\/20\/plano-estadual-do-livro-comeca-a-virar-projeto-de-lei\/","title":{"rendered":"Plano Estadual do Livro come\u00e7a a virar projeto de lei"},"content":{"rendered":"<p>Ideia \u00e9 criar um documento com diretrizes para as politicas p\u00fablicas do livro, leitura, literatura e bibliotecas em Pernambuco<\/p>\n<p><img decoding=\"async\" class=\"bordaimg imgnoticia\" title=\"O coordenador de Literatura da Secretaria Estadual de Cultura, Roberto Azoubel \/ Foto: Jan Ribeiro\/Secult-PE\/Divulga\u00e7\u00e3o\" src=\"https:\/\/jconlineimagem.ne10.uol.com.br\/imagem\/noticia\/2019\/08\/15\/normal\/704704cbd16e578110898342e702762f.jpg\" alt=\"O coordenador de Literatura da Secretaria Estadual de Cultura, Roberto Azoubel \/ Foto: Jan Ribeiro\/Secult-PE\/Divulga\u00e7\u00e3o\" \/><\/p>\n<div class=\"legenda-foto\">O coordenador de Literatura da Secretaria Estadual de Cultura, Roberto Azoubel<\/div>\n<div class=\"credito-foto\">Foto: Jan Ribeiro\/Secult-PE\/Divulga\u00e7\u00e3o<\/div>\n<p><a class=\"assintatura\" href=\"mailto:dgduarte@jc.com.br\">Diogo Guedes<\/a><\/p>\n<div id=\"noticia_corpodanoticia\" class=\"t13 manipularFonte\">\n<p>Depois de cerca de tr\u00eas anos de debates, escutas e reuni\u00f5es, o Plano Estadual do Livro, Leitura, Literatura e Bibliotecas de Pernambuco (PELLLB) est\u00e1 pr\u00f3ximo de se transformar em um projeto de lei. Ferramenta que prop\u00f5e o estabelecimento de diretrizes para uma pol\u00edtica p\u00fablica permanente para o setor liter\u00e1rio e editorial de Pernambuco, o texto final, elaborado pelo Grupo Executivo de Trabalho (GT) da \u00e1rea, est\u00e1 em fase de \u00faltima revis\u00e3o e deve ser encaminhado em breve para a Secretaria da Casa Civil. Na semana passada, foi divulgado um artigo sobre o processo de elabora\u00e7\u00e3o do projeto, com refer\u00eancias te\u00f3ricas, objetivos e princ\u00edpios norteadores.<\/p>\n<p>As escutas para o Plano Estadual do Livro come\u00e7aram ainda em 2012. S\u00f3 em 2016 um Grupo de Trabalho foi criado, atuando com debates, reuni\u00f5es e a formula\u00e7\u00e3o do projeto, formado por seis representantes do governo estadual e seis membros eleitos da sociedade civil. Atualmente, o texto elaborado est\u00e1 sendo revisado ap\u00f3s passar pela avalia\u00e7\u00e3o de consultores.<\/p>\n<p>Ao longo do per\u00edodo de escutas e reuni\u00f5es com integrantes da cadeia do livro e da leitura, foi estabelecida uma divis\u00e3o entre tr\u00eas cadeias do setor: a produtiva, a mediadora e a criativa. \u201cEm rela\u00e7\u00e3o \u00e0 cadeia criativa, as pol\u00edticas p\u00fablicas t\u00eam andado relativamente bem. A gente conseguiu estabelecer o antigo Pr\u00eamio Pernambuco de Literatura, hoje Pr\u00eamio Hermilo Borba Filho. A Cepe Editora tem um edital pr\u00f3prio. O Funcultura contempla nas suas linhas a produ\u00e7\u00e3o de livros. O que temos pensado \u00e9 em um refinamento, em projetar tamb\u00e9m pol\u00edticas para tradutores, por exemplo, mas essa parte da cadeia \u00e9 a que tem andado melhor\u201d, comenta o coordenador de Literatura da Secretaria Estadual de Cultura, Roberto Azoubel.<\/p>\n<h2>MEDIADORES<\/h2>\n<p>Segundo o gestor, a cadeia mediadora tem tido uma presen\u00e7a ampla nos encontros com o grupo de trabalho. Para esse setor existem algumas iniciativas como os projetos Agente da Palavra, que leva recitais de literatura para cidades e bairros, o Outras Palavras, com encontros de escritores e artistas com estudantes de col\u00e9gios p\u00fablicos, e tamb\u00e9m a possibilidade de projetos no Funcultura. \u201c\u00c9 uma cadeia que forma os leitores, que motiva todo o sistema liter\u00e1rio. Nas escutas, diagnosticamos que precisamos pensar em mais a\u00e7\u00f5es para essa \u00e1rea, principalmente com eventos em bibliotecas p\u00fablicas ou comunit\u00e1rias\u201d, comenta Roberto.<br \/>\nAs bibliotecas s\u00e3o ponto fundamental. \u201cA ideia delas se transformou muito. As bibliotecas precisam hoje ter uma din\u00e2mica muito forte, ser t\u00e3o atrativa quando um clube, com v\u00e1rias atividades. Isso foi diagnosticado e vamos tentar implementar. N\u00e3o d\u00e1 mais para pensar um biblioteca sem atividades: ela fica morta, como um mero dep\u00f3sito de livros\u201d, pondera o gestor.<\/p>\n<div id=\"smartIntxt\" class=\"publicidade-entre-texto\">\n<div class=\"player_dynad_tv\">O cen\u00e1rio da cadeia produtiva, com livreiros, sebistas e livrarias, \u00e9 mais complexa, com a crise econ\u00f4mica, o fechamento de lojas das grandes redes e o receio de pequenos empreendedores ao abrirem novos neg\u00f3cios. Segundo Roberto, esse setor foi um dos menos representados em encontros. Ainda assim, o Plano Estadual do Livro planeja a cria\u00e7\u00e3o de linhas de cr\u00e9dito, o incentivo \u00e0 participa\u00e7\u00e3o de feiras nacionais e internacionais, a inser\u00e7\u00e3o de editoras e autores independentes nos editais de compras governamentais do Estado e a cria\u00e7\u00e3o de um cat\u00e1logo das obras produzidas pelo Sistema Estadual de Incentivo \u00e0 Cultura.<\/div>\n<\/div>\n<p>Um dos elementos mais importantes do projeto, no entanto, \u00e9 a busca por estabelecer um plano de a\u00e7\u00e3o para os pr\u00f3ximos dez anos, indo al\u00e9m de governos espec\u00edficos. \u201cO grande desafio \u00e9 a proposta da cria\u00e7\u00e3o de um fundo setorial para a literatura. A gente suspeita que exista uma dificuldade de passar isso pelas restri\u00e7\u00f5es or\u00e7ament\u00e1rias atuais no Brasil\u201d, aponta o gestor de Literatura. \u201cA gente viveu uma expans\u00e3o das pol\u00edticas culturais nos \u00faltimos 15 anos, quando houve margem para detalhar pol\u00edticas, criar planos setoriais e estabelecer um sistema para cada linguagem art\u00edstica. Essa \u00e9 uma luta antiga.\u201d<\/p>\n<p>No artigo divulgado, o grupo de trabalho ainda destaca cinco eixos de a\u00e7\u00e3o para o PELLLB: a democratiza\u00e7\u00e3o do acesso ao livro, \u00e0 leitura e \u00e0s bibliotecas; a forma\u00e7\u00e3o e capacita\u00e7\u00e3o profissional; o desenvolvimento da economia do livro; a valoriza\u00e7\u00e3o da literatura; e a gest\u00e3o, cogest\u00e3o e transpar\u00eancia. Em breve, o texto vai ser submetido \u00e0 Casa Civil e, depois de aprova\u00e7\u00e3o e de poss\u00edveis mudan\u00e7as, seguir\u00e1 para a Assembleia Legislativa.<\/p>\n<p>Dispon\u00edvel em: <a href=\"https:\/\/jconline.ne10.uol.com.br\/canal\/cultura\/literatura\/noticia\/2019\/08\/15\/plano-estadual-do-livro-comeca-a-virar-projeto-de-lei-385694.php\">https:\/\/jconline.ne10.uol.com.br\/canal\/cultura\/literatura\/noticia\/2019\/08\/15\/plano-estadual-do-livro-comeca-a-virar-projeto-de-lei-385694.php<\/a>. Acesso em: 16 ago. 2019.<\/p>\n<\/div>\n","protected":false},"excerpt":{"rendered":"<p>Ideia \u00e9 criar um documento com diretrizes para as politicas p\u00fablicas do livro, leitura, literatura e bibliotecas em Pernambuco O coordenador de Literatura da Secretaria Estadual de Cultura, Roberto Azoubel Foto: Jan Ribeiro\/Secult-PE\/Divulga\u00e7\u00e3o Diogo Guedes Depois de cerca de tr\u00eas anos de debates, escutas e reuni\u00f5es, o Plano Estadual do Livro, Leitura, Literatura e Bibliotecas &#8230; <a title=\"Plano Estadual do Livro come\u00e7a a virar projeto de lei\" class=\"read-more\" href=\"https:\/\/mundobibliotecario.com.br\/index.php\/2019\/08\/20\/plano-estadual-do-livro-comeca-a-virar-projeto-de-lei\/\" aria-label=\"Read more about Plano Estadual do Livro come\u00e7a a virar projeto de lei\">Ler mais<\/a><\/p>\n","protected":false},"author":1,"featured_media":0,"comment_status":"open","ping_status":"open","sticky":false,"template":"","format":"standard","meta":{"_mi_skip_tracking":false,"_exactmetrics_sitenote_active":false,"_exactmetrics_sitenote_note":"","_exactmetrics_sitenote_category":0,"_jetpack_newsletter_access":"","footnotes":""},"categories":[60],"tags":[1673],"class_list":["post-5235","post","type-post","status-publish","format-standard","hentry","category-noticias","tag-plano-estadual-do-livro-leitura-literatura-e-bibliotecas-de-pernambuco"],"jetpack_featured_media_url":"","jetpack_sharing_enabled":true,"jetpack-related-posts":[{"id":2822,"url":"https:\/\/mundobibliotecario.com.br\/index.php\/2013\/01\/29\/no-brasil-bibliotecas-inovadoras-convivem-com-quadro-de-descaso\/","url_meta":{"origin":5235,"position":0},"title":"No Brasil, bibliotecas inovadoras convivem com quadro de descaso","author":"mundobibliotecario","date":"29\/01\/2013","format":false,"excerpt":"Enquanto algumas passam por reformas, incorporam novas m\u00eddias e tend\u00eancias, pa\u00eds ainda tem deficit de bibliotecas nas escolas. \u00a0BBC Biblioteca de S\u00e3o Paulo (Foto: BBC Brasil) No t\u00e9rreo da Biblioteca de S\u00e3o Paulo, ouve-se o burburinho de crian\u00e7as brincando nos computadores, jogando jogos de tabuleiros ou circulando entre as estantes\u2026","rel":"","context":"Em &quot;Not\u00edcias&quot;","block_context":{"text":"Not\u00edcias","link":"https:\/\/mundobibliotecario.com.br\/index.php\/category\/noticias\/"},"img":{"alt_text":"","src":"https:\/\/i0.wp.com\/s2.glbimg.com\/p3dWMRRupYn2ypZ8QV67PjlBF3gDK8Hf5yJwAEaxfgxIoz-HdGixxa_8qOZvMp3w\/s.glbimg.com\/jo\/g1\/f\/original\/2013\/01\/25\/bibliotecasp_1.jpg?resize=350%2C200","width":350,"height":200},"classes":[]},{"id":2744,"url":"https:\/\/mundobibliotecario.com.br\/index.php\/2012\/11\/04\/biblioteca-digital-de-pernambuco-sera-lancada-em-breve\/","url_meta":{"origin":5235,"position":1},"title":"Biblioteca Digital de Pernambuco ser\u00e1 lan\u00e7ada em breve","author":"mundobibliotecario","date":"04\/11\/2012","format":false,"excerpt":"Jornal do Brasil Antonio Campos O Instituto Maximiano Campos (IMC) e a ARC - Ind\u00fastrias Criativas estar\u00e3o lan\u00e7ando, em breve, o projeto Biblioteca Digital de Pernambuco. Ser\u00e1 uma biblioteca virtual em nuvem de livros digitais. O foco ser\u00e3o os autores pernambucanos, mas n\u00e3o um ambiente exclusivo deles. Ser\u00e1 lan\u00e7ada a\u2026","rel":"","context":"Em &quot;Not\u00edcias&quot;","block_context":{"text":"Not\u00edcias","link":"https:\/\/mundobibliotecario.com.br\/index.php\/category\/noticias\/"},"img":{"alt_text":"","src":"","width":0,"height":0},"classes":[]},{"id":5449,"url":"https:\/\/mundobibliotecario.com.br\/index.php\/2020\/01\/05\/rede-sesc-de-bibliotecas-vai-trabalhar-conceito-de-leituras-elasticas\/","url_meta":{"origin":5235,"position":2},"title":"Rede Sesc de Bibliotecas vai trabalhar conceito de leituras el\u00e1sticas","author":"mundobibliotecario","date":"05\/01\/2020","format":false,"excerpt":"Trabalho \u00e9 sobre a abordagem l\u00fadica em que se pode misturar livros com outras plataformas Ideia \u00e9 refor\u00e7ar o valor de promo\u00e7\u00e3o de leitura para al\u00e9m do livro. Cr\u00e9dito da foto: Pixabay Com um total de 386 unidades atualmente em funcionamento em todo o pa\u00eds, sendo 329 bibliotecas fixas e\u2026","rel":"","context":"Em &quot;Not\u00edcias&quot;","block_context":{"text":"Not\u00edcias","link":"https:\/\/mundobibliotecario.com.br\/index.php\/category\/noticias\/"},"img":{"alt_text":"","src":"","width":0,"height":0},"classes":[]},{"id":9792,"url":"https:\/\/mundobibliotecario.com.br\/index.php\/2022\/02\/16\/prorrogadas-inscricoes-para-o-conselho-diretivo-do-plano-nacional-do-livro-e-leitura\/","url_meta":{"origin":5235,"position":3},"title":"Prorrogadas inscri\u00e7\u00f5es para o Conselho Diretivo do Plano Nacional do Livro e Leitura","author":"mundobibliotecario","date":"16\/02\/2022","format":false,"excerpt":"Interessados em fazer parte do conselho poder\u00e3o se inscrever at\u00e9 o dia 27 de fevereiro Interessados podem se inscrever at\u00e9 o dia 27 de fevereiro. Cr\u00e9dito: Roberto Castro\/MTur O edital para sele\u00e7\u00e3o e habilita\u00e7\u00e3o de organiza\u00e7\u00f5es da sociedade civil representativas de autores, de editores, de bibliotecas p\u00fablicas e de especialistas\u2026","rel":"","context":"Em &quot;Not\u00edcias&quot;","block_context":{"text":"Not\u00edcias","link":"https:\/\/mundobibliotecario.com.br\/index.php\/category\/noticias\/"},"img":{"alt_text":"","src":"https:\/\/i0.wp.com\/mundobibliotecario.com.br\/wp-content\/uploads\/2022\/02\/biblioteca.png?resize=350%2C200&ssl=1","width":350,"height":200},"classes":[]},{"id":5171,"url":"https:\/\/mundobibliotecario.com.br\/index.php\/2019\/07\/28\/bolsonaro-extingue-conselho-consultivo-do-plano-nacional-do-livro-e-leitura\/","url_meta":{"origin":5235,"position":4},"title":"Bolsonaro extingue Conselho Consultivo do Plano Nacional do Livro e Leitura","author":"mundobibliotecario","date":"28\/07\/2019","format":false,"excerpt":"PUBLISHNEWS, REDA\u00c7\u00c3O, 24\/07\/2019 Colegiado composto por volunt\u00e1rios tinha por miss\u00e3o dar assist\u00eancia ao Plano que tra\u00e7a estrat\u00e9gias permanentes para a execu\u00e7\u00e3o das a\u00e7\u00f5es de fomento \u00e0 leitura no pa\u00eds Na edi\u00e7\u00e3o desta quarta-feira (24), o Di\u00e1rio Oficial da Uni\u00e3o trouxe o decreto 9.930 que alterou o dispositivo anterior que versava\u2026","rel":"","context":"Em &quot;Not\u00edcias&quot;","block_context":{"text":"Not\u00edcias","link":"https:\/\/mundobibliotecario.com.br\/index.php\/category\/noticias\/"},"img":{"alt_text":"","src":"","width":0,"height":0},"classes":[]},{"id":4024,"url":"https:\/\/mundobibliotecario.com.br\/index.php\/2015\/10\/29\/volnei-canonica-precisamos-de-leitores-plenos\/","url_meta":{"origin":5235,"position":5},"title":"Volnei Can\u00f4nica: &#8220;precisamos de leitores plenos&#8221;","author":"mundobibliotecario","date":"29\/10\/2015","format":false,"excerpt":"Maristela Scheuer Deves - Pioneiro - 12\/09\/2015 Uma das cabe\u00e7as por tr\u00e1s da cria\u00e7\u00e3o, em 2005, do Programa Permanente de Est\u00edmulo \u00e0 Leitura (PPEL), Volnei Can\u00f4nica, 41 anos, j\u00e1 atuou na \u00e1rea de teatro em Caxias do Sul, assessorou a Funda\u00e7\u00e3o Nacional do Livro Infantil e Juvenil (FNLIJ), coordenou o\u2026","rel":"","context":"Em &quot;Not\u00edcias&quot;","block_context":{"text":"Not\u00edcias","link":"https:\/\/mundobibliotecario.com.br\/index.php\/category\/noticias\/"},"img":{"alt_text":"","src":"","width":0,"height":0},"classes":[]}],"jetpack_likes_enabled":true,"jetpack_shortlink":"https:\/\/wp.me\/pcbzwa-1mr","_links":{"self":[{"href":"https:\/\/mundobibliotecario.com.br\/index.php\/wp-json\/wp\/v2\/posts\/5235","targetHints":{"allow":["GET"]}}],"collection":[{"href":"https:\/\/mundobibliotecario.com.br\/index.php\/wp-json\/wp\/v2\/posts"}],"about":[{"href":"https:\/\/mundobibliotecario.com.br\/index.php\/wp-json\/wp\/v2\/types\/post"}],"author":[{"embeddable":true,"href":"https:\/\/mundobibliotecario.com.br\/index.php\/wp-json\/wp\/v2\/users\/1"}],"replies":[{"embeddable":true,"href":"https:\/\/mundobibliotecario.com.br\/index.php\/wp-json\/wp\/v2\/comments?post=5235"}],"version-history":[{"count":0,"href":"https:\/\/mundobibliotecario.com.br\/index.php\/wp-json\/wp\/v2\/posts\/5235\/revisions"}],"wp:attachment":[{"href":"https:\/\/mundobibliotecario.com.br\/index.php\/wp-json\/wp\/v2\/media?parent=5235"}],"wp:term":[{"taxonomy":"category","embeddable":true,"href":"https:\/\/mundobibliotecario.com.br\/index.php\/wp-json\/wp\/v2\/categories?post=5235"},{"taxonomy":"post_tag","embeddable":true,"href":"https:\/\/mundobibliotecario.com.br\/index.php\/wp-json\/wp\/v2\/tags?post=5235"}],"curies":[{"name":"wp","href":"https:\/\/api.w.org\/{rel}","templated":true}]}}