{"id":5270,"date":"2019-08-29T16:00:03","date_gmt":"2019-08-29T19:00:03","guid":{"rendered":"http:\/\/mundobibliotecario.com.br\/?p=5270"},"modified":"2019-08-29T16:00:03","modified_gmt":"2019-08-29T19:00:03","slug":"orcid-no-curriculo-lattes-atualizacao-2019","status":"publish","type":"post","link":"https:\/\/mundobibliotecario.com.br\/index.php\/2019\/08\/29\/orcid-no-curriculo-lattes-atualizacao-2019\/","title":{"rendered":"ORCiD no Curr\u00edculo Lattes [Atualiza\u00e7\u00e3o 2019]"},"content":{"rendered":"<p>No dia\u00a0 21\/08\/19, identifiquei que o identificador <strong>ORCiD<\/strong> estava novamente vis\u00edvel no <strong>Curr\u00edculo Lattes<\/strong>.<\/p>\n<p>Essa reintegra\u00e7\u00e3o do <strong>ORCiD no Lattes<\/strong> deve-se, entre outras poss\u00edveis raz\u00f5es, ao lan\u00e7amento do <a href=\"https:\/\/www.conectibrasil.org\/\">Cons\u00f3rcio Nacional em Educa\u00e7\u00e3o, Ci\u00eancia, Tecnologia e Inova\u00e7\u00e3o (CONECTI Brasil)<\/a>, cujo objetivo \u00e9 &#8220;[&#8230;] unificar e padronizar os dados da pesquisa, facilitando o processo e a transpar\u00eancia dos envolvidos.&#8221; (CUNHA, 2019).<\/p>\n<p>Para ajudar os leitores do Mundo Bibliotec\u00e1rio na inclus\u00e3o do <strong>ORCiD no Lattes<\/strong>, preparei um novo tutorial abaixo:<\/p>\n<p>&nbsp;<\/p>\n<p>1. Acesse seu Curr\u00edculo Lattes em <a href=\"http:\/\/lattes.cnpq.br\">http:\/\/lattes.cnpq.br<\/a>.<\/p>\n<p>2. Clique no m\u00f3dulo \u201cDados gerais\u201d.<\/p>\n<p>3. Clique em \u201cIdentifica\u00e7\u00e3o\u201d.<\/p>\n<p style=\"text-align:left;\"><a href=\"http:\/\/mundobibliotecario.com.br\/wp-content\/uploads\/2019\/08\/1.jpg\"><img loading=\"lazy\" decoding=\"async\" class=\"size-full wp-image-5275 alignleft\" src=\"http:\/\/mundobibliotecario.com.br\/wp-content\/uploads\/2019\/08\/1.jpg\" alt=\"\" width=\"275\" height=\"161\" \/><\/a><\/p>\n<p>&nbsp;<\/p>\n<p>&nbsp;<\/p>\n<p>&nbsp;<\/p>\n<p>&nbsp;<\/p>\n<p>&nbsp;<\/p>\n<p>4. Selecione o campo \u201cOutros identificadores\u201d.<\/p>\n<p style=\"text-align:left;\"><a href=\"http:\/\/mundobibliotecario.com.br\/wp-content\/uploads\/2019\/08\/2.jpg\"><img loading=\"lazy\" decoding=\"async\" class=\"size-full wp-image-5276 alignleft\" src=\"http:\/\/mundobibliotecario.com.br\/wp-content\/uploads\/2019\/08\/2.jpg\" alt=\"\" width=\"126\" height=\"257\" \/><\/a><\/p>\n<p>&nbsp;<\/p>\n<p>&nbsp;<\/p>\n<p>&nbsp;<\/p>\n<p>&nbsp;<\/p>\n<p>&nbsp;<\/p>\n<p>&nbsp;<\/p>\n<p>&nbsp;<\/p>\n<p>&nbsp;<\/p>\n<p>5. Clique em \u201cRegister or Connect your ORCiD ID\u201d.<\/p>\n<p style=\"text-align:left;\"><a href=\"http:\/\/mundobibliotecario.com.br\/wp-content\/uploads\/2019\/08\/3.jpg\"><img loading=\"lazy\" decoding=\"async\" class=\"size-full wp-image-5278 alignnone\" src=\"http:\/\/mundobibliotecario.com.br\/wp-content\/uploads\/2019\/08\/3.jpg\" alt=\"\" width=\"219\" height=\"55\" \/><\/a><\/p>\n<p>6. Autorize o acesso do CNPq ao seu ORCiD.<\/p>\n<p>&nbsp;<\/p>\n<p><strong>REFER\u00caNCIA<\/strong><\/p>\n<p>CUNHA, M. <strong>Institui\u00e7\u00f5es oficializam lan\u00e7amento do CONECTI<\/strong>. 2019. Dispon\u00edvel em: <a href=\"https:\/\/www.conectibrasil.org\/instituicoes-oficializam-lancamento-do-conecti\/\">https:\/\/www.conectibrasil.org\/instituicoes-oficializam-lancamento-do-conecti\/<\/a>. Acesso em: 28 ago. 2019.<\/p>\n","protected":false},"excerpt":{"rendered":"<p>No dia\u00a0 21\/08\/19, identifiquei que o identificador ORCiD estava novamente vis\u00edvel no Curr\u00edculo Lattes. Essa reintegra\u00e7\u00e3o do ORCiD no Lattes deve-se, entre outras poss\u00edveis raz\u00f5es, ao lan\u00e7amento do Cons\u00f3rcio Nacional em Educa\u00e7\u00e3o, Ci\u00eancia, Tecnologia e Inova\u00e7\u00e3o (CONECTI Brasil), cujo objetivo \u00e9 &#8220;[&#8230;] unificar e padronizar os dados da pesquisa, facilitando o processo e a transpar\u00eancia &#8230; <a title=\"ORCiD no Curr\u00edculo Lattes [Atualiza\u00e7\u00e3o 2019]\" class=\"read-more\" href=\"https:\/\/mundobibliotecario.com.br\/index.php\/2019\/08\/29\/orcid-no-curriculo-lattes-atualizacao-2019\/\" aria-label=\"Read more about ORCiD no Curr\u00edculo Lattes [Atualiza\u00e7\u00e3o 2019]\">Ler mais<\/a><\/p>\n","protected":false},"author":1,"featured_media":0,"comment_status":"open","ping_status":"open","sticky":false,"template":"","format":"standard","meta":{"_mi_skip_tracking":false,"_exactmetrics_sitenote_active":false,"_exactmetrics_sitenote_note":"","_exactmetrics_sitenote_category":0,"_jetpack_newsletter_access":"","footnotes":""},"categories":[60],"tags":[1184,1224],"class_list":["post-5270","post","type-post","status-publish","format-standard","hentry","category-noticias","tag-curriculo-lattes","tag-orcid"],"jetpack_featured_media_url":"","jetpack_sharing_enabled":true,"jetpack-related-posts":[{"id":4317,"url":"https:\/\/mundobibliotecario.com.br\/index.php\/2016\/08\/12\/orcid-integrado-ao-curriculo-lattes\/","url_meta":{"origin":5270,"position":0},"title":"ORCID integrado ao Curr\u00edculo Lattes!","author":"mundobibliotecario","date":"12\/08\/2016","format":false,"excerpt":"\u00daltima atualiza\u00e7\u00e3o deste post: 13\/11\/18. Em 2016, informamos que o ORCID havia sido integrado no Curr\u00edculo Lattes. Neste ano de 2018, por\u00e9m, a integra\u00e7\u00e3o foi descontinuada. Segundo not\u00edcias publicadas no Direto da Ci\u00eancia, temos acompanhado que em 2018 a Plataforma Lattes tem apresentado v\u00e1rios problemas, sendo a integra\u00e7\u00e3o com o\u2026","rel":"","context":"Em &quot;Not\u00edcias&quot;","block_context":{"text":"Not\u00edcias","link":"https:\/\/mundobibliotecario.com.br\/index.php\/category\/noticias\/"},"img":{"alt_text":"Capturar","src":"https:\/\/i0.wp.com\/mundobibliotecario.com.br\/wp-content\/uploads\/2018\/11\/capturar.jpg?resize=350%2C200","width":350,"height":200},"classes":[]},{"id":4985,"url":"https:\/\/mundobibliotecario.com.br\/index.php\/2018\/08\/18\/elevacao-da-plataforma\/","url_meta":{"origin":5270,"position":1},"title":"Eleva\u00e7\u00e3o da plataforma","author":"mundobibliotecario","date":"18\/08\/2018","format":false,"excerpt":"Moderniza\u00e7\u00e3o da base de curr\u00edculos Lattes busca ampliar a confian\u00e7a em seus dados e estimula debate sobre o potencial da ferramenta A\u00a0Plataforma Lattes, uma base de dados que re\u00fane mais de 5 milh\u00f5es de curr\u00edculos de pesquisadores e estudantes do pa\u00eds, vai passar por um processo de moderniza\u00e7\u00e3o at\u00e9 o\u2026","rel":"","context":"Em &quot;Not\u00edcias&quot;","block_context":{"text":"Not\u00edcias","link":"https:\/\/mundobibliotecario.com.br\/index.php\/category\/noticias\/"},"img":{"alt_text":"","src":"","width":0,"height":0},"classes":[]},{"id":8869,"url":"https:\/\/mundobibliotecario.com.br\/index.php\/2021\/05\/14\/1o-workshop-da-lihem-uff-como-preencher-o-curriculo-lattes\/","url_meta":{"origin":5270,"position":2},"title":"1\u00ba Workshop da LiHEm UFF: Como preencher o Curr\u00edculo Lattes","author":"mundobibliotecario","date":"14\/05\/2021","format":false,"excerpt":"Voc\u00ea est\u00e1 convidado! I Workshop da LiHEm: Como preencher o Curr\u00edculo Lattes\u00a0 Data: 18 de maio de 2021 Hor\u00e1rio: 16h - 18h Local: Canal de YouTube da LiHEm P\u00fablico alvo: estudantes e\/ou profissionais de quaisquer \u00e1reas do conhecimento Este evento virtual vai te ensinar como preencher o Curr\u00edculo Lattes, plataforma\u2026","rel":"","context":"Em &quot;Eventos&quot;","block_context":{"text":"Eventos","link":"https:\/\/mundobibliotecario.com.br\/index.php\/category\/eventos\/"},"img":{"alt_text":"workshop curriculo lattes","src":"https:\/\/i0.wp.com\/mundobibliotecario.com.br\/wp-content\/uploads\/2021\/05\/workshop-curriculo-lattes.jpg?resize=350%2C200&ssl=1","width":350,"height":200},"classes":[]},{"id":9102,"url":"https:\/\/mundobibliotecario.com.br\/index.php\/2021\/07\/09\/ueim-convida-curriculo-lattes\/","url_meta":{"origin":5270,"position":3},"title":"UEIM Convida &#8211; Curr\u00edculo Lattes","author":"mundobibliotecario","date":"09\/07\/2021","format":false,"excerpt":"A Unidade Especial de Informa\u00e7\u00e3o e Mem\u00f3ria (UEIM) da Universidade Federal de S\u00e3o Carlos (UFSCar) lan\u00e7ou o projeto\u00a0\"UEIM Convida\". O projeto foi elaborado pelo bibliotec\u00e1rio da UEIM, Ricardo Biscalchin, e tem como objetivo oferecer orienta\u00e7\u00f5es para os pesquisadores desenvolverem seu trabalho. \u00a0Fui convidado para falar sobre o Curr\u00edculo Lattes e\u2026","rel":"","context":"Em &quot;Not\u00edcias&quot;","block_context":{"text":"Not\u00edcias","link":"https:\/\/mundobibliotecario.com.br\/index.php\/category\/noticias\/"},"img":{"alt_text":"","src":"https:\/\/i0.wp.com\/img.youtube.com\/vi\/eoKbO1i5rvc\/0.jpg?resize=350%2C200","width":350,"height":200},"classes":[]},{"id":4251,"url":"https:\/\/mundobibliotecario.com.br\/index.php\/2016\/04\/02\/abril-mes-do-curriculo-lattes\/","url_meta":{"origin":5270,"position":4},"title":"Abril: m\u00eas do Curr\u00edculo Lattes!","author":"mundobibliotecario","date":"02\/04\/2016","format":false,"excerpt":"Neste m\u00eas, participarei de dois eventos nos quais fui convidado para falar sobre o Curr\u00edculo Lattes! No dia 13\/04\/16, das 9h00 \u00e0s 12h00, ministrarei\u00a0o minicurso \"Apresentando-se bem com o Curr\u00edculo Lattes\" na Biblioteca da UFSCar de Araras, durante o evento \"1\u00aa Semana Acad\u00eamica da Biblioteca Campus Araras\". O evento foi\u2026","rel":"","context":"Em &quot;Eventos&quot;","block_context":{"text":"Eventos","link":"https:\/\/mundobibliotecario.com.br\/index.php\/category\/eventos\/"},"img":{"alt_text":"","src":"","width":0,"height":0},"classes":[]},{"id":9947,"url":"https:\/\/mundobibliotecario.com.br\/index.php\/2022\/05\/15\/seu-curriculo-lattes-pode-estar-ameacado-de-extincao-se-voce-nao-agir-agora\/","url_meta":{"origin":5270,"position":5},"title":"Seu Curr\u00edculo Lattes corre perigo se voc\u00ea n\u00e3o agir agora!","author":"mundobibliotecario","date":"15\/05\/2022","format":false,"excerpt":"A partir do dia 16\/05, o acesso aos sistemas do CNPq vai mudar. Obviamente, o Curr\u00edculo Lattes est\u00e1 inclu\u00eddo nisso. Veja as informa\u00e7\u00f5es aqui:\u00a0https:\/\/www.gov.br\/cnpq\/pt-br\/assuntos\/noticias\/cnpq-em-acao\/acesso-aos-sistemas-do-cnpq-vai-mudar Aperte o play no v\u00eddeo abaixo e vejam como salvar seu curr\u00edculo em PDF e DOC.https:\/\/www.youtube.com\/watch?v=pP8pyV9b66E","rel":"","context":"Em &quot;Not\u00edcias&quot;","block_context":{"text":"Not\u00edcias","link":"https:\/\/mundobibliotecario.com.br\/index.php\/category\/noticias\/"},"img":{"alt_text":"","src":"","width":0,"height":0},"classes":[]}],"jetpack_likes_enabled":true,"jetpack_shortlink":"https:\/\/wp.me\/pcbzwa-1n0","_links":{"self":[{"href":"https:\/\/mundobibliotecario.com.br\/index.php\/wp-json\/wp\/v2\/posts\/5270","targetHints":{"allow":["GET"]}}],"collection":[{"href":"https:\/\/mundobibliotecario.com.br\/index.php\/wp-json\/wp\/v2\/posts"}],"about":[{"href":"https:\/\/mundobibliotecario.com.br\/index.php\/wp-json\/wp\/v2\/types\/post"}],"author":[{"embeddable":true,"href":"https:\/\/mundobibliotecario.com.br\/index.php\/wp-json\/wp\/v2\/users\/1"}],"replies":[{"embeddable":true,"href":"https:\/\/mundobibliotecario.com.br\/index.php\/wp-json\/wp\/v2\/comments?post=5270"}],"version-history":[{"count":0,"href":"https:\/\/mundobibliotecario.com.br\/index.php\/wp-json\/wp\/v2\/posts\/5270\/revisions"}],"wp:attachment":[{"href":"https:\/\/mundobibliotecario.com.br\/index.php\/wp-json\/wp\/v2\/media?parent=5270"}],"wp:term":[{"taxonomy":"category","embeddable":true,"href":"https:\/\/mundobibliotecario.com.br\/index.php\/wp-json\/wp\/v2\/categories?post=5270"},{"taxonomy":"post_tag","embeddable":true,"href":"https:\/\/mundobibliotecario.com.br\/index.php\/wp-json\/wp\/v2\/tags?post=5270"}],"curies":[{"name":"wp","href":"https:\/\/api.w.org\/{rel}","templated":true}]}}