{"id":5298,"date":"2019-09-22T16:00:12","date_gmt":"2019-09-22T19:00:12","guid":{"rendered":"http:\/\/mundobibliotecario.com.br\/?p=5298"},"modified":"2019-09-22T16:00:12","modified_gmt":"2019-09-22T19:00:12","slug":"usp-avanca-em-nova-biblioteca-a-ser-custeada-com-reparo-por-caixa-2","status":"publish","type":"post","link":"https:\/\/mundobibliotecario.com.br\/index.php\/2019\/09\/22\/usp-avanca-em-nova-biblioteca-a-ser-custeada-com-reparo-por-caixa-2\/","title":{"rendered":"USP avan\u00e7a em nova biblioteca a ser custeada com reparo por caixa 2"},"content":{"rendered":"<p class=\"subtitle\"><strong>Faculdade de Direito da USP fez projeto para ocupar pr\u00e9dio de 14 andares em SP e espera verba de acordo entre Minist\u00e9rio P\u00fablico e a CCR<\/strong><\/p>\n<p>S\u00c3O PAULO<br \/>\nM\u00e1rcio Pinho, do R7<br \/>\n18\/09\/2019 &#8211; 02h00 (Atualizado em 18\/09\/2019 &#8211; 12h41)<\/p>\n<p>&nbsp;<\/p>\n<div class=\"edges\">\n<p><img decoding=\"async\" class=\"croppable aligncenter\" title=\"Pr\u00e9dio na Rua Riachuelo poder\u00e1 ser acessado por passarela\" src=\"https:\/\/img.r7.com\/images\/predio-na-rua-riachuelo-podera-ser-acessado-por-passarela-17092019153741234?dimensions=660x360&amp;&amp;amp;&amp;amp;&amp;amp;&amp;amp;&amp;amp;&amp;amp;&amp;amp;&amp;amp;&amp;amp;&amp;amp;&amp;amp;&amp;amp;&amp;amp;&amp;amp;&amp;amp;resize=660x360&amp;amp;crop=1501x819+0+0&amp;amp;&amp;amp;&amp;amp;&amp;amp;&amp;amp;&amp;amp;&amp;amp;&amp;amp;&amp;amp;&amp;amp;&amp;amp;&amp;amp;&amp;amp;&amp;amp;&amp;amp;resize=660x360&amp;amp;crop=1501x819+0+0\" alt=\"Pr\u00e9dio na Rua Riachuelo poder\u00e1 ser acessado por passarela\" \/><\/p>\n<div class=\"gallery_link\" style=\"text-align:center;\"><strong>Pr\u00e9dio na Rua Riachuelo poder\u00e1 ser acessado por passarela<\/strong><\/div>\n<\/div>\n<div class=\"content_image\" style=\"text-align:center;\"><span class=\"credit_box \">Divulga\u00e7\u00e3o\/Paulo Bruna Arquitetos Associados<\/span><\/div>\n<div><\/div>\n<div><\/div>\n<div>\n<p>A Faculdade de Direito da USP projetou a constru\u00e7\u00e3o de uma nova biblioteca em um pr\u00e9dio de 14 andares vizinho a sua sede. A constru\u00e7\u00e3o \u00e9 um desejo antigo e busca resolver um problema que se arrasta h\u00e1 anos, a falta de um espa\u00e7o adequado para o acervo da faculdade, um dos maiores e mais relevantes do pa\u00eds com cerca de 500 mil volumes. Cerca de 200 mil exemplares ir\u00e3o para o novo pr\u00e9dio.<\/p>\n<p>A biblioteca ficar\u00e1 no Edif\u00edcio Cl\u00e1udio Lembo, desapropriado em 2006 pela faculdade e que deveria ter recebido a \u00e1rea administrativa, mas est\u00e1 em condi\u00e7\u00f5es prec\u00e1rias e foi embargado pela Prefeitura de S\u00e3o Paulo. O espa\u00e7o pode ser acessado a partir da faculdade por meio de uma passarela que atravessa a Rua Riachuelo.<\/p>\n<div class=\"media_box full-dimensions300x490\">\n<div class=\"edges\">\n<p><img decoding=\"async\" class=\"croppable\" title=\"Ilustra\u00e7\u00e3o da nova biblioteca\" src=\"https:\/\/img.r7.com\/images\/ilustracao-do-predio-da-nova-biblioteca-da-usp-17092019153522996?dimensions=300x490\" alt=\"Ilustra\u00e7\u00e3o da nova biblioteca\" \/><\/p>\n<div class=\"gallery_link\"><strong>Ilustra\u00e7\u00e3o da nova biblioteca<\/strong><\/div>\n<div class=\"gallery_link\"><em>Divulga\u00e7\u00e3o\/Paulo Bruna Arquitetos Associados<\/em><\/div>\n<\/div>\n<\/div>\n<\/div>\n<div><\/div>\n<div>\n<p>Um novo passo para tirar o projeto do papel foi dado no dia 5 de setembro, quando o governador Jo\u00e3o Doria declarou de utilidade p\u00fablica uma \u00e1rea verde que dever\u00e1 ser um espa\u00e7o de conv\u00edvio no novo complexo. A USP espera a conclus\u00e3o da desapropria\u00e7\u00e3o para dar andamento \u00e0 aprova\u00e7\u00e3o do projeto na prefeitura. A inten\u00e7\u00e3o \u00e9 iniciar as obras em 2020.<\/p>\n<p>A adapta\u00e7\u00e3o e instala\u00e7\u00e3o da nova biblioteca est\u00e3o or\u00e7adas em cerca de R$ 33 milh\u00f5es. Parte da verba \u2013 R$ 17 milh\u00f5es \u2013 pode estar garantida por meio de um acordo fechado pelo Minist\u00e9rio P\u00fablico de S\u00e3o Paulo e o grupo CCR. A empresa respons\u00e1vel por concession\u00e1rias de rodovias paulistas j\u00e1 come\u00e7ou a ressarcir os cofres p\u00fablicos em mais de R$ 81 milh\u00f5es em raz\u00e3o da pr\u00e1tica de caixa dois em campanhas pol\u00edticas. Pelo acordo com a Promotoria, parte da verba ser\u00e1 destinada ao projeto da biblioteca. O dinheiro est\u00e1 sendo depoistado em ju\u00edzo.<\/p>\n<p>A gest\u00e3o Jo\u00e3o Doria, por\u00e9m, entrou na Justi\u00e7a contra a homologa\u00e7\u00e3o do acordo e e pode inviabilizar a doa\u00e7\u00e3o. Segundo a Procuradoria Geral do Estado, a inten\u00e7\u00e3o \u00e9 que a verba seja destinada aos cofres do governo. Em nota, a Procuradoria afirmou que &#8220;o governo estadual entende que a integralidade do valor do acordo feito pela CCR deve ser revertida para o tesouro do Estado, que ent\u00e3o poder\u00e1 decidir quanto \u00e0 destina\u00e7\u00e3o dos recursos&#8221;.<\/p>\n<\/div>\n<p>&nbsp;<\/p>\n<p><strong>Projeto<\/strong><\/p>\n<p>O projeto arquitet\u00f4nico doado pelo escrit\u00f3rio Paulo Bruna Arquitetos Associados foi inspirado em modernas bibliotecas como a da Universidade de Salamanca, na Espanha, e prev\u00ea uma grande reforma.<\/p>\n<p>Ser\u00e3o criados espa\u00e7os de leitura e estudos em grupo ao longo de sete andares, sendo um voltado a leitura de peri\u00f3dicos e conte\u00fado em tablets. Tr\u00eas n\u00edveis ser\u00e3o reservados ao acervo de livros. Os exemplares subir\u00e3o \u00e0s salas de leitura por meio de elevadores monta-cargas, o que permitir\u00e1 maior controle e evitar\u00e1 furtos. Haver\u00e1 ainda andares reservados \u00e0 administra\u00e7\u00e3o e um audit\u00f3rio.<\/p>\n<div class=\"media_box full-dimensions660x360\">\n<div class=\"edges\">\n<p><img decoding=\"async\" class=\"croppable\" title=\"Passarela liga Faculdade de Direito ao pr\u00e9dio onde ser\u00e1 constru\u00edda biblioteca\" src=\"https:\/\/img.r7.com\/images\/passarela-liga-faculdade-de-direito-a-direita-ao-predio-onde-sera-construida-biblioteca-a-esquerda-17092019112358312?dimensions=660x360&amp;&amp;amp;&amp;amp;&amp;amp;&amp;amp;&amp;amp;&amp;amp;&amp;amp;&amp;amp;&amp;amp;&amp;amp;&amp;amp;&amp;amp;&amp;amp;&amp;amp;&amp;amp;resize=660x360&amp;amp;crop=1008x550+154+0&amp;amp;&amp;amp;&amp;amp;&amp;amp;&amp;amp;&amp;amp;&amp;amp;&amp;amp;&amp;amp;&amp;amp;&amp;amp;&amp;amp;&amp;amp;&amp;amp;&amp;amp;resize=660x360&amp;amp;crop=1008x550+154+0\" alt=\"Passarela liga Faculdade de Direito ao pr\u00e9dio onde ser\u00e1 constru\u00edda biblioteca\" \/><\/p>\n<div class=\"gallery_link\"><strong>Passarela liga Faculdade de Direito ao pr\u00e9dio onde ser\u00e1 constru\u00edda biblioteca<\/strong><\/div>\n<\/div>\n<div class=\"content_image\"><em><span class=\"credit_box \">Cec\u00edlia Bastos\/USP Imagens\/Jornal da USP<\/span><\/em><\/div>\n<\/div>\n<div><\/div>\n<div>\n<p>A crise foi amplamente noticiada pela imprensa, bem como imagens de obras encaixotadas atingidas por vazamentos. O edif\u00edcio passou por reformas mas, ainda assim, n\u00e3o \u00e9 considerado o espa\u00e7o ideal para abrigar a biblioteca.<\/p>\n<p>Segundo o diretor da faculdade, o professor Floriano de Azevedo Marques Neto, a mudan\u00e7a \u00e9 \u201cconsensual\u201d e esperada h\u00e1 anos.<\/p>\n<p>O atual edif\u00edcio, do come\u00e7o do s\u00e9culo passado, era um espa\u00e7o de pequenos escrit\u00f3rios e n\u00e3o permite salas espa\u00e7osas pr\u00f3prias para uma biblioteca. A estrutura n\u00e3o \u00e9 adequada para suportar o peso de uma biblioteca espalhada por v\u00e1rios andares. Al\u00e9m disso, seriam necess\u00e1rios 36 funcion\u00e1rios para tomar conta dos livros de todas as salas fossem ocupadas.<\/p>\n<p>Marques Neto afirma que o projeto \u00e9 importante n\u00e3o apenas para a comunidade acad\u00eamica, mas para a popula\u00e7\u00e3o externa. Segundo ele, desde 2010, o p\u00fablico anual caiu de 100 mil para 15 mil.<\/p>\n<p>\u201c\u00c9 a oportunidade de oferecer a toda a popula\u00e7\u00e3o acesso a principal biblioteca jur\u00eddica de S\u00e3o Paulo e aumentar a oferta de locais para estudo, n\u00e3o s\u00f3 para estudantes, mas tamb\u00e9m para visitantes. O projeto aponta para as bibliotecas do s\u00e9culo 21, mais informatizadas\u201d, diz Marques Neto.<\/p>\n<\/div>\n<div><\/div>\n<div>\n<div class=\"media_box full-dimensions460x305\">\n<div class=\"edges\">\n<p><img decoding=\"async\" class=\"croppable\" title=\"Projeto prev\u00ea salas de leitura e estudos\" src=\"https:\/\/img.r7.com\/images\/projeto-preve-salas-de-leitura-e-estudos-17092019153933265?dimensions=460x305&amp;&amp;amp;&amp;amp;&amp;amp;&amp;amp;&amp;amp;&amp;amp;&amp;amp;&amp;amp;&amp;amp;&amp;amp;&amp;amp;&amp;amp;&amp;amp;&amp;amp;&amp;amp;&amp;amp;&amp;amp;&amp;amp;resize=460x305&amp;amp;crop=721x478+0+243&amp;amp;&amp;amp;&amp;amp;&amp;amp;&amp;amp;&amp;amp;&amp;amp;&amp;amp;&amp;amp;&amp;amp;&amp;amp;&amp;amp;&amp;amp;&amp;amp;&amp;amp;&amp;amp;&amp;amp;&amp;amp;resize=460x305&amp;amp;crop=721x478+0+243\" alt=\"Projeto prev\u00ea salas de leitura e estudos\" \/><\/p>\n<div class=\"gallery_link\"><strong>Projeto prev\u00ea salas de leitura e estudos<\/strong><\/div>\n<\/div>\n<div class=\"content_image\"><em><span class=\"credit_box \">Divulga\u00e7\u00e3o\/Paulo Bruna Arquitetos Associados<\/span><\/em><\/div>\n<\/div>\n<\/div>\n<div><\/div>\n<div>Ainda sem saber o desfecho do imbroglio judicial sobre a verba da CCR, a administra\u00e7\u00e3o da faculdade trabalha para adiantar o projeto. Um dos passos necess\u00e1rios ser\u00e1 a aprova\u00e7\u00e3o do projeto nos \u00f3rg\u00e3os de patrim\u00f4nio hist\u00f3rico da cidade e do Estado de S\u00e3o Paulo. Isso porque o pr\u00e9dio hist\u00f3rico da faculdade \u00e9 tombado, o que implica que interven\u00e7\u00f5es no entorno tamb\u00e9m precisam ser autorizadas.<\/div>\n<div><\/div>\n<div>\n<div class=\"media_box full-dimensions300x490\">\n<div class=\"edges\">\n<p><img decoding=\"async\" class=\"croppable\" title=\"Pr\u00e9dio que abriga acervo desde 2010\" src=\"https:\/\/img.r7.com\/images\/predio-que-abriga-parte-do-acervo-desde-2010-17092019154254281?dimensions=300x490&amp;&amp;amp;&amp;amp;&amp;amp;&amp;amp;&amp;amp;&amp;amp;&amp;amp;&amp;amp;&amp;amp;&amp;amp;&amp;amp;&amp;amp;&amp;amp;&amp;amp;&amp;amp;&amp;amp;&amp;amp;&amp;amp;resize=300x490&amp;amp;crop=800x1306+80+0&amp;amp;&amp;amp;&amp;amp;&amp;amp;&amp;amp;&amp;amp;&amp;amp;&amp;amp;&amp;amp;&amp;amp;&amp;amp;&amp;amp;&amp;amp;&amp;amp;&amp;amp;&amp;amp;&amp;amp;&amp;amp;resize=300x490&amp;amp;crop=800x1306+80+0\" alt=\"Pr\u00e9dio que abriga acervo desde 2010\" \/><\/p>\n<div class=\"gallery_link\"><strong>Pr\u00e9dio que abriga acervo desde 2010<\/strong><\/div>\n<\/div>\n<div class=\"content_image\"><em><span class=\"credit_box \">M\u00e1rcio Pinho\/R7<\/span><\/em><\/div>\n<\/div>\n<p><strong>Acervo<\/strong><\/p>\n<p>A constru\u00e7\u00e3o da nova biblioteca permitir\u00e1 que o acervo hist\u00f3rico da faculdade fique no pr\u00e9dio do Largo S\u00e3o Francisco e seja melhor acomodado. Paralelamente, a faculdade organiza a digitaliza\u00e7\u00e3o dos exemplares.<\/p>\n<p>A biblioteca foi criada em 1825 e \u00e9 considerada a primeira p\u00fablica de S\u00e3o Paulo. O acervo come\u00e7ou com doa\u00e7\u00f5es dos vizinhos de pr\u00e9dio da faculdade na \u00e9poca. O Convento de S\u00e3o Francisco, por exemplo, doou suas cole\u00e7\u00f5es que datam de 1644.<\/p>\n<p>A obra mais antiga em poder da faculdade \u00e9 a vers\u00e3o original da Divina Com\u00e9dia, de Dante Alighieri, de 1520. Trata-se de um exemplo de como o servi\u00e7o n\u00e3o se restringe a um acervo dedicado somente \u00e0s ci\u00eancias jur\u00eddicas.<\/p>\n<\/div>\n<div><\/div>\n<div>Dispon\u00edvel em: <a href=\"https:\/\/noticias.r7.com\/sao-paulo\/usp-avanca-em-nova-biblioteca-a-ser-custeada-com-reparo-por-caixa-2-18092019\">https:\/\/noticias.r7.com\/sao-paulo\/usp-avanca-em-nova-biblioteca-a-ser-custeada-com-reparo-por-caixa-2-18092019<\/a>. Acesso em: 20 set. 2019.<\/div>\n","protected":false},"excerpt":{"rendered":"<p>Faculdade de Direito da USP fez projeto para ocupar pr\u00e9dio de 14 andares em SP e espera verba de acordo entre Minist\u00e9rio P\u00fablico e a CCR S\u00c3O PAULO M\u00e1rcio Pinho, do R7 18\/09\/2019 &#8211; 02h00 (Atualizado em 18\/09\/2019 &#8211; 12h41) &nbsp; Pr\u00e9dio na Rua Riachuelo poder\u00e1 ser acessado por passarela Divulga\u00e7\u00e3o\/Paulo Bruna Arquitetos Associados A &#8230; <a title=\"USP avan\u00e7a em nova biblioteca a ser custeada com reparo por caixa 2\" class=\"read-more\" href=\"https:\/\/mundobibliotecario.com.br\/index.php\/2019\/09\/22\/usp-avanca-em-nova-biblioteca-a-ser-custeada-com-reparo-por-caixa-2\/\" aria-label=\"Read more about USP avan\u00e7a em nova biblioteca a ser custeada com reparo por caixa 2\">Ler mais<\/a><\/p>\n","protected":false},"author":1,"featured_media":0,"comment_status":"open","ping_status":"open","sticky":false,"template":"","format":"standard","meta":{"_mi_skip_tracking":false,"_exactmetrics_sitenote_active":false,"_exactmetrics_sitenote_note":"","_exactmetrics_sitenote_category":0,"_jetpack_newsletter_access":"","footnotes":""},"categories":[60],"tags":[2,1274,1515,1276,227],"class_list":["post-5298","post","type-post","status-publish","format-standard","hentry","category-noticias","tag-biblioteca","tag-faculdade-de-direito","tag-fd-usp","tag-universidade-de-sao-paulo","tag-usp"],"jetpack_featured_media_url":"","jetpack_sharing_enabled":true,"jetpack-related-posts":[{"id":5493,"url":"https:\/\/mundobibliotecario.com.br\/index.php\/2020\/02\/20\/faculdade-de-direito-da-usp-tera-projeto-ousado-para-nova-biblioteca\/","url_meta":{"origin":5298,"position":0},"title":"Faculdade de Direito da USP ter\u00e1 projeto ousado para nova biblioteca","author":"mundobibliotecario","date":"20\/02\/2020","format":false,"excerpt":"A Faculdade de Direto da USP teve ratificado pelo Tribunal de Justi\u00e7a do Estado de S\u00e3o Paulo o acordo entre o Minist\u00e9rio P\u00fablico e o Grupo CCR, que contempla uma doa\u00e7\u00e3o de R$ 17 milh\u00f5es destinada \u00e0 constru\u00e7\u00e3o da nova biblioteca. \u201cEssa \u00e9 uma importante decis\u00e3o [sobre os recursos] que\u2026","rel":"","context":"Em &quot;Not\u00edcias&quot;","block_context":{"text":"Not\u00edcias","link":"https:\/\/mundobibliotecario.com.br\/index.php\/category\/noticias\/"},"img":{"alt_text":"","src":"","width":0,"height":0},"classes":[]},{"id":3931,"url":"https:\/\/mundobibliotecario.com.br\/index.php\/2015\/09\/15\/convite-para-palestra-as-praticas-de-tirania-nas-bibliotecas-brasileiras-pelo-bibliotecario-e-pesquisador-cristian-santos\/","url_meta":{"origin":5298,"position":1},"title":"Convite para palestra &quot;As pr\u00e1ticas de tirania nas bibliotecas brasileiras&quot;, pelo bibliotec\u00e1rio e pesquisador Cristian Santos","author":"mundobibliotecario","date":"15\/09\/2015","format":"image","excerpt":"","rel":"","context":"Em &quot;Eventos&quot;","block_context":{"text":"Eventos","link":"https:\/\/mundobibliotecario.com.br\/index.php\/category\/eventos\/"},"img":{"alt_text":"","src":"https:\/\/mundobibliotecario.files.wordpress.com\/2015\/09\/image003.jpg?w=350&h=200&crop=1","width":350,"height":200},"classes":[]},{"id":4930,"url":"https:\/\/mundobibliotecario.com.br\/index.php\/2015\/09\/15\/convite-para-palestra-as-praticas-de-tirania-nas-bibliotecas-brasileiras-pelo-bibliotecario-e-pesquisador-cristian-santos-2\/","url_meta":{"origin":5298,"position":2},"title":"Convite para palestra &#8220;As pr\u00e1ticas de tirania nas bibliotecas brasileiras&#8221;, pelo bibliotec\u00e1rio e pesquisador Cristian Santos","author":"mundobibliotecario","date":"15\/09\/2015","format":"image","excerpt":"","rel":"","context":"Em &quot;Eventos&quot;","block_context":{"text":"Eventos","link":"https:\/\/mundobibliotecario.com.br\/index.php\/category\/eventos\/"},"img":{"alt_text":"","src":"https:\/\/mundobibliotecario.files.wordpress.com\/2015\/09\/image003.jpg?w=350&h=200&crop=1","width":350,"height":200},"classes":[]},{"id":2198,"url":"https:\/\/mundobibliotecario.com.br\/index.php\/2011\/09\/13\/seminario-na-fmusp-discute-a-propriedade-intelectual\/","url_meta":{"origin":5298,"position":3},"title":"Semin\u00e1rio na FMUSP discute a propriedade intelectual","author":"mundobibliotecario","date":"13\/09\/2011","format":false,"excerpt":"Fonte: Ag\u00eancia USP - Acontece no dia 15\/09, a partir das 9 horas, o semin\u00e1rio Propriedade Intelectual em Foco, que ser\u00e1 realizado pelo Globo Universidade no Teatro da Faculdade de Medicina da USP (FMUSP). O objetivo do encontro \u00e9 discutir a reforma da Lei de Direitos Autorais, conforme as propostas\u2026","rel":"","context":"Em &quot;Eventos&quot;","block_context":{"text":"Eventos","link":"https:\/\/mundobibliotecario.com.br\/index.php\/category\/eventos\/"},"img":{"alt_text":"","src":"","width":0,"height":0},"classes":[]},{"id":1469,"url":"https:\/\/mundobibliotecario.com.br\/index.php\/2010\/09\/24\/v-semana-de-biblioteconomia-da-ecausp\/","url_meta":{"origin":5298,"position":4},"title":"V Semana de Biblioteconomia da ECA\/USP","author":"mundobibliotecario","date":"24\/09\/2010","format":false,"excerpt":"V Semana de Biblioteconomia da Escola de Comunica\u00e7\u00f5es e Artes (ECA) da Universidade de S\u00e3o Paulo (USP) De 27\/09 a 01\/10 A Semana de Biblioteconomia da Escola de Comunica\u00e7\u00f5es e Artes (ECA) da Universidade de S\u00e3o Paulo (USP) \u00e9 em evento acad\u00eamico que objetiva estimular e promover o esp\u00edrito cr\u00edtico\u2026","rel":"","context":"Em &quot;Eventos&quot;","block_context":{"text":"Eventos","link":"https:\/\/mundobibliotecario.com.br\/index.php\/category\/eventos\/"},"img":{"alt_text":"","src":"","width":0,"height":0},"classes":[]},{"id":5329,"url":"https:\/\/mundobibliotecario.com.br\/index.php\/2019\/10\/03\/2a-jornada-estagio-e-pesquisa-na-biblioteca-brasiliana\/","url_meta":{"origin":5298,"position":5},"title":"2\u00aa Jornada &#8211; Est\u00e1gio e Pesquisa na Biblioteca Brasiliana","author":"mundobibliotecario","date":"03\/10\/2019","format":false,"excerpt":"Ag\u00eancia FAPESP\u00a0\u2013 A Biblioteca Brasiliana Guita e Jos\u00e9 Mindlin (BBM) da Universidade de S\u00e3o Paulo (USP) organiza sua 2\u00aa Jornada - Est\u00e1gio e Pesquisa no dia 4 de outubro de 2019, em S\u00e3o Paulo. O evento reunir\u00e1 pesquisadores, bolsistas e estagi\u00e1rios que atualmente participam nos projetos da biblioteca para reiterar\u2026","rel":"","context":"Em &quot;Not\u00edcias&quot;","block_context":{"text":"Not\u00edcias","link":"https:\/\/mundobibliotecario.com.br\/index.php\/category\/noticias\/"},"img":{"alt_text":"","src":"","width":0,"height":0},"classes":[]}],"jetpack_likes_enabled":true,"jetpack_shortlink":"https:\/\/wp.me\/pcbzwa-1ns","_links":{"self":[{"href":"https:\/\/mundobibliotecario.com.br\/index.php\/wp-json\/wp\/v2\/posts\/5298","targetHints":{"allow":["GET"]}}],"collection":[{"href":"https:\/\/mundobibliotecario.com.br\/index.php\/wp-json\/wp\/v2\/posts"}],"about":[{"href":"https:\/\/mundobibliotecario.com.br\/index.php\/wp-json\/wp\/v2\/types\/post"}],"author":[{"embeddable":true,"href":"https:\/\/mundobibliotecario.com.br\/index.php\/wp-json\/wp\/v2\/users\/1"}],"replies":[{"embeddable":true,"href":"https:\/\/mundobibliotecario.com.br\/index.php\/wp-json\/wp\/v2\/comments?post=5298"}],"version-history":[{"count":0,"href":"https:\/\/mundobibliotecario.com.br\/index.php\/wp-json\/wp\/v2\/posts\/5298\/revisions"}],"wp:attachment":[{"href":"https:\/\/mundobibliotecario.com.br\/index.php\/wp-json\/wp\/v2\/media?parent=5298"}],"wp:term":[{"taxonomy":"category","embeddable":true,"href":"https:\/\/mundobibliotecario.com.br\/index.php\/wp-json\/wp\/v2\/categories?post=5298"},{"taxonomy":"post_tag","embeddable":true,"href":"https:\/\/mundobibliotecario.com.br\/index.php\/wp-json\/wp\/v2\/tags?post=5298"}],"curies":[{"name":"wp","href":"https:\/\/api.w.org\/{rel}","templated":true}]}}