{"id":5323,"date":"2019-10-01T09:00:42","date_gmt":"2019-10-01T12:00:42","guid":{"rendered":"http:\/\/mundobibliotecario.com.br\/?p=5323"},"modified":"2019-10-01T09:00:42","modified_gmt":"2019-10-01T12:00:42","slug":"presidente-da-agencia-usp-de-gestao-da-informacao-academica-visita-as-instalacoes-do-sdo","status":"publish","type":"post","link":"https:\/\/mundobibliotecario.com.br\/index.php\/2019\/10\/01\/presidente-da-agencia-usp-de-gestao-da-informacao-academica-visita-as-instalacoes-do-sdo\/","title":{"rendered":"Presidente da Ag\u00eancia USP de Gest\u00e3o da Informa\u00e7\u00e3o Acad\u00eamica visita as instala\u00e7\u00f5es do SDO"},"content":{"rendered":"<p>No final da tarde de ter\u00e7a-feira, 24 de setembro de 2019, a FOUSP recebeu a visita do Presidente da Ag\u00eancia USP de Gest\u00e3o da Informa\u00e7\u00e3o Acad\u00eamica, Prof. Dr. Jackson Cioni Bittencourt. A fim de conhecer a estrutura do local, o Presidente foi recebido pelo Diretor Prof. Dr. Rodney Garcia Rocha, pelo Prof. Dr. Rog\u00e9rio Nogueira de Oliveira membro da Comiss\u00e3o da Biblioteca e pela Chefe T\u00e9cnica do Servi\u00e7o de Documenta\u00e7\u00e3o Odontol\u00f3gica Sra. L\u00facia Maria Sebastiana Ver\u00f4nica Costa Ramos, esteve presente tamb\u00e9m nesta visita o bibliotec\u00e1rio da Ag\u00eancia USP de Gest\u00e3o da Informa\u00e7\u00e3o Acad\u00eamica o Sr.\u00a0 Laucivaldo Cardoso de Oliveira.<\/p>\n<p>O objetivo da visita foi conhecer a estrutura organizacional e os produtos e servi\u00e7os oferecidos pelo SDO, bem como os projetos de inova\u00e7\u00e3o que est\u00e3o sendo desenvolvidos para melhor atender \u00e0 comunidade acad\u00eamica e cient\u00edfica.<\/p>\n<p>O Servi\u00e7o de Documenta\u00e7\u00e3o Odontol\u00f3gica \u00e9 reconhecido pela qualidade de seu acervo e por ser considerada a maior biblioteca na \u00e1rea de ci\u00eancias odontol\u00f3gica da Am\u00e9rica Latina. Ap\u00f3s as apresenta\u00e7\u00f5es formais, o grupo se dirigiu ao local onde foi apresentado\u00a0 o projeto CRAIfousp \u2013 Centro de Recursos para a Aprendizagem e Investiga\u00e7\u00e3o baseado no modelo da declara\u00e7\u00e3o de Bolonha de 1999, desenvolvido pelo Prof. Dr. Moacyr Domingos Novelli, pela Sra. L\u00facia Maria Sebastiana Ver\u00f4nica Costa Ramos e pelo analista Robson Brand\u00e3o.<\/p>\n<p>Os CRAIs s\u00e3o espa\u00e7os criados junto \u00e0s bibliotecas, onde s\u00e3o disponibilizados recursos tecnol\u00f3gicos aos usu\u00e1rios, para facilitar a investiga\u00e7\u00e3o e a experimenta\u00e7\u00e3o de assuntos oriundos do imaginar cient\u00edfico. O espa\u00e7o agrega um projeto que prop\u00f5e modifica\u00e7\u00f5es gradativas na forma de ensinar a arte e a t\u00e9cnica da odontologia, colocando \u00e0 disposi\u00e7\u00e3o dos alunos de gradua\u00e7\u00e3o da FOUSP laborat\u00f3rios experimentais, destinados ao desenvolvimento de atividades pr\u00e1ticas paralelas \u00e0s atividades curriculares j\u00e1 existentes nos cursos diurno e noturno.<\/p>\n<p>O foco \u00e9 o desenvolvimento de modelos did\u00e1ticos em odontologia voltados ao incremento das habilidades manuais, tendo como base um suporte te\u00f3rico n\u00e3o abordado no curr\u00edculo normal da gradua\u00e7\u00e3o. O espa\u00e7o \u00e9 acessado livremente pelos alunos de gradua\u00e7\u00e3o para despertar o racioc\u00ednio cient\u00edfico e interagir com professores e pesquisadores, constituindo um centro de produ\u00e7\u00e3o cient\u00edfica gerada pela atividade did\u00e1tica.<\/p>\n<p>Este projeto tem como objetivo conciliar ensino e pesquisa que implica em transmitir conhecimentos de pesquisas que contribuam para a evolu\u00e7\u00e3o da ci\u00eancia e a forma\u00e7\u00e3o de seus alunos para a cidadania com suas especialidades. Em termos pr\u00e1ticos isso significa ter espa\u00e7os laboratoriais para experimenta\u00e7\u00f5es e bibliotecas para acumular e organizar o conhecimento que, at\u00e9 ent\u00e3o, apresenta-se com not\u00f3ria dicotomia f\u00edsica de ambientes por assim entendermos como conveniente para as pr\u00e1ticas acad\u00eamicas.<\/p>\n<p>Com instala\u00e7\u00f5es laboratoriais anexas \u00e0 biblioteca que permitem materializar conceitos como o de Redes Colaborativas, conhecimentos multi e interdisciplinares e processos criativos de investiga\u00e7\u00e3o .Esta interdisciplinaridade e integra\u00e7\u00e3o com outras unidades tem sido o principal foco na nova Ag\u00eancia USP da Informa\u00e7\u00e3o Acad\u00eamica.<\/p>\n<p>O Prof.Dr. Moacyr apresentou tamb\u00e9m o anteprojeto\u00a0Intelig\u00eancia artificial para atendimento cl\u00ednico odontol\u00f3gico\u00a0 que est\u00e1 desenvolvendo junto com o analista Robson Brand\u00e3o do SDO.<\/p>\n<p>Na sequ\u00eancia, o Presidente conheceu os acervos I e II da Biblioteca, a sala de restauro, a de obras especiais e obras raras datadas de 1800, a gr\u00e1fica e a sala de desbaste, e tamb\u00e9m a participa\u00e7\u00e3o ativa do\u00a0 Servi\u00e7o de Documenta\u00e7\u00e3o Odontol\u00f3gica na disciplina de Metodologia Cient\u00edfica onde bibliotec\u00e1rios com especializa\u00e7\u00e3o, mestrado e doutorado ministram as aulas.<\/p>\n<p>O objetivo principal da disciplina \u00e9 capacitar o aluno na elabora\u00e7\u00e3o do trabalho cient\u00edfico, apresentando as fontes de informa\u00e7\u00e3o qualificadas para apoio na recupera\u00e7\u00e3o dos textos cient\u00edficos. S\u00e3o abordados temas como a pesquisa na universidade, os tipos de trabalho cient\u00edfico, a defini\u00e7\u00e3o do tema e da pergunta de pesquisa, o acesso \u00e0 informa\u00e7\u00e3o especializada em odontologia, consulta \u00e0s bases de dados, Terminologia em Odontologia, EndNote, estrutura do artigo cient\u00edfico, normaliza\u00e7\u00e3o t\u00e9cnica, \u00e9tica em publica\u00e7\u00f5es, pl\u00e1gio e outros assuntos referentes \u00e0s publica\u00e7\u00f5es cient\u00edficas.O SDO ministra Treinamento nas bases de dados PUBMED, BVS, PORTAL CAPES, SCOPUS entre outras e a Capacita\u00e7\u00e3o no\u00a0 Endnoteweb (Gerenciador de Refer\u00eancias) para os usu\u00e1rios.<\/p>\n<p>Para finalizar, a bibliotec\u00e1ria falou da\u00a0 Rede BVS odontologia Brasil que \u00e9 um projeto que surgiu a partir da Rede do Sistema de Informa\u00e7\u00e3o Especializado da \u00c1rea de Odontologia.<\/p>\n<p>Desde 1991, O Servi\u00e7o de Documenta\u00e7\u00e3o Odontol\u00f3gica da USP (SDO\/USP) vem coordenando as atividades da \u201cSub-Rede Nacional de Informa\u00e7\u00e3o na \u00c1rea de Ci\u00eancias da Sa\u00fade Oral\u201d, atrav\u00e9s de projeto firmado entre W. K. Kellogg Foundation, Faculdade de Odontologia da USP e a BIREME que surgiu com a miss\u00e3o de contribuir para o desenvolvimento da odontologia no Brasil, por meio da promo\u00e7\u00e3o do uso da informa\u00e7\u00e3o t\u00e9cnico-cient\u00edfica.<\/p>\n<p>A Rede atua como um dos pilares no \u00e2mbito da dissemina\u00e7\u00e3o da informa\u00e7\u00e3o cient\u00edfica, por ser uma rede de informa\u00e7\u00e3o especializada em odontologia integrada a dezessete bibliotecas universit\u00e1rias de norte a sul do pa\u00eds com grande potencial de atua\u00e7\u00e3o junto aos pesquisadores e acad\u00eamicos em \u00e2mbito nacional e internacional.<\/p>\n<p>A BVS Odontologia Brasil, por sua vez, pode ser entendida como a inst\u00e2ncia que possibilita o acesso a informa\u00e7\u00e3o para atender \u00e0s necessidades de um grupo social ou da sociedade em geral, atrav\u00e9s da administra\u00e7\u00e3o do seu patrim\u00f4nio informacional e do exerc\u00edcio de uma fun\u00e7\u00e3o educativa, ao orientar os usu\u00e1rios na utiliza\u00e7\u00e3o da informa\u00e7\u00e3o. Sendo esta considerada refer\u00eancia nacional em informa\u00e7\u00e3o odontol\u00f3gica n\u00e3o se pode ignorar que um dos tra\u00e7os marcantes da atualidade \u00e9 a transforma\u00e7\u00e3o veloz da pr\u00f3pria natureza do conhecimento cient\u00edfico e tecnol\u00f3gico tendo seus reflexos cada vez mais vis\u00edveis no mundo atual, o que reflete nas universidades e nas bibliotecas integrantes da Rede BVS Odontologia Brasil, nova postura de atua\u00e7\u00e3o, resultando na necessidade da cria\u00e7\u00e3o da BVS Odontologia Brasil, integrando novos recursos de informa\u00e7\u00e3o e comunica\u00e7\u00e3o, e reconvertendo os pap\u00e9is dos diferentes atores reais e virtuais no processo de ensino-aprendizagem.<\/p>\n<p>Atualmente o SDO conta com 18 funcion\u00e1rios e\u00a0 \u00e9 composto por uma chefia t\u00e9cnica e tr\u00eas servi\u00e7os assim dispostos: Servi\u00e7os de Tratamento da Informa\u00e7\u00e3o,Servi\u00e7o de Assist\u00eancia e Divulga\u00e7\u00e3o T\u00e9cnico-Cient\u00edfica, Servi\u00e7o de Informa\u00e7\u00e3o Document\u00e1ria e Circula\u00e7\u00e3o.<\/p>\n<p><a href=\"http:\/\/mundobibliotecario.com.br\/wp-content\/uploads\/2019\/09\/foto.jpg\"><img loading=\"lazy\" decoding=\"async\" class=\"aligncenter size-full wp-image-5326\" src=\"http:\/\/mundobibliotecario.com.br\/wp-content\/uploads\/2019\/09\/foto.jpg\" alt=\"\" width=\"500\" height=\"337\" srcset=\"https:\/\/mundobibliotecario.com.br\/wp-content\/uploads\/2019\/09\/foto.jpg 945w, https:\/\/mundobibliotecario.com.br\/wp-content\/uploads\/2019\/09\/foto-300x202.jpg 300w, https:\/\/mundobibliotecario.com.br\/wp-content\/uploads\/2019\/09\/foto-768x518.jpg 768w\" sizes=\"auto, (max-width: 500px) 100vw, 500px\" \/><\/a><\/p>\n<p>Dispon\u00edvel em: <a href=\"http:\/\/www.fo.usp.br\/?p=49581\">http:\/\/www.fo.usp.br\/?p=49581<\/a>. Acesso em: 30 set. 2019.<\/p>\n","protected":false},"excerpt":{"rendered":"<p>No final da tarde de ter\u00e7a-feira, 24 de setembro de 2019, a FOUSP recebeu a visita do Presidente da Ag\u00eancia USP de Gest\u00e3o da Informa\u00e7\u00e3o Acad\u00eamica, Prof. Dr. Jackson Cioni Bittencourt. A fim de conhecer a estrutura do local, o Presidente foi recebido pelo Diretor Prof. Dr. Rodney Garcia Rocha, pelo Prof. Dr. Rog\u00e9rio Nogueira &#8230; <a title=\"Presidente da Ag\u00eancia USP de Gest\u00e3o da Informa\u00e7\u00e3o Acad\u00eamica visita as instala\u00e7\u00f5es do SDO\" class=\"read-more\" href=\"https:\/\/mundobibliotecario.com.br\/index.php\/2019\/10\/01\/presidente-da-agencia-usp-de-gestao-da-informacao-academica-visita-as-instalacoes-do-sdo\/\" aria-label=\"Read more about Presidente da Ag\u00eancia USP de Gest\u00e3o da Informa\u00e7\u00e3o Acad\u00eamica visita as instala\u00e7\u00f5es do SDO\">Ler mais<\/a><\/p>\n","protected":false},"author":1,"featured_media":0,"comment_status":"open","ping_status":"open","sticky":false,"template":"","format":"standard","meta":{"_mi_skip_tracking":false,"_exactmetrics_sitenote_active":false,"_exactmetrics_sitenote_note":"","_exactmetrics_sitenote_category":0,"_jetpack_newsletter_access":"","footnotes":""},"categories":[60],"tags":[1334,2,1455,1733,227],"class_list":["post-5323","post","type-post","status-publish","format-standard","hentry","category-noticias","tag-agencia-usp-de-gestao-da-informacao-academica","tag-biblioteca","tag-crai","tag-servico-de-documentacao-odontologica-da-usp","tag-usp"],"jetpack_featured_media_url":"","jetpack_sharing_enabled":true,"jetpack-related-posts":[{"id":5314,"url":"https:\/\/mundobibliotecario.com.br\/index.php\/2019\/09\/28\/a-aguia-comeca-a-levantar-voo\/","url_meta":{"origin":5323,"position":0},"title":"A Aguia come\u00e7a a levantar voo","author":"mundobibliotecario","date":"28\/09\/2019","format":false,"excerpt":"Decreto para cria\u00e7\u00e3o da ag\u00eancia que substitui SIBi foi publicado, marcando transi\u00e7\u00e3o Por Gabriel Araujo e Ligia Andrade Aguia englobar\u00e1 setores f\u00edsicos e digitais das bibliotecas. Cr\u00e9dito: Gabriel Araujo \u00a0 A pol\u00eamica transforma\u00e7\u00e3o do Sistema Integrado de Bibliotecas (SIBi) em ag\u00eancia come\u00e7ou. O Di\u00e1rio Oficial do Estado publicou em 27\u2026","rel":"","context":"Em &quot;Not\u00edcias&quot;","block_context":{"text":"Not\u00edcias","link":"https:\/\/mundobibliotecario.com.br\/index.php\/category\/noticias\/"},"img":{"alt_text":"","src":"","width":0,"height":0},"classes":[]},{"id":629,"url":"https:\/\/mundobibliotecario.com.br\/index.php\/2009\/05\/13\/iii-semana-usp-da-propriedade-intelectual\/","url_meta":{"origin":5323,"position":1},"title":"III Semana USP da Propriedade Intelectual","author":"mundobibliotecario","date":"13\/05\/2009","format":false,"excerpt":"A Assessoria Jur\u00eddica da Ag\u00eancia USP de Inova\u00e7\u00e3o tem o prazer de convid\u00e1-los para a III Semana USP da Propriedade Intelectual, a ocorrer nos dias 25 a 29 de maio, conforme documento abaixo ou consulta ao site da Ag\u00eancia USP - www.inovacao.usp.br. III SEMANA USP DA PROPRIEDADE INTELECTUAL \u2013 25\u2026","rel":"","context":"Em &quot;Eventos&quot;","block_context":{"text":"Eventos","link":"https:\/\/mundobibliotecario.com.br\/index.php\/category\/eventos\/"},"img":{"alt_text":"","src":"","width":0,"height":0},"classes":[]},{"id":10050,"url":"https:\/\/mundobibliotecario.com.br\/index.php\/2022\/07\/25\/criacao-da-agencia-de-bibliotecas-e-colecoes-digitais-da-universidade-de-sao-paulo-abcd-usp\/","url_meta":{"origin":5323,"position":2},"title":"Cria\u00e7\u00e3o da Ag\u00eancia de Bibliotecas e Cole\u00e7\u00f5es Digitais da Universidade de S\u00e3o Paulo (ABCD-USP)","author":"mundobibliotecario","date":"25\/07\/2022","format":false,"excerpt":"D.O.E.: 01\/07\/2022 RESOLU\u00c7\u00c3O N\u00ba 8269, DE 30 DE JUNHO DE 2022 (Revoga a Resolu\u00e7\u00e3o\u00a07791\/2019) Disp\u00f5e sobre a cria\u00e7\u00e3o da Ag\u00eancia de Bibliotecas e Cole\u00e7\u00f5es Digitais (ABCD) e d\u00e1 outras provid\u00eancias. O Reitor da Universidade de S\u00e3o Paulo, usando de suas atribui\u00e7\u00f5es legais, com fundamento no\u00a0art 42, IX, do Estatuto, tendo\u2026","rel":"","context":"Em &quot;Not\u00edcias&quot;","block_context":{"text":"Not\u00edcias","link":"https:\/\/mundobibliotecario.com.br\/index.php\/category\/noticias\/"},"img":{"alt_text":"","src":"https:\/\/i0.wp.com\/www.aguia.usp.br\/wp-content\/uploads\/2022\/07\/abcd-300x250.jpg?resize=350%2C200&ssl=1","width":350,"height":200},"classes":[]},{"id":2573,"url":"https:\/\/mundobibliotecario.com.br\/index.php\/2012\/05\/04\/ii-jornada-sobre-trabalhos-academicos-e-cientificos\/","url_meta":{"origin":5323,"position":3},"title":"II Jornada sobre Trabalhos Acad\u00eamicos e Cient\u00edficos","author":"mundobibliotecario","date":"04\/05\/2012","format":false,"excerpt":"08, 09 e 10 de maio de 2012 Inscri\u00e7\u00f5es e informa\u00e7\u00f5es: www.ufscar.br\/jornadatac Programa\u00e7\u00e3o 08 de maio - Ter\u00e7a-feira 10h00-12h00 \u0096 Palestra: Aspectos \u00e9ticos para a pesquisa cient\u00edfica - Prof. Dr. Daniel Vendr\u00fascolo (DM\/UFSCar) 14h30-16h30 - Mini-curso: Desenvolvimento de projetos acad\u00eamicos e cient\u00edficos \u0096 Profa. Dra. Camila Carneiro Dias Rigolin (DCI\/UFSCar)\u2026","rel":"","context":"Em &quot;Eventos&quot;","block_context":{"text":"Eventos","link":"https:\/\/mundobibliotecario.com.br\/index.php\/category\/eventos\/"},"img":{"alt_text":"","src":"","width":0,"height":0},"classes":[]},{"id":2103,"url":"https:\/\/mundobibliotecario.com.br\/index.php\/2011\/06\/29\/selecao-de-pos-doutoramento-em-gestao-da-informacao-ecausp\/","url_meta":{"origin":5323,"position":4},"title":"Sele\u00e7\u00e3o de P\u00f3s-Doutoramento em Gest\u00e3o da Informa\u00e7\u00e3o \u2013 ECA\/USP","author":"mundobibliotecario","date":"29\/06\/2011","format":false,"excerpt":"O Projeto Tem\u00e1tico Comunica\u00e7\u00e3o e Censura: an\u00e1lise te\u00f3rica e documental de processos cens\u00f3rios a partir do Arquivo Miroel Silveira da ECA\/USP (processo Fapesp 08\/56709-0), abre inscri\u00e7\u00f5es para bolsa de P\u00f3s-Doutoramento em Gerenciamento de Projetos. Tendo se iniciado em agosto de 2009 e com encerramento previsto para julho de 2013, visa\u2026","rel":"","context":"Em &quot;Not\u00edcias&quot;","block_context":{"text":"Not\u00edcias","link":"https:\/\/mundobibliotecario.com.br\/index.php\/category\/noticias\/"},"img":{"alt_text":"","src":"","width":0,"height":0},"classes":[]},{"id":1960,"url":"https:\/\/mundobibliotecario.com.br\/index.php\/2011\/04\/19\/vii-semana-a-pos-graduacao-da-eesc-na-biblioteca\/","url_meta":{"origin":5323,"position":5},"title":"VII Semana &#8220;A P\u00f3s-Gradua\u00e7\u00e3o da EESC na Biblioteca&#8221;","author":"mundobibliotecario","date":"19\/04\/2011","format":false,"excerpt":"O Servi\u00e7o de Biblioteca da EESC\/USP realizar\u00e1, entre os dias 26 e 29 de abril de 2011, a VII edi\u00e7\u00e3o da Semana \"A P\u00f3s-Gradua\u00e7\u00e3o da EESC na Biblioteca\". A programa\u00e7\u00e3o segue abaixo: 26\/04\/2011 - ter\u00e7a-feira 08h30 \u00e0s 09h00 Abertura - Exposi\u00e7\u00e3o permanente dos livros publicados pelos docentes da EESC Prof.\u2026","rel":"","context":"Em &quot;Eventos&quot;","block_context":{"text":"Eventos","link":"https:\/\/mundobibliotecario.com.br\/index.php\/category\/eventos\/"},"img":{"alt_text":"","src":"","width":0,"height":0},"classes":[]}],"jetpack_likes_enabled":true,"jetpack_shortlink":"https:\/\/wp.me\/pcbzwa-1nR","_links":{"self":[{"href":"https:\/\/mundobibliotecario.com.br\/index.php\/wp-json\/wp\/v2\/posts\/5323","targetHints":{"allow":["GET"]}}],"collection":[{"href":"https:\/\/mundobibliotecario.com.br\/index.php\/wp-json\/wp\/v2\/posts"}],"about":[{"href":"https:\/\/mundobibliotecario.com.br\/index.php\/wp-json\/wp\/v2\/types\/post"}],"author":[{"embeddable":true,"href":"https:\/\/mundobibliotecario.com.br\/index.php\/wp-json\/wp\/v2\/users\/1"}],"replies":[{"embeddable":true,"href":"https:\/\/mundobibliotecario.com.br\/index.php\/wp-json\/wp\/v2\/comments?post=5323"}],"version-history":[{"count":0,"href":"https:\/\/mundobibliotecario.com.br\/index.php\/wp-json\/wp\/v2\/posts\/5323\/revisions"}],"wp:attachment":[{"href":"https:\/\/mundobibliotecario.com.br\/index.php\/wp-json\/wp\/v2\/media?parent=5323"}],"wp:term":[{"taxonomy":"category","embeddable":true,"href":"https:\/\/mundobibliotecario.com.br\/index.php\/wp-json\/wp\/v2\/categories?post=5323"},{"taxonomy":"post_tag","embeddable":true,"href":"https:\/\/mundobibliotecario.com.br\/index.php\/wp-json\/wp\/v2\/tags?post=5323"}],"curies":[{"name":"wp","href":"https:\/\/api.w.org\/{rel}","templated":true}]}}