{"id":5351,"date":"2019-11-11T16:00:55","date_gmt":"2019-11-11T19:00:55","guid":{"rendered":"http:\/\/mundobibliotecario.com.br\/?p=5351"},"modified":"2019-11-11T16:00:55","modified_gmt":"2019-11-11T19:00:55","slug":"o-que-esperar-das-bibliotecas-no-seculo-xxi-pam-sandlian-smith-no-tedxmilehigh","status":"publish","type":"post","link":"https:\/\/mundobibliotecario.com.br\/index.php\/2019\/11\/11\/o-que-esperar-das-bibliotecas-no-seculo-xxi-pam-sandlian-smith-no-tedxmilehigh\/","title":{"rendered":"O que esperar das bibliotecas no s\u00e9culo XXI: Pam Sandlian Smith no TEDxMileHigh"},"content":{"rendered":"<p><iframe loading=\"lazy\" title=\"What to expect from libraries in the 21st century: Pam Sandlian Smith at TEDxMileHigh\" width=\"1200\" height=\"675\" src=\"https:\/\/www.youtube.com\/embed\/fa6ERdxyYdo?feature=oembed\" frameborder=\"0\" allow=\"accelerometer; autoplay; clipboard-write; encrypted-media; gyroscope; picture-in-picture; web-share\" allowfullscreen><\/iframe><\/p>\n<p>Clique em &#8220;Legendas\/legendas ocultas (c)&#8221; para ativar a legenda.<\/p>\n","protected":false},"excerpt":{"rendered":"<p>Clique em &#8220;Legendas\/legendas ocultas (c)&#8221; para ativar a legenda.<\/p>\n","protected":false},"author":1,"featured_media":0,"comment_status":"open","ping_status":"open","sticky":false,"template":"","format":"standard","meta":{"_mi_skip_tracking":false,"_exactmetrics_sitenote_active":false,"_exactmetrics_sitenote_note":"","_exactmetrics_sitenote_category":0,"_jetpack_newsletter_access":"","footnotes":""},"categories":[60],"tags":[2,1654,1765],"class_list":["post-5351","post","type-post","status-publish","format-standard","hentry","category-noticias","tag-biblioteca","tag-pam-sandlian-smith","tag-ted"],"jetpack_featured_media_url":"","jetpack_sharing_enabled":true,"jetpack-related-posts":[{"id":5569,"url":"https:\/\/mundobibliotecario.com.br\/index.php\/2020\/04\/20\/seminario-bibliotecas-em-tempos-de-crise\/","url_meta":{"origin":5351,"position":0},"title":"Semin\u00e1rio &#8220;Bibliotecas em tempos de crise&#8221;","author":"mundobibliotecario","date":"20\/04\/2020","format":false,"excerpt":"https:\/\/youtu.be\/rqCRYIdKaRo Fonte: ENSSIB A \u00c9cole Nationale Sup\u00e9rieure des Sciences de L'information et des Biblioth\u00e8ques (ENSSIB) apresenta o semin\u00e1rio \"Bibliotecas em tempos de crise\" (#BiblioCovid19) com a curadora e pesquisadora Rapha\u00eblle Bats. As sess\u00f5es 1 e 2 j\u00e1 foram apresentadas e est\u00e3o dispon\u00edveis no YouTube. Confira abaixo todas as sess\u00f5es e\u2026","rel":"","context":"Em &quot;Not\u00edcias&quot;","block_context":{"text":"Not\u00edcias","link":"https:\/\/mundobibliotecario.com.br\/index.php\/category\/noticias\/"},"img":{"alt_text":"","src":"https:\/\/i0.wp.com\/img.youtube.com\/vi\/rqCRYIdKaRo\/0.jpg?resize=350%2C200","width":350,"height":200},"classes":[]},{"id":9704,"url":"https:\/\/mundobibliotecario.com.br\/index.php\/2021\/12\/15\/recursos-informacionais-para-pesquisa-academica-o-que-voce-precisa-saber\/","url_meta":{"origin":5351,"position":1},"title":"Recursos informacionais para pesquisa acad\u00eamica: o que voc\u00ea precisa saber","author":"mundobibliotecario","date":"15\/12\/2021","format":false,"excerpt":"O Sistema Integrado de Bibliotecas da UFSCar (SIBi-UFSCar @sibiufscar ), por meio da C\u00e2mara T\u00e9cnica Capacita\u00e7\u00e3o em Informa\u00e7\u00e3o e Tecnologias Educacionais (CapacITE) lan\u00e7a o projeto \u201cRecursos informacionais para pesquisa acad\u00eamica: o que voc\u00ea precisa saber\u201d, composto por 30 videoaulas distribu\u00eddas em 5 s\u00e9ries, cujos t\u00edtulos s\u00e3o: O que voc\u00ea precisa\u2026","rel":"","context":"Em &quot;Not\u00edcias&quot;","block_context":{"text":"Not\u00edcias","link":"https:\/\/mundobibliotecario.com.br\/index.php\/category\/noticias\/"},"img":{"alt_text":"","src":"https:\/\/i0.wp.com\/mundobibliotecario.com.br\/wp-content\/uploads\/2021\/12\/WhatsApp-Image-2021-12-06-at-10.07.00.jpeg?resize=350%2C200&ssl=1","width":350,"height":200},"classes":[]},{"id":5575,"url":"https:\/\/mundobibliotecario.com.br\/index.php\/2020\/04\/22\/goethe-institut-disponibiliza-gratuitamente-mais-de-21-000-titulos-em-biblioteca-digital\/","url_meta":{"origin":5351,"position":2},"title":"Goethe-Institut disponibiliza gratuitamente mais de 21.000 t\u00edtulos em biblioteca digital","author":"mundobibliotecario","date":"22\/04\/2020","format":false,"excerpt":"Biblioteca Onleihe oferece livros, revistas, jornais, m\u00fasicas, audiobooks e filmes \u2013 quase tudo em alem\u00e3o Para quem l\u00ea alem\u00e3o ou quer se aperfei\u00e7oar no idioma, o Goethe-Institut oferece o acesso on-line gratuito a mais de 21.000 t\u00edtulos \u2013 quase todos em alem\u00e3o \u2013 dispon\u00edveis na biblioteca digital Onleihe:\u00a0https:\/\/www.onleihe.de\/goethe-institut\/. Segundo a\u2026","rel":"","context":"Em &quot;Not\u00edcias&quot;","block_context":{"text":"Not\u00edcias","link":"https:\/\/mundobibliotecario.com.br\/index.php\/category\/noticias\/"},"img":{"alt_text":"","src":"","width":0,"height":0},"classes":[]},{"id":2351,"url":"https:\/\/mundobibliotecario.com.br\/index.php\/2011\/12\/06\/moradores-de-bairro-tentam-resgatar-biblioteca-centenaria-em-londres\/","url_meta":{"origin":5351,"position":3},"title":"Moradores de bairro tentam resgatar biblioteca centen\u00e1ria em Londres","author":"mundobibliotecario","date":"06\/12\/2011","format":false,"excerpt":"06\/12\/2011 - 08h00 DA FRANCE PRESSE, EM LONDRES\u00a0 Como centenas de bibliotecas municipais sacrificadas pelo plano de austeridade brit\u00e2nico, a de Kensal Rise tamb\u00e9m fechou suas portas. Mas a resist\u00eancia se organiza e os moradores desse bairro multi\u00e9tnico de Londres n\u00e3o perdem a esperan\u00e7a de v\u00ea-la renascer. No exterior do\u2026","rel":"","context":"Em &quot;Not\u00edcias&quot;","block_context":{"text":"Not\u00edcias","link":"https:\/\/mundobibliotecario.com.br\/index.php\/category\/noticias\/"},"img":{"alt_text":"","src":"","width":0,"height":0},"classes":[]},{"id":3318,"url":"https:\/\/mundobibliotecario.com.br\/index.php\/2013\/11\/25\/the-future-of-search-marcus-tandler-at-tedxmunchen\/","url_meta":{"origin":5351,"position":4},"title":"The future of search: Marcus Tandler at TEDxM\u00fcnchen","author":"mundobibliotecario","date":"25\/11\/2013","format":false,"excerpt":"Atire a primeira pedra que n\u00e3o busca por informa\u00e7\u00e3o diariamente. Seja no Google ou no buscador de sua prefer\u00eancia, Marcus Tandler apresenta neste v\u00eddeo o que poder\u00e1 vir a se tornar essa atividade. V\u00eddeo recebido via lista de discuss\u00e3o NGC4LIB (Next generation catalogs for libraries). Para acompanh\u00e1-lo, ative as legendas.\u2026","rel":"","context":"Em &quot;Not\u00edcias&quot;","block_context":{"text":"Not\u00edcias","link":"https:\/\/mundobibliotecario.com.br\/index.php\/category\/noticias\/"},"img":{"alt_text":"","src":"https:\/\/i0.wp.com\/img.youtube.com\/vi\/Fa4jQIW2etI\/0.jpg?resize=350%2C200","width":350,"height":200},"classes":[]},{"id":755,"url":"https:\/\/mundobibliotecario.com.br\/index.php\/2009\/07\/17\/site-divulga-games-que-viraram-livros-e-livros-que-viraram-games\/","url_meta":{"origin":5351,"position":5},"title":"Site divulga games que viraram livros e livros que viraram games","author":"mundobibliotecario","date":"17\/07\/2009","format":false,"excerpt":"O site Kotaku lan\u00e7ou uma lista de leituras de ver\u00e3o. A novidade \u00e9 que a sele\u00e7\u00e3o \u00e9 feita a partir de videogames que viraram livros ou vice-versa. Entre eles est\u00e3o A Divina Com\u00e9dia, de Dante Alighieri, que serviu de base para o game Dante's Inferno e Prince of Persia, que\u2026","rel":"","context":"Em &quot;Not\u00edcias&quot;","block_context":{"text":"Not\u00edcias","link":"https:\/\/mundobibliotecario.com.br\/index.php\/category\/noticias\/"},"img":{"alt_text":"","src":"","width":0,"height":0},"classes":[]}],"jetpack_likes_enabled":true,"jetpack_shortlink":"https:\/\/wp.me\/pcbzwa-1oj","_links":{"self":[{"href":"https:\/\/mundobibliotecario.com.br\/index.php\/wp-json\/wp\/v2\/posts\/5351","targetHints":{"allow":["GET"]}}],"collection":[{"href":"https:\/\/mundobibliotecario.com.br\/index.php\/wp-json\/wp\/v2\/posts"}],"about":[{"href":"https:\/\/mundobibliotecario.com.br\/index.php\/wp-json\/wp\/v2\/types\/post"}],"author":[{"embeddable":true,"href":"https:\/\/mundobibliotecario.com.br\/index.php\/wp-json\/wp\/v2\/users\/1"}],"replies":[{"embeddable":true,"href":"https:\/\/mundobibliotecario.com.br\/index.php\/wp-json\/wp\/v2\/comments?post=5351"}],"version-history":[{"count":0,"href":"https:\/\/mundobibliotecario.com.br\/index.php\/wp-json\/wp\/v2\/posts\/5351\/revisions"}],"wp:attachment":[{"href":"https:\/\/mundobibliotecario.com.br\/index.php\/wp-json\/wp\/v2\/media?parent=5351"}],"wp:term":[{"taxonomy":"category","embeddable":true,"href":"https:\/\/mundobibliotecario.com.br\/index.php\/wp-json\/wp\/v2\/categories?post=5351"},{"taxonomy":"post_tag","embeddable":true,"href":"https:\/\/mundobibliotecario.com.br\/index.php\/wp-json\/wp\/v2\/tags?post=5351"}],"curies":[{"name":"wp","href":"https:\/\/api.w.org\/{rel}","templated":true}]}}