{"id":5360,"date":"2019-11-22T09:00:33","date_gmt":"2019-11-22T12:00:33","guid":{"rendered":"http:\/\/mundobibliotecario.com.br\/?p=5360"},"modified":"2019-11-22T09:00:33","modified_gmt":"2019-11-22T12:00:33","slug":"concursos-publicos-em-biblioteconomia-em-2019-ainda-da-tempo","status":"publish","type":"post","link":"https:\/\/mundobibliotecario.com.br\/index.php\/2019\/11\/22\/concursos-publicos-em-biblioteconomia-em-2019-ainda-da-tempo\/","title":{"rendered":"Concursos p\u00fablicos em Biblioteconomia em 2019: ainda d\u00e1 tempo!"},"content":{"rendered":"<p>Concursos p\u00fablicos com vaga para bibliotec\u00e1rio ainda est\u00e3o com inscri\u00e7\u00f5es abertas at\u00e9 o final do ano!<\/p>\n<p>Confira as oportunidades!<\/p>\n<p>&nbsp;<\/p>\n<p><a href=\"https:\/\/www.pciconcursos.com.br\/noticias\/prefeitura-de-barra-velha-sc-anuncia-novo-processo-seletivo\">Prefeitura de Barra Velha &#8211; SC<\/a><\/p>\n<p><a href=\"https:\/\/www.pciconcursos.com.br\/noticias\/prefeitura-de-viana-ma-faz-nova-retificacao-em-concurso-publico-com-mais-de-330-vagas\">Prefeitura de Viana &#8211; MA<\/a><\/p>\n<p><a href=\"https:\/\/www.pciconcursos.com.br\/noticias\/prefeitura-de-guabiruba-sc-promove-concurso-publico\">Prefeitura de Guabiruba &#8211; SC<\/a><\/p>\n<p><a href=\"https:\/\/www.pciconcursos.com.br\/noticias\/prefeitura-de-itajai-sc-anuncia-tres-novos-concursos-publicos\">Prefeitura de Itaja\u00ed &#8211; SC<\/a><\/p>\n<p><a href=\"https:\/\/www.pciconcursos.com.br\/noticias\/concurso-publico-com-mais-de-400-vagas-e-retificado-novamente-em-formiga-mg\">Prefeitura de Formiga &#8211; MG<\/a> (4 vagas de bibliotec\u00e1rio e 1 de auxiliar de biblioteca!)<\/p>\n<p><a href=\"https:\/\/www.pciconcursos.com.br\/noticias\/prefeitura-de-pau-d-arco-do-piaui-pi-reabre-concurso-publico\">Prefeitura de Pau d&#8217;Arco do Piau\u00ed &#8211; PI<\/a><\/p>\n<p><a href=\"https:\/\/www.pciconcursos.com.br\/noticias\/prefeitura-de-varzea-paulista-sp-divulga-quatro-novos-concursos-publicos-com-245-vagas-disponiveis\">Prefeitura de V\u00e1rzea Paulista &#8211; SP<\/a><\/p>\n<p><a href=\"https:\/\/www.pciconcursos.com.br\/noticias\/prefeitura-de-tres-coracoes-mg-promove-concurso-publico\">Prefeitura de Tr\u00eas Cora\u00e7\u00f5es &#8211; MG<\/a><\/p>\n<p><a href=\"https:\/\/www.pciconcursos.com.br\/noticias\/prefeitura-de-tiradentes-mg-promove-concurso-publico\">Prefeitura de Tiradentes &#8211; MG<\/a><\/p>\n<p>&nbsp;<\/p>\n<p>Prepare-se para esses concursos com o <a href=\"https:\/\/p.eduzz.com\/264658\">Pergunt\u00e3o: M\u00f3dulo Representa\u00e7\u00e3o Tem\u00e1tica<\/a>. Esse e-book cont\u00e9m 80 quest\u00f5es de concursos sobre Representa\u00e7\u00e3o Tem\u00e1tica para te ajudar nos seus estudos.<\/p>\n<p>O e-book est\u00e1 com <strong>pre\u00e7o promocional de Black Friday<\/strong> at\u00e9 o fim deste m\u00eas: <strong>30\/11<\/strong>!<\/p>\n<p><a href=\"https:\/\/p.eduzz.com\/264658\"><img loading=\"lazy\" decoding=\"async\" class=\"aligncenter size-full wp-image-5368\" src=\"http:\/\/mundobibliotecario.com.br\/wp-content\/uploads\/2019\/11\/capa-perguntao-bf.png\" alt=\"Perguntao Representacao Tematica\" width=\"221\" height=\"225\" \/><\/a><\/p>\n<p>Aproveite a oportunidade e bons estudos!<\/p>\n","protected":false},"excerpt":{"rendered":"<p>Concursos p\u00fablicos com vaga para bibliotec\u00e1rio ainda est\u00e3o com inscri\u00e7\u00f5es abertas at\u00e9 o final do ano! Confira as oportunidades! &nbsp; Prefeitura de Barra Velha &#8211; SC Prefeitura de Viana &#8211; MA Prefeitura de Guabiruba &#8211; SC Prefeitura de Itaja\u00ed &#8211; SC Prefeitura de Formiga &#8211; MG (4 vagas de bibliotec\u00e1rio e 1 de auxiliar de &#8230; <a title=\"Concursos p\u00fablicos em Biblioteconomia em 2019: ainda d\u00e1 tempo!\" class=\"read-more\" href=\"https:\/\/mundobibliotecario.com.br\/index.php\/2019\/11\/22\/concursos-publicos-em-biblioteconomia-em-2019-ainda-da-tempo\/\" aria-label=\"Read more about Concursos p\u00fablicos em Biblioteconomia em 2019: ainda d\u00e1 tempo!\">Ler mais<\/a><\/p>\n","protected":false},"author":1,"featured_media":0,"comment_status":"open","ping_status":"open","sticky":false,"template":"","format":"standard","meta":{"_mi_skip_tracking":false,"_exactmetrics_sitenote_active":false,"_exactmetrics_sitenote_note":"","_exactmetrics_sitenote_category":0,"_jetpack_newsletter_access":"","footnotes":""},"categories":[168,60],"tags":[36,63,655,860,1712],"class_list":["post-5360","post","type-post","status-publish","format-standard","hentry","category-concurso","category-noticias","tag-bibliotecario","tag-biblioteconomia","tag-concurso-2","tag-concurso-publico","tag-representacao-tematica"],"jetpack_featured_media_url":"","jetpack_sharing_enabled":true,"jetpack-related-posts":[{"id":4392,"url":"https:\/\/mundobibliotecario.com.br\/index.php\/2016\/11\/01\/concursos-de-biblioteconomia-novembro2016\/","url_meta":{"origin":5360,"position":0},"title":"Concursos de biblioteconomia &#8211; novembro\/2016","author":"mundobibliotecario","date":"01\/11\/2016","format":false,"excerpt":"H\u00e1 v\u00e1rios concursos abertos para bibliotec\u00e1rios, auxiliares e t\u00e9cnicos. Confira! *** Prefeitura de Galil\u00e9ia - MG - Bibliotec\u00e1rio Prefeitura de Tarumirim - MG - Bibliotec\u00e1rio C\u00e2mara de Londrina - PR - Bibliotec\u00e1rio Prefeitura Municipal de Esmeraldas - MG - T\u00e9cnico em N\u00edvel Superior em Biblioteconomia Instituto Federal de Educa\u00e7\u00e3o, Ci\u00eancia\u2026","rel":"","context":"Em &quot;Concurso&quot;","block_context":{"text":"Concurso","link":"https:\/\/mundobibliotecario.com.br\/index.php\/category\/concurso\/"},"img":{"alt_text":"","src":"","width":0,"height":0},"classes":[]},{"id":9726,"url":"https:\/\/mundobibliotecario.com.br\/index.php\/2021\/12\/29\/concursos-de-biblioteconomia-em-2022\/","url_meta":{"origin":5360,"position":1},"title":"Concursos de Biblioteconomia em 2022","author":"mundobibliotecario","date":"29\/12\/2021","format":false,"excerpt":"Recentemente foram divulgados v\u00e1rios concursos p\u00fablicos com vagas para a \u00e1rea de Biblioteconomia. Confira alguns deles e os respectivos sal\u00e1rios! Inscreva-se e boa sorte! Fonte: PIxabay Professor de Biblioteconomia na UFPE: R$ 9.616,18 Bibliotec\u00e1rio na Assembleia Legislativa do Maranh\u00e3o (ALEMA):\u00a0R$ 7.249,59 Bibliotec\u00e1rio e Muse\u00f3logo (Pinhalzinho - SC):\u00a0R$ 3.447,10 (Bibliotec\u00e1rio) Bibliotec\u00e1rio\u2026","rel":"","context":"Em &quot;Concurso&quot;","block_context":{"text":"Concurso","link":"https:\/\/mundobibliotecario.com.br\/index.php\/category\/concurso\/"},"img":{"alt_text":"livros","src":"https:\/\/i0.wp.com\/mundobibliotecario.com.br\/wp-content\/uploads\/2021\/12\/books-gf47369fa4_1280-768x1151.jpg?resize=350%2C200&ssl=1","width":350,"height":200},"classes":[]},{"id":1826,"url":"https:\/\/mundobibliotecario.com.br\/index.php\/2011\/03\/02\/bibliotecario-para-a-prefeitura-de-cachoeirinha-rs\/","url_meta":{"origin":5360,"position":2},"title":"Bibliotec\u00e1rio para a Prefeitura de Cachoeirinha (RS)","author":"mundobibliotecario","date":"02\/03\/2011","format":false,"excerpt":"A Prefeitura de Cachoeirinha (RS) abriu 82 vagas no seu concurso p\u00fablico, inclusive para bibliotec\u00e1rio. Confira a not\u00edcia no Editais Brasil.","rel":"","context":"Em &quot;Concurso&quot;","block_context":{"text":"Concurso","link":"https:\/\/mundobibliotecario.com.br\/index.php\/category\/concurso\/"},"img":{"alt_text":"","src":"","width":0,"height":0},"classes":[]},{"id":958,"url":"https:\/\/mundobibliotecario.com.br\/index.php\/2009\/10\/29\/concursos-em-santa-catarina\/","url_meta":{"origin":5360,"position":3},"title":"Concursos em Santa Catarina","author":"mundobibliotecario","date":"29\/10\/2009","format":false,"excerpt":"Prefeitura de Joinville - SC Inscri\u00e7\u00f5es: de 13 de outubro a 09 de novembro de 2009. Remunera\u00e7\u00e3o: R$ 2.587,52 Vagas: 01 (Especialista Cultural - Preserva\u00e7\u00e3o e Restaura\u00e7\u00e3o) Site:www.sociesc.org.br\/pt\/home\/ Prefeitura de Garuva - SC Inscri\u00e7\u00f5es: de 19 de outubro a 19 de novembro de 2009. Remunera\u00e7\u00e3o: R$ 1.559,30 Vagas: Cadastro de\u2026","rel":"","context":"Em &quot;Concurso&quot;","block_context":{"text":"Concurso","link":"https:\/\/mundobibliotecario.com.br\/index.php\/category\/concurso\/"},"img":{"alt_text":"","src":"","width":0,"height":0},"classes":[]},{"id":5434,"url":"https:\/\/mundobibliotecario.com.br\/index.php\/2020\/01\/02\/perspectivas-dos-concursos-de-biblioteconomia-em-2020\/","url_meta":{"origin":5360,"position":4},"title":"Perspectivas dos concursos de Biblioteconomia em 2020","author":"mundobibliotecario","date":"02\/01\/2020","format":false,"excerpt":"Segundo a Profa. Ana Patr\u00edcia Guimar\u00e3es, em 2019 houve mais de 60 vagas para bibliotec\u00e1rio, sendo 40 para universidades e institutos federais. Al\u00e9m disso, ela tamb\u00e9m verificou que houve editais de prefeituras com altos sal\u00e1rios e poucos editais no Poder Judici\u00e1rio. Fonte: Flickr Nesse ano, os cinco melhores sal\u00e1rios foram:\u2026","rel":"","context":"Em &quot;Not\u00edcias&quot;","block_context":{"text":"Not\u00edcias","link":"https:\/\/mundobibliotecario.com.br\/index.php\/category\/noticias\/"},"img":{"alt_text":"","src":"","width":0,"height":0},"classes":[]},{"id":2114,"url":"https:\/\/mundobibliotecario.com.br\/index.php\/2011\/07\/05\/concursos-e-emprego-para-bibliotecario-julho2011\/","url_meta":{"origin":5360,"position":5},"title":"Concursos e emprego para bibliotec\u00e1rio &#8211; julho\/2011","author":"mundobibliotecario","date":"05\/07\/2011","format":false,"excerpt":"Saiu no Jornal Cruzeiro do Sul (Sorocaba - SP), no dia 3\/7\/2011: FACULDADE EM ITAPETININGA: necessita Bibliotec\u00e1ria (o) c\/ titula\u00e7\u00e3o em Biblioteconomia. Interessados enviar CV ricpelegrini@hotmail.com Processo seletivo para contrata\u00e7\u00e3o de bibliotec\u00e1rio no SESI (Polo de Mogi das Cruzes e Suzano): Bibliotec\u00e1rio para as Prefeituras de: Itajub\u00e1 (MG) (http:\/\/www.pciconcursos.com.br\/concurso\/prefeitura-de-itajuba-mg-25-vagas), Cap\u00e3o\u2026","rel":"","context":"Em &quot;Concurso&quot;","block_context":{"text":"Concurso","link":"https:\/\/mundobibliotecario.com.br\/index.php\/category\/concurso\/"},"img":{"alt_text":"","src":"","width":0,"height":0},"classes":[]}],"jetpack_likes_enabled":true,"jetpack_shortlink":"https:\/\/wp.me\/pcbzwa-1os","_links":{"self":[{"href":"https:\/\/mundobibliotecario.com.br\/index.php\/wp-json\/wp\/v2\/posts\/5360","targetHints":{"allow":["GET"]}}],"collection":[{"href":"https:\/\/mundobibliotecario.com.br\/index.php\/wp-json\/wp\/v2\/posts"}],"about":[{"href":"https:\/\/mundobibliotecario.com.br\/index.php\/wp-json\/wp\/v2\/types\/post"}],"author":[{"embeddable":true,"href":"https:\/\/mundobibliotecario.com.br\/index.php\/wp-json\/wp\/v2\/users\/1"}],"replies":[{"embeddable":true,"href":"https:\/\/mundobibliotecario.com.br\/index.php\/wp-json\/wp\/v2\/comments?post=5360"}],"version-history":[{"count":0,"href":"https:\/\/mundobibliotecario.com.br\/index.php\/wp-json\/wp\/v2\/posts\/5360\/revisions"}],"wp:attachment":[{"href":"https:\/\/mundobibliotecario.com.br\/index.php\/wp-json\/wp\/v2\/media?parent=5360"}],"wp:term":[{"taxonomy":"category","embeddable":true,"href":"https:\/\/mundobibliotecario.com.br\/index.php\/wp-json\/wp\/v2\/categories?post=5360"},{"taxonomy":"post_tag","embeddable":true,"href":"https:\/\/mundobibliotecario.com.br\/index.php\/wp-json\/wp\/v2\/tags?post=5360"}],"curies":[{"name":"wp","href":"https:\/\/api.w.org\/{rel}","templated":true}]}}