{"id":5378,"date":"2019-12-25T15:06:45","date_gmt":"2019-12-25T18:06:45","guid":{"rendered":"http:\/\/mundobibliotecario.com.br\/?p=5378"},"modified":"2019-12-25T15:06:45","modified_gmt":"2019-12-25T18:06:45","slug":"grandes-acontecimentos-da-decada-2010-2019-na-biblioteconomia","status":"publish","type":"post","link":"https:\/\/mundobibliotecario.com.br\/index.php\/2019\/12\/25\/grandes-acontecimentos-da-decada-2010-2019-na-biblioteconomia\/","title":{"rendered":"Grandes acontecimentos da d\u00e9cada 2010-2019 na Biblioteconomia"},"content":{"rendered":"<p>Ao final da d\u00e9cada, o Mundo Bibliotec\u00e1rio lan\u00e7a a enquete sobre os &#8220;Grandes acontecimentos da d\u00e9cada 2010-2019 na Biblioteconomia&#8221;. S\u00e3o v\u00e1lidos tanto fatos nacionais como internacionais.<\/p>\n<p>Participe deixando seu coment\u00e1rio neste\u00a0<em>post<\/em>, no <a href=\"https:\/\/www.facebook.com\/mundobibliotecario\/\">Facebook<\/a> ou no <a href=\"https:\/\/twitter.com\/mbibliotecario\">Twitter<\/a>!<\/p>\n<p>As respostas ser\u00e3o recebidas at\u00e9 o dia 30 de dezembro e publicadas no dia 31.<\/p>\n<p><a href=\"http:\/\/mundobibliotecario.com.br\/wp-content\/uploads\/2019\/12\/quais-fatos-vocc3aa-considera-como-grandes-acontecimentos-da-dc3a9cada-na-biblioteconomia_.png\"><img loading=\"lazy\" decoding=\"async\" class=\"size-full wp-image-5379\" src=\"http:\/\/mundobibliotecario.com.br\/wp-content\/uploads\/2019\/12\/quais-fatos-vocc3aa-considera-como-grandes-acontecimentos-da-dc3a9cada-na-biblioteconomia_.png\" alt=\"Grandes acontecimentos Biblioteconomia\" width=\"500\" height=\"750\" srcset=\"https:\/\/mundobibliotecario.com.br\/wp-content\/uploads\/2019\/12\/quais-fatos-vocc3aa-considera-como-grandes-acontecimentos-da-dc3a9cada-na-biblioteconomia_.png 800w, https:\/\/mundobibliotecario.com.br\/wp-content\/uploads\/2019\/12\/quais-fatos-vocc3aa-considera-como-grandes-acontecimentos-da-dc3a9cada-na-biblioteconomia_-200x300.png 200w, https:\/\/mundobibliotecario.com.br\/wp-content\/uploads\/2019\/12\/quais-fatos-vocc3aa-considera-como-grandes-acontecimentos-da-dc3a9cada-na-biblioteconomia_-683x1024.png 683w, https:\/\/mundobibliotecario.com.br\/wp-content\/uploads\/2019\/12\/quais-fatos-vocc3aa-considera-como-grandes-acontecimentos-da-dc3a9cada-na-biblioteconomia_-768x1152.png 768w\" sizes=\"auto, (max-width: 500px) 100vw, 500px\" \/><\/a><\/p>\n","protected":false},"excerpt":{"rendered":"<p>Ao final da d\u00e9cada, o Mundo Bibliotec\u00e1rio lan\u00e7a a enquete sobre os &#8220;Grandes acontecimentos da d\u00e9cada 2010-2019 na Biblioteconomia&#8221;. S\u00e3o v\u00e1lidos tanto fatos nacionais como internacionais. Participe deixando seu coment\u00e1rio neste\u00a0post, no Facebook ou no Twitter! As respostas ser\u00e3o recebidas at\u00e9 o dia 30 de dezembro e publicadas no dia 31.<\/p>\n","protected":false},"author":1,"featured_media":0,"comment_status":"open","ping_status":"open","sticky":false,"template":"","format":"standard","meta":{"_mi_skip_tracking":false,"_exactmetrics_sitenote_active":false,"_exactmetrics_sitenote_note":"","_exactmetrics_sitenote_category":0,"_jetpack_newsletter_access":"","footnotes":""},"categories":[3],"tags":[1329,63,1514],"class_list":["post-5378","post","type-post","status-publish","format-standard","hentry","category-reflexoes","tag-acontecimento","tag-biblioteconomia","tag-fato"],"jetpack_featured_media_url":"","jetpack_sharing_enabled":true,"jetpack-related-posts":[{"id":5418,"url":"https:\/\/mundobibliotecario.com.br\/index.php\/2019\/12\/31\/retrospectiva-da-decada-2010-2019-na-biblioteconomia\/","url_meta":{"origin":5378,"position":0},"title":"Retrospectiva da d\u00e9cada 2010-2019 na Biblioteconomia","author":"mundobibliotecario","date":"31\/12\/2019","format":false,"excerpt":"Todas as retrospectivas que acompanhei esses dias relatam a sensa\u00e7\u00e3o de se ter vivido muito mais que dez anos no per\u00edodo 2010-2019. Sem d\u00favida, houve grandes eventos e acontecimentos em diversas \u00e1reas. E na Biblioteconomia n\u00e3o foi diferente. Esta retrospectiva contou com a participa\u00e7\u00e3o de Pedro Andretta, Ronaldo F. Ara\u00fajo\u2026","rel":"","context":"Em &quot;Reflex\u00f5es&quot;","block_context":{"text":"Reflex\u00f5es","link":"https:\/\/mundobibliotecario.com.br\/index.php\/category\/reflexoes\/"},"img":{"alt_text":"","src":"","width":0,"height":0},"classes":[]},{"id":1242,"url":"https:\/\/mundobibliotecario.com.br\/index.php\/2010\/04\/29\/tribunal-regional-eleitoral-do-rio-grande-do-sul-analista-e-tecnico-judiciario\/","url_meta":{"origin":5378,"position":1},"title":"Tribunal Regional Eleitoral do Rio Grande do Sul &#8211; Analista e T\u00e9cnico Judici\u00e1rio","author":"mundobibliotecario","date":"29\/04\/2010","format":false,"excerpt":"Tribunal Regional Eleitoral do Rio Grande do Sul Analista e T\u00e9cnico Judici\u00e1rio 2 vagas para Biblioteconomia Remunera\u00e7\u00e3o: R$6.611,39 Local: Porto Alegre - RS Per\u00edodo de Inscri\u00e7\u00e3o para todos os candidatos, inclusive os que tiveram o requerimento de isen\u00e7\u00e3o indeferido: * de 10 horas do dia 05\/05\/2010 \u00e0s 20 horas do\u2026","rel":"","context":"Em &quot;Concurso&quot;","block_context":{"text":"Concurso","link":"https:\/\/mundobibliotecario.com.br\/index.php\/category\/concurso\/"},"img":{"alt_text":"","src":"","width":0,"height":0},"classes":[]},{"id":1523,"url":"https:\/\/mundobibliotecario.com.br\/index.php\/2010\/10\/24\/sobre-o-snbu-2010\/","url_meta":{"origin":5378,"position":2},"title":"Sobre o SNBU 2010","author":"mundobibliotecario","date":"24\/10\/2010","format":false,"excerpt":"L\u00e1 vou eu tecer considera\u00e7\u00f5es sobre o SNBU... Se me pedirem para me resumir o congresso e o futuro da Biblioteconomia em uma palavra, ei-la: tecnologia. Aplica\u00e7\u00f5es gratuitas disponibilizadas pela Internet (leia-se blog, twitter, facebook, orkut, delicious etc. etc.) est\u00e3o, de fato, sendo utilizadas pelas bibliotecas universit\u00e1rias brasileiras e nesse\u2026","rel":"","context":"Em &quot;Reflex\u00f5es&quot;","block_context":{"text":"Reflex\u00f5es","link":"https:\/\/mundobibliotecario.com.br\/index.php\/category\/reflexoes\/"},"img":{"alt_text":"","src":"","width":0,"height":0},"classes":[]},{"id":1152,"url":"https:\/\/mundobibliotecario.com.br\/index.php\/2010\/03\/06\/i-seminario-cientifico-de-arquivologia-e-biblioteconomia-na-unesp-de-marilia\/","url_meta":{"origin":5378,"position":3},"title":"I Semin\u00e1rio Cient\u00edfico de Arquivologia e Biblioteconomia na UNESP de Mar\u00edlia","author":"mundobibliotecario","date":"06\/03\/2010","format":false,"excerpt":"As inscri\u00e7\u00f5es para apresenta\u00e7\u00e3o de trabalho ir\u00e3o at\u00e9 dia 15 de mar\u00e7o de 2010. Contamos com a presen\u00e7a de todos. Informa\u00e7\u00f5es sobre o evento disponivel em: http:\/\/www.marilia.unesp.br\/index.php?CodigoMenu=4919&CodigoOpcao=4920 http:\/\/seminariocienifico.blogspot.com\/","rel":"","context":"Em &quot;Eventos&quot;","block_context":{"text":"Eventos","link":"https:\/\/mundobibliotecario.com.br\/index.php\/category\/eventos\/"},"img":{"alt_text":"","src":"","width":0,"height":0},"classes":[]},{"id":1228,"url":"https:\/\/mundobibliotecario.com.br\/index.php\/2010\/04\/23\/concursos-de-biblioteconomia-abrilmaio-2010\/","url_meta":{"origin":5378,"position":4},"title":"Concursos de biblioteconomia &#8211; abril\/maio 2010","author":"mundobibliotecario","date":"23\/04\/2010","format":false,"excerpt":"CFF - Conselho Federal de Farm\u00e1cia - DF Inscri\u00e7\u00f5es: de 12 de abril a 31 de maio de 2010 Remunera\u00e7\u00e3o: R$ 4.243,82 Vagas: Cadastro de 05 reservas Taxa: R$ 45,00 Data prevista para a prova: 13\/06\/2010 Site: www.quadrix.org.br\/ Cons\u00f3rcio Intermunicipal Grande ABC - SP Inscri\u00e7\u00f5es: de 12 a 23 de\u2026","rel":"","context":"Em &quot;Not\u00edcias&quot;","block_context":{"text":"Not\u00edcias","link":"https:\/\/mundobibliotecario.com.br\/index.php\/category\/noticias\/"},"img":{"alt_text":"","src":"","width":0,"height":0},"classes":[]},{"id":1138,"url":"https:\/\/mundobibliotecario.com.br\/index.php\/2010\/03\/03\/concurso-para-professor-na-unirio\/","url_meta":{"origin":5378,"position":5},"title":"Concurso para professor na UNIRIO","author":"mundobibliotecario","date":"03\/03\/2010","format":false,"excerpt":"Est\u00e3o abertas as inscri\u00e7\u00f5es para professor efetivo na UNIRIO para a \u00e1rea\/disciplina: Biblioteconomia\/M\u00e9todos de ensino em Biblioteconomia. \u00c9 uma vaga para a licenciatura em biblioteconomia com carga hor\u00e1ria para o ensino \u00e0 dist\u00e2ncia e presenca e presencial. Exige mestrado. As inscri\u00e7\u00f5es se encerram no dia 5 de mar\u00e7o - nesta\u2026","rel":"","context":"Em &quot;Concurso&quot;","block_context":{"text":"Concurso","link":"https:\/\/mundobibliotecario.com.br\/index.php\/category\/concurso\/"},"img":{"alt_text":"","src":"","width":0,"height":0},"classes":[]}],"jetpack_likes_enabled":true,"jetpack_shortlink":"https:\/\/wp.me\/pcbzwa-1oK","_links":{"self":[{"href":"https:\/\/mundobibliotecario.com.br\/index.php\/wp-json\/wp\/v2\/posts\/5378","targetHints":{"allow":["GET"]}}],"collection":[{"href":"https:\/\/mundobibliotecario.com.br\/index.php\/wp-json\/wp\/v2\/posts"}],"about":[{"href":"https:\/\/mundobibliotecario.com.br\/index.php\/wp-json\/wp\/v2\/types\/post"}],"author":[{"embeddable":true,"href":"https:\/\/mundobibliotecario.com.br\/index.php\/wp-json\/wp\/v2\/users\/1"}],"replies":[{"embeddable":true,"href":"https:\/\/mundobibliotecario.com.br\/index.php\/wp-json\/wp\/v2\/comments?post=5378"}],"version-history":[{"count":0,"href":"https:\/\/mundobibliotecario.com.br\/index.php\/wp-json\/wp\/v2\/posts\/5378\/revisions"}],"wp:attachment":[{"href":"https:\/\/mundobibliotecario.com.br\/index.php\/wp-json\/wp\/v2\/media?parent=5378"}],"wp:term":[{"taxonomy":"category","embeddable":true,"href":"https:\/\/mundobibliotecario.com.br\/index.php\/wp-json\/wp\/v2\/categories?post=5378"},{"taxonomy":"post_tag","embeddable":true,"href":"https:\/\/mundobibliotecario.com.br\/index.php\/wp-json\/wp\/v2\/tags?post=5378"}],"curies":[{"name":"wp","href":"https:\/\/api.w.org\/{rel}","templated":true}]}}