{"id":5493,"date":"2020-02-20T09:00:00","date_gmt":"2020-02-20T12:00:00","guid":{"rendered":"http:\/\/mundobibliotecario.com.br\/?p=5493"},"modified":"2020-02-20T09:00:00","modified_gmt":"2020-02-20T12:00:00","slug":"faculdade-de-direito-da-usp-tera-projeto-ousado-para-nova-biblioteca","status":"publish","type":"post","link":"https:\/\/mundobibliotecario.com.br\/index.php\/2020\/02\/20\/faculdade-de-direito-da-usp-tera-projeto-ousado-para-nova-biblioteca\/","title":{"rendered":"Faculdade de Direito da USP ter\u00e1 projeto ousado para nova biblioteca"},"content":{"rendered":"\n<p>A Faculdade de Direto da USP teve ratificado pelo Tribunal de Justi\u00e7a do Estado de S\u00e3o Paulo o acordo entre o Minist\u00e9rio P\u00fablico e o Grupo CCR, que contempla uma doa\u00e7\u00e3o de R$ 17 milh\u00f5es destinada \u00e0 constru\u00e7\u00e3o da nova biblioteca. \u201cEssa \u00e9 uma importante decis\u00e3o [sobre os recursos] que vai permitir que a Faculdade de Direito da USP consiga avan\u00e7ar nas obras de constru\u00e7\u00e3o do novo edif\u00edcio da faculdade. Esse edif\u00edcio \u00e9 muito esperado e cobrado, creio que, com essa homologa\u00e7\u00e3o, uma parte significativa do que \u00e9 necess\u00e1rio j\u00e1 estar\u00e1 viabilizada\u201d, comemora Floriano de Azevedo Marques, professor do Departamento de Direito do Estado e diretor da FD da USP.<\/p>\n\n\n\n<p>Sendo um patrim\u00f4nio cultural do Estado de S\u00e3o Paulo e do Pa\u00eds, contando com o maior acervo de livros jur\u00eddicos do Brasil, h\u00e1 obras raras em meio a tantas outras preciosidades. S\u00e3o livros trazidos pela Fam\u00edlia Real Portuguesa, com sinete da biblioteca de Portugal. O projeto foi concebido por um professor aposentado da Faculdade de Arquitetura e Urbanismo (FAU), Paulo Bruna, tamb\u00e9m respons\u00e1vel pelo projeto da biblioteca da FD da USP em Ribeir\u00e3o Preto. \u201c\u00c9 um projeto maravilhoso, moderno, atual e compat\u00edvel com a tradi\u00e7\u00e3o e, ao mesmo tempo, com a modernidade que se quer em uma biblioteca.\u201d<\/p>\n\n\n\n<p>Permitindo a amplia\u00e7\u00e3o de \u00e1reas para estudos dos alunos da Faculdade de Direito, maior otimiza\u00e7\u00e3o de espa\u00e7os e preserva\u00e7\u00e3o de um acervo com centenas de milhares de livros, o projeto vai ser acompanhado por \u00f3rg\u00e3os de preserva\u00e7\u00e3o do patrim\u00f4nio p\u00fablico hist\u00f3rico. O Condephaat (Conselho de Defesa do Patrim\u00f4nio Hist\u00f3rico, Arqueol\u00f3gico, Art\u00edstico e Tur\u00edstico) j\u00e1 est\u00e1 ciente da obra, al\u00e9m do pr\u00f3prio MP, que viabilizou o acordo para essa doa\u00e7\u00e3o. \u201cEstamos avan\u00e7ando para conseguir novas doa\u00e7\u00f5es. A ideia \u00e9 que a nova biblioteca seja constru\u00edda totalmente com recursos fora da USP. Al\u00e9m de doa\u00e7\u00f5es para a constru\u00e7\u00e3o da obra f\u00edsica, firmamos parceria com a Google, que vai digitalizar todo acervo de disponibilidade p\u00fablica, inclusive livros raros.\u201d<\/p>\n\n\n\n<p>\u201cSer\u00e3o dois anos [para a biblioteca ficar pronta], n\u00e3o s\u00f3 compreendendo o processo de aprova\u00e7\u00e3o do projeto, que j\u00e1 est\u00e1 avan\u00e7ado nos \u00f3rg\u00e3os do munic\u00edpio e de patrim\u00f4nios, [mas tamb\u00e9m] a licita\u00e7\u00e3o da contrata\u00e7\u00e3o de empresa da constru\u00e7\u00e3o e a pr\u00f3pria obra em si. O projeto do professor Paulo Bruna tem a vantagem de ser uma obra de execu\u00e7\u00e3o r\u00e1pida.\u201d<\/p>\n\n\n\n<p>Ou\u00e7a a entrevista completa no player <a href=\"https:\/\/jornal.usp.br\/atualidades\/faculdade-de-direito-da-usp-tera-projeto-ousado-para-nova-biblioteca\/\">acima<\/a>.<\/p>\n\n\n\n<p>Dispon\u00edvel em: <a href=\"https:\/\/jornal.usp.br\/atualidades\/faculdade-de-direito-da-usp-tera-projeto-ousado-para-nova-biblioteca\/\">https:\/\/jornal.usp.br\/atualidades\/faculdade-de-direito-da-usp-tera-projeto-ousado-para-nova-biblioteca\/<\/a>. Acesso em: 20 fev. 2020.<\/p>\n","protected":false},"excerpt":{"rendered":"<p>A Faculdade de Direto da USP teve ratificado pelo Tribunal de Justi\u00e7a do Estado de S\u00e3o Paulo o acordo entre o Minist\u00e9rio P\u00fablico e o Grupo CCR, que contempla uma doa\u00e7\u00e3o de R$ 17 milh\u00f5es destinada \u00e0 constru\u00e7\u00e3o da nova biblioteca. \u201cEssa \u00e9 uma importante decis\u00e3o [sobre os recursos] que vai permitir que a Faculdade &#8230; <a title=\"Faculdade de Direito da USP ter\u00e1 projeto ousado para nova biblioteca\" class=\"read-more\" href=\"https:\/\/mundobibliotecario.com.br\/index.php\/2020\/02\/20\/faculdade-de-direito-da-usp-tera-projeto-ousado-para-nova-biblioteca\/\" aria-label=\"Read more about Faculdade de Direito da USP ter\u00e1 projeto ousado para nova biblioteca\">Ler mais<\/a><\/p>\n","protected":false},"author":1,"featured_media":0,"comment_status":"open","ping_status":"open","sticky":false,"template":"","format":"standard","meta":{"_mi_skip_tracking":false,"_exactmetrics_sitenote_active":false,"_exactmetrics_sitenote_note":"","_exactmetrics_sitenote_category":0,"_jetpack_newsletter_access":"","footnotes":""},"categories":[60],"tags":[2,1274,1276,227],"class_list":["post-5493","post","type-post","status-publish","format-standard","hentry","category-noticias","tag-biblioteca","tag-faculdade-de-direito","tag-universidade-de-sao-paulo","tag-usp"],"jetpack_featured_media_url":"","jetpack_sharing_enabled":true,"jetpack-related-posts":[{"id":5298,"url":"https:\/\/mundobibliotecario.com.br\/index.php\/2019\/09\/22\/usp-avanca-em-nova-biblioteca-a-ser-custeada-com-reparo-por-caixa-2\/","url_meta":{"origin":5493,"position":0},"title":"USP avan\u00e7a em nova biblioteca a ser custeada com reparo por caixa 2","author":"mundobibliotecario","date":"22\/09\/2019","format":false,"excerpt":"Faculdade de Direito da USP fez projeto para ocupar pr\u00e9dio de 14 andares em SP e espera verba de acordo entre Minist\u00e9rio P\u00fablico e a CCR S\u00c3O PAULO M\u00e1rcio Pinho, do R7 18\/09\/2019 - 02h00 (Atualizado em 18\/09\/2019 - 12h41) \u00a0 Pr\u00e9dio na Rua Riachuelo poder\u00e1 ser acessado por passarela\u2026","rel":"","context":"Em &quot;Not\u00edcias&quot;","block_context":{"text":"Not\u00edcias","link":"https:\/\/mundobibliotecario.com.br\/index.php\/category\/noticias\/"},"img":{"alt_text":"","src":"","width":0,"height":0},"classes":[]},{"id":3931,"url":"https:\/\/mundobibliotecario.com.br\/index.php\/2015\/09\/15\/convite-para-palestra-as-praticas-de-tirania-nas-bibliotecas-brasileiras-pelo-bibliotecario-e-pesquisador-cristian-santos\/","url_meta":{"origin":5493,"position":1},"title":"Convite para palestra &quot;As pr\u00e1ticas de tirania nas bibliotecas brasileiras&quot;, pelo bibliotec\u00e1rio e pesquisador Cristian Santos","author":"mundobibliotecario","date":"15\/09\/2015","format":"image","excerpt":"","rel":"","context":"Em &quot;Eventos&quot;","block_context":{"text":"Eventos","link":"https:\/\/mundobibliotecario.com.br\/index.php\/category\/eventos\/"},"img":{"alt_text":"","src":"https:\/\/mundobibliotecario.files.wordpress.com\/2015\/09\/image003.jpg?w=350&h=200&crop=1","width":350,"height":200},"classes":[]},{"id":4930,"url":"https:\/\/mundobibliotecario.com.br\/index.php\/2015\/09\/15\/convite-para-palestra-as-praticas-de-tirania-nas-bibliotecas-brasileiras-pelo-bibliotecario-e-pesquisador-cristian-santos-2\/","url_meta":{"origin":5493,"position":2},"title":"Convite para palestra &#8220;As pr\u00e1ticas de tirania nas bibliotecas brasileiras&#8221;, pelo bibliotec\u00e1rio e pesquisador Cristian Santos","author":"mundobibliotecario","date":"15\/09\/2015","format":"image","excerpt":"","rel":"","context":"Em &quot;Eventos&quot;","block_context":{"text":"Eventos","link":"https:\/\/mundobibliotecario.com.br\/index.php\/category\/eventos\/"},"img":{"alt_text":"","src":"https:\/\/mundobibliotecario.files.wordpress.com\/2015\/09\/image003.jpg?w=350&h=200&crop=1","width":350,"height":200},"classes":[]},{"id":3620,"url":"https:\/\/mundobibliotecario.com.br\/index.php\/2014\/10\/28\/ifla-programa-de-webinars-para-america-latina-e-caribe-2014\/","url_meta":{"origin":5493,"position":3},"title":"IFLA &#8211; Programa de Webinars para Am\u00e9rica Latina e Caribe 2014","author":"mundobibliotecario","date":"28\/10\/2014","format":false,"excerpt":"\u00a0\u00a0\u00a0\u00a0\u00a0\u00a0\u00a0\u00a0\u00a0\u00a0\u00a0\u00a0\u00a0\u00a0\u00a0\u00a0\u00a0\u00a0\u00a0\u00a0\u00a0\u00a0\u00a0\u00a0\u00a0\u00a0\u00a0\u00a0\u00a0\u00a0\u00a0\u00a0\u00a0\u00a0\u00a0\u00a0\u00a0\u00a0\u00a0\u00a0\u00a0\u00a0\u00a0\u00a0\u00a0\u00a0\u00a0\u00a0\u00a0\u00a0\u00a0\u00a0\u00a0\u00a0\u00a0\u00a0\u00a0\u00a0\u00a0\u00a0\u00a0\u00a0\u00a0 \u00a0\u00a0 Por mais de tr\u00eas anos a IFLA Continuing Professional Development and Workplace Learning e a IFLA New Professionals Special Interest Group tem oferecido, com muito sucesso, diversos webinars abordando temas de interesse para bibliotec\u00e1rios, associa\u00e7\u00f5es de bibliotecas, escolas de biblioteconomia, tomadores de decis\u00f5es e profissionais atuando em bibliotecas.\u2026","rel":"","context":"Em &quot;Eventos&quot;","block_context":{"text":"Eventos","link":"https:\/\/mundobibliotecario.com.br\/index.php\/category\/eventos\/"},"img":{"alt_text":"","src":"","width":0,"height":0},"classes":[]},{"id":4966,"url":"https:\/\/mundobibliotecario.com.br\/index.php\/2018\/08\/05\/mesas-redondas-sinbiesp-na-25a-bienal-2018\/","url_meta":{"origin":5493,"position":4},"title":"Mesas redondas SinBiesp na 25\u00aa Bienal 2018","author":"mundobibliotecario","date":"05\/08\/2018","format":false,"excerpt":"DIA 07\/08\/2018 Ter\u00e7a-feira \u2013 14:30 hs \u00e1s 16:00hs \u00a0Abertura da primeira mesa redonda da programa\u00e7\u00e3o do SinBiesp Vera Stefanov\u00a0\u00a0\u2013 Consultora\u00a0da\u00a0 Bibliotec Gerenciamento da Informa\u00e7\u00e3o, criada em \u00a01989 e respons\u00e1vel\u00a0por desvendar o mercado com implanta\u00e7\u00e3o de bibliotecas nos mais diversos ramos de atividade.\u00a0Presidente do Sindicato dos Bibliotec\u00e1rios do Estado de S\u00e3o\u2026","rel":"","context":"Em &quot;Not\u00edcias&quot;","block_context":{"text":"Not\u00edcias","link":"https:\/\/mundobibliotecario.com.br\/index.php\/category\/noticias\/"},"img":{"alt_text":"","src":"","width":0,"height":0},"classes":[]},{"id":4968,"url":"https:\/\/mundobibliotecario.com.br\/index.php\/2018\/08\/06\/livros-de-youtubers-sao-um-fenomeno-no-mercado-editorial\/","url_meta":{"origin":5493,"position":5},"title":"Livros de youtubers s\u00e3o um fen\u00f4meno no mercado editorial","author":"mundobibliotecario","date":"06\/08\/2018","format":false,"excerpt":"Diversos youtubers estar\u00e3o na Bienal Internacional do Livro de S\u00e3o Paulo, representando seus trabalhos liter\u00e1rios Por\u00a0Let\u00edcia Tanaka\u00a0- Editorias:\u00a0Atualidades,\u00a0R\u00e1dio USP \u00a0 Biena (sic) do livro \u2013 Foto: Marcos Santos \/ USP Imagens A 25\u00aa Bienal Internacional do Livro de S\u00e3o Paulo\u00a0 que come\u00e7a hoje, dia 3, e vai at\u00e9 o dia\u2026","rel":"","context":"Em &quot;N\u00e3o classificado&quot;","block_context":{"text":"N\u00e3o classificado","link":"https:\/\/mundobibliotecario.com.br\/index.php\/category\/nao-classificado\/"},"img":{"alt_text":"","src":"","width":0,"height":0},"classes":[]}],"jetpack_likes_enabled":true,"jetpack_shortlink":"https:\/\/wp.me\/pcbzwa-1qB","_links":{"self":[{"href":"https:\/\/mundobibliotecario.com.br\/index.php\/wp-json\/wp\/v2\/posts\/5493","targetHints":{"allow":["GET"]}}],"collection":[{"href":"https:\/\/mundobibliotecario.com.br\/index.php\/wp-json\/wp\/v2\/posts"}],"about":[{"href":"https:\/\/mundobibliotecario.com.br\/index.php\/wp-json\/wp\/v2\/types\/post"}],"author":[{"embeddable":true,"href":"https:\/\/mundobibliotecario.com.br\/index.php\/wp-json\/wp\/v2\/users\/1"}],"replies":[{"embeddable":true,"href":"https:\/\/mundobibliotecario.com.br\/index.php\/wp-json\/wp\/v2\/comments?post=5493"}],"version-history":[{"count":0,"href":"https:\/\/mundobibliotecario.com.br\/index.php\/wp-json\/wp\/v2\/posts\/5493\/revisions"}],"wp:attachment":[{"href":"https:\/\/mundobibliotecario.com.br\/index.php\/wp-json\/wp\/v2\/media?parent=5493"}],"wp:term":[{"taxonomy":"category","embeddable":true,"href":"https:\/\/mundobibliotecario.com.br\/index.php\/wp-json\/wp\/v2\/categories?post=5493"},{"taxonomy":"post_tag","embeddable":true,"href":"https:\/\/mundobibliotecario.com.br\/index.php\/wp-json\/wp\/v2\/tags?post=5493"}],"curies":[{"name":"wp","href":"https:\/\/api.w.org\/{rel}","templated":true}]}}