{"id":5518,"date":"2020-03-12T07:05:31","date_gmt":"2020-03-12T10:05:31","guid":{"rendered":"http:\/\/mundobibliotecario.com.br\/?p=5518"},"modified":"2020-03-12T07:05:31","modified_gmt":"2020-03-12T10:05:31","slug":"feliz-dia-do-bibliotecario-3","status":"publish","type":"post","link":"https:\/\/mundobibliotecario.com.br\/index.php\/2020\/03\/12\/feliz-dia-do-bibliotecario-3\/","title":{"rendered":"Feliz Dia do Bibliotec\u00e1rio!"},"content":{"rendered":"\n<figure class=\"wp-block-image size-large\"><img loading=\"lazy\" decoding=\"async\" width=\"1747\" height=\"1240\" src=\"http:\/\/mundobibliotecario.com.br\/wp-content\/uploads\/2020\/03\/parabc3a9ns-bibliotecc3a1rio.jpg?w=1024\" alt=\"\" class=\"wp-image-5519\" srcset=\"https:\/\/mundobibliotecario.com.br\/wp-content\/uploads\/2020\/03\/parabc3a9ns-bibliotecc3a1rio.jpg 1747w, https:\/\/mundobibliotecario.com.br\/wp-content\/uploads\/2020\/03\/parabc3a9ns-bibliotecc3a1rio-300x213.jpg 300w, https:\/\/mundobibliotecario.com.br\/wp-content\/uploads\/2020\/03\/parabc3a9ns-bibliotecc3a1rio-1024x727.jpg 1024w, https:\/\/mundobibliotecario.com.br\/wp-content\/uploads\/2020\/03\/parabc3a9ns-bibliotecc3a1rio-768x545.jpg 768w, https:\/\/mundobibliotecario.com.br\/wp-content\/uploads\/2020\/03\/parabc3a9ns-bibliotecc3a1rio-1536x1090.jpg 1536w\" sizes=\"auto, (max-width: 1747px) 100vw, 1747px\" \/><\/figure>\n","protected":false},"excerpt":{"rendered":"","protected":false},"author":1,"featured_media":0,"comment_status":"open","ping_status":"open","sticky":false,"template":"","format":"image","meta":{"_mi_skip_tracking":false,"_exactmetrics_sitenote_active":false,"_exactmetrics_sitenote_note":"","_exactmetrics_sitenote_category":0,"_jetpack_newsletter_access":"","footnotes":""},"categories":[60],"tags":[1413,533],"class_list":["post-5518","post","type-post","status-publish","format-image","hentry","category-noticias","tag-cartao","tag-dia-do-bibliotecario","post_format-post-format-image"],"jetpack_featured_media_url":"","jetpack_sharing_enabled":true,"jetpack-related-posts":[{"id":9875,"url":"https:\/\/mundobibliotecario.com.br\/index.php\/2022\/03\/12\/feliz-dia-do-bibliotecario-5\/","url_meta":{"origin":5518,"position":0},"title":"Feliz Dia do Bibliotec\u00e1rio!","author":"mundobibliotecario","date":"12\/03\/2022","format":false,"excerpt":"","rel":"","context":"Em &quot;Not\u00edcias&quot;","block_context":{"text":"Not\u00edcias","link":"https:\/\/mundobibliotecario.com.br\/index.php\/category\/noticias\/"},"img":{"alt_text":"","src":"https:\/\/i0.wp.com\/mundobibliotecario.com.br\/wp-content\/uploads\/2022\/03\/12032022.jpg?resize=350%2C200&ssl=1","width":350,"height":200},"classes":[]},{"id":10305,"url":"https:\/\/mundobibliotecario.com.br\/index.php\/2023\/03\/12\/feliz-dia-do-bibliotecario-6\/","url_meta":{"origin":5518,"position":1},"title":"Feliz Dia do Bibliotec\u00e1rio","author":"mundobibliotecario","date":"12\/03\/2023","format":false,"excerpt":"","rel":"","context":"Em &quot;Not\u00edcias&quot;","block_context":{"text":"Not\u00edcias","link":"https:\/\/mundobibliotecario.com.br\/index.php\/category\/noticias\/"},"img":{"alt_text":"","src":"https:\/\/i0.wp.com\/mundobibliotecario.com.br\/wp-content\/uploads\/2023\/03\/Cartao-Dia-do-Bibliotecario.jpg?resize=350%2C200&ssl=1","width":350,"height":200},"classes":[]},{"id":8440,"url":"https:\/\/mundobibliotecario.com.br\/index.php\/2021\/03\/12\/feliz-dia-do-bibliotecario-4\/","url_meta":{"origin":5518,"position":2},"title":"Feliz Dia do Bibliotec\u00e1rio!","author":"mundobibliotecario","date":"12\/03\/2021","format":false,"excerpt":"","rel":"","context":"Em &quot;Not\u00edcias&quot;","block_context":{"text":"Not\u00edcias","link":"https:\/\/mundobibliotecario.com.br\/index.php\/category\/noticias\/"},"img":{"alt_text":"","src":"https:\/\/i0.wp.com\/mundobibliotecario.com.br\/wp-content\/uploads\/2021\/03\/Cartao-Dia-do-Bibliotecario.png?resize=350%2C200&ssl=1","width":350,"height":200},"classes":[]},{"id":3003,"url":"https:\/\/mundobibliotecario.com.br\/index.php\/2013\/03\/12\/feliz-dia-do-bibliotecario\/","url_meta":{"origin":5518,"position":3},"title":"Feliz dia do bibliotec\u00e1rio!","author":"mundobibliotecario","date":"12\/03\/2013","format":false,"excerpt":"Que a cada dia possamos levar informa\u00e7\u00e3o onde h\u00e1 d\u00favida, conhecimento onde h\u00e1 ignor\u00e2ncia e sabedoria onde h\u00e1 vazio intelectual! S\u00e3o os votos do Mundo Bibliotec\u00e1rio aos bibliotec\u00e1rios brasileiros!","rel":"","context":"Em &quot;Not\u00edcias&quot;","block_context":{"text":"Not\u00edcias","link":"https:\/\/mundobibliotecario.com.br\/index.php\/category\/noticias\/"},"img":{"alt_text":"","src":"","width":0,"height":0},"classes":[]},{"id":4488,"url":"https:\/\/mundobibliotecario.com.br\/index.php\/2017\/03\/12\/dia-do-bibliotecario\/","url_meta":{"origin":5518,"position":4},"title":"Dia do Bibliotec\u00e1rio","author":"mundobibliotecario","date":"12\/03\/2017","format":false,"excerpt":"O Mundo Bibliotec\u00e1rio deseja a todos os seus leitores e seguidores um feliz Dia do Bibliotec\u00e1rio! \u00a0","rel":"","context":"Em &quot;Not\u00edcias&quot;","block_context":{"text":"Not\u00edcias","link":"https:\/\/mundobibliotecario.com.br\/index.php\/category\/noticias\/"},"img":{"alt_text":"","src":"","width":0,"height":0},"classes":[]},{"id":5117,"url":"https:\/\/mundobibliotecario.com.br\/index.php\/2019\/03\/12\/feliz-dia-do-bibliotecario-2\/","url_meta":{"origin":5518,"position":5},"title":"Feliz Dia do Bibliotec\u00e1rio!","author":"mundobibliotecario","date":"12\/03\/2019","format":"image","excerpt":"","rel":"","context":"Em &quot;Reflex\u00f5es&quot;","block_context":{"text":"Reflex\u00f5es","link":"https:\/\/mundobibliotecario.com.br\/index.php\/category\/reflexoes\/"},"img":{"alt_text":"Dia do Bibliotec\u00c3\u00a1rio","src":"https:\/\/i0.wp.com\/mundobibliotecario.com.br\/wp-content\/uploads\/2019\/03\/000-1.png?resize=350%2C200","width":350,"height":200},"classes":[]}],"jetpack_likes_enabled":true,"jetpack_shortlink":"https:\/\/wp.me\/pcbzwa-1r0","_links":{"self":[{"href":"https:\/\/mundobibliotecario.com.br\/index.php\/wp-json\/wp\/v2\/posts\/5518","targetHints":{"allow":["GET"]}}],"collection":[{"href":"https:\/\/mundobibliotecario.com.br\/index.php\/wp-json\/wp\/v2\/posts"}],"about":[{"href":"https:\/\/mundobibliotecario.com.br\/index.php\/wp-json\/wp\/v2\/types\/post"}],"author":[{"embeddable":true,"href":"https:\/\/mundobibliotecario.com.br\/index.php\/wp-json\/wp\/v2\/users\/1"}],"replies":[{"embeddable":true,"href":"https:\/\/mundobibliotecario.com.br\/index.php\/wp-json\/wp\/v2\/comments?post=5518"}],"version-history":[{"count":0,"href":"https:\/\/mundobibliotecario.com.br\/index.php\/wp-json\/wp\/v2\/posts\/5518\/revisions"}],"wp:attachment":[{"href":"https:\/\/mundobibliotecario.com.br\/index.php\/wp-json\/wp\/v2\/media?parent=5518"}],"wp:term":[{"taxonomy":"category","embeddable":true,"href":"https:\/\/mundobibliotecario.com.br\/index.php\/wp-json\/wp\/v2\/categories?post=5518"},{"taxonomy":"post_tag","embeddable":true,"href":"https:\/\/mundobibliotecario.com.br\/index.php\/wp-json\/wp\/v2\/tags?post=5518"}],"curies":[{"name":"wp","href":"https:\/\/api.w.org\/{rel}","templated":true}]}}