{"id":5564,"date":"2020-04-19T13:00:00","date_gmt":"2020-04-19T16:00:00","guid":{"rendered":"http:\/\/mundobibliotecario.com.br\/?p=5564"},"modified":"2020-04-19T13:00:00","modified_gmt":"2020-04-19T16:00:00","slug":"bibliotecas-publicas-apos-a-pandemia","status":"publish","type":"post","link":"https:\/\/mundobibliotecario.com.br\/index.php\/2020\/04\/19\/bibliotecas-publicas-apos-a-pandemia\/","title":{"rendered":"Bibliotecas p\u00fablicas ap\u00f3s a pandemia"},"content":{"rendered":"\n<p>por Sari Feldman &#8211; 17 abr. 2020<\/p>\n\n\n\n<figure class=\"wp-block-image\"><img decoding=\"async\" src=\"https:\/\/www.publishersweekly.com\/images\/data\/ARTICLE_PHOTO\/photo\/000\/070\/70963-1.JPG\" alt=\"\" \/><figcaption>Sari Feldman<br>Fonte: <a href=\"https:\/\/www.publishersweekly.com\/pw\/by-topic\/industry-news\/libraries\/article\/83093-public-libraries-after-the-pandemic.html\" target=\"_blank\" rel=\"noreferrer noopener\">Publishers Weekly<\/a><\/figcaption><\/figure>\n\n\n\n<p>Como muitas pessoas em todo o pa\u00eds, passo muito da minha vida de quarentena obcecada com o futuro.\u00a0Como ser\u00e1 o nosso mundo quando finalmente superarmos a crise de sa\u00fade dos Covid-19?\u00a0Como todo mundo, eu desejo voltar ao normal.\u00a0Mas quando finalmente sairmos de nossas ordens de &#8220;ficar em casa&#8221;, certamente estaremos entrando em uma nova normalidade, que trar\u00e1 grandes implica\u00e7\u00f5es para muitas institui\u00e7\u00f5es, incluindo bibliotecas p\u00fablicas.<\/p>\n\n\n\n<p>Segundo a autora, algumas implica\u00e7\u00f5es s\u00e3o:<\/p>\n\n\n\n<ul class=\"wp-block-list\"><li>manuseio e circula\u00e7\u00e3o de cole\u00e7\u00f5es<\/li><li>manuten\u00e7\u00e3o do acesso ao pr\u00e9dio aberto para o p\u00fablico<\/li><li>realiza\u00e7\u00e3o de atividades como lan\u00e7amento de livros e visitas de autores nas bibliotecas<\/li><li>or\u00e7amento para compra de t\u00edtulos impressos e eletr\u00f4nicos<\/li><\/ul>\n\n\n\n<p>Leia a not\u00edcia completa <a href=\"https:\/\/www.publishersweekly.com\/pw\/by-topic\/industry-news\/libraries\/article\/83093-public-libraries-after-the-pandemic.html\" target=\"_blank\" rel=\"noreferrer noopener\">Public Libraries After the Pandemic<\/a>, de Sari Feldman, publicado no Publishers Weekly.<\/p>\n","protected":false},"excerpt":{"rendered":"<p>por Sari Feldman &#8211; 17 abr. 2020 Como muitas pessoas em todo o pa\u00eds, passo muito da minha vida de quarentena obcecada com o futuro.\u00a0Como ser\u00e1 o nosso mundo quando finalmente superarmos a crise de sa\u00fade dos Covid-19?\u00a0Como todo mundo, eu desejo voltar ao normal.\u00a0Mas quando finalmente sairmos de nossas ordens de &#8220;ficar em casa&#8221;, &#8230; <a title=\"Bibliotecas p\u00fablicas ap\u00f3s a pandemia\" class=\"read-more\" href=\"https:\/\/mundobibliotecario.com.br\/index.php\/2020\/04\/19\/bibliotecas-publicas-apos-a-pandemia\/\" aria-label=\"Read more about Bibliotecas p\u00fablicas ap\u00f3s a pandemia\">Ler mais<\/a><\/p>\n","protected":false},"author":1,"featured_media":0,"comment_status":"open","ping_status":"open","sticky":false,"template":"","format":"standard","meta":{"_mi_skip_tracking":false,"_exactmetrics_sitenote_active":false,"_exactmetrics_sitenote_note":"","_exactmetrics_sitenote_category":0,"_jetpack_newsletter_access":"","footnotes":""},"categories":[60],"tags":[70,1451,1452,1655],"class_list":["post-5564","post","type-post","status-publish","format-standard","hentry","category-noticias","tag-biblioteca-publica","tag-coronavirus","tag-covid-19","tag-pandemia"],"jetpack_featured_media_url":"","jetpack_sharing_enabled":true,"jetpack-related-posts":[{"id":5734,"url":"https:\/\/mundobibliotecario.com.br\/index.php\/2020\/07\/20\/painel-funesc-debate-a-biblioteca-publica-antes-e-depois-da-pandemia\/","url_meta":{"origin":5564,"position":0},"title":"Painel Funesc debate \u2018A Biblioteca P\u00fablica antes e depois da pandemia","author":"mundobibliotecario","date":"20\/07\/2020","format":false,"excerpt":"Para a bibliotec\u00e1ria Cybelle Macedo, levar\u00e1 um tempo at\u00e9 que as bibliotecas voltem a ser pontos de converg\u00eancia A Funda\u00e7\u00e3o Espa\u00e7o Cultural da Para\u00edba (Funesc) realiza, nesta ter\u00e7a-feira (21), a segunda edi\u00e7\u00e3o do \u2018Painel Funesc\u2019, a partir das 19h. O tema em debate vai ser \u2018A Biblioteca P\u00fablica antes e\u2026","rel":"","context":"Em &quot;Not\u00edcias&quot;","block_context":{"text":"Not\u00edcias","link":"https:\/\/mundobibliotecario.com.br\/index.php\/category\/noticias\/"},"img":{"alt_text":"","src":"","width":0,"height":0},"classes":[]},{"id":7984,"url":"https:\/\/mundobibliotecario.com.br\/index.php\/2020\/12\/23\/bibliotecas-publicas-respondem-a-pandemia-de-covid-19-criando-um-novo-modelo-de-servico\/","url_meta":{"origin":5564,"position":1},"title":"Bibliotecas p\u00fablicas respondem \u00e0 pandemia de COVID-19, criando um novo modelo de servi\u00e7o","author":"mundobibliotecario","date":"23\/12\/2020","format":false,"excerpt":"No editorial de dezembro de 2020 da revista Information Technology and Libraries, Jon Goddard faz uma breve retrospectiva de como as bibliotecas p\u00fablicas norte-americanas se reinventaram em 2020. Com a oferta de conta\u00e7\u00e3o de hist\u00f3rias online, empr\u00e9stimo de e-books e parcerias com escolas e outras institui\u00e7\u00f5es para melhor o sinal\u2026","rel":"","context":"Em &quot;Not\u00edcias&quot;","block_context":{"text":"Not\u00edcias","link":"https:\/\/mundobibliotecario.com.br\/index.php\/category\/noticias\/"},"img":{"alt_text":"","src":"https:\/\/i0.wp.com\/mundobibliotecario.com.br\/wp-content\/uploads\/2020\/12\/pandemic-5026719_640.jpg?resize=350%2C200&ssl=1","width":350,"height":200},"classes":[]},{"id":9032,"url":"https:\/\/mundobibliotecario.com.br\/index.php\/2021\/06\/22\/resultados-da-pesquisa-lsn-sobre-atendimento-a-pessoas-com-necessidades-especiais-durante-o-covid-19-publicado\/","url_meta":{"origin":5564,"position":2},"title":"Resultados da pesquisa LSN sobre atendimento a pessoas com necessidades especiais durante o COVID-19 publicado","author":"mundobibliotecario","date":"22\/06\/2021","format":false,"excerpt":"Jon Tyson - Unsplash Os resultados de uma pesquisa sobre o atendimento a pessoas com necessidades especiais durante o COVID-19 foram publicados na \u00faltima edi\u00e7\u00e3o da\u00a0International Leads, uma publica\u00e7\u00e3o da International Relations Roundtable of American Library Association. \u201cAtendendo Pessoas com Necessidades Especiais durante COVID-19: Hist\u00f3rias de Todo o Mundo\u201d foi\u2026","rel":"","context":"Em &quot;Not\u00edcias&quot;","block_context":{"text":"Not\u00edcias","link":"https:\/\/mundobibliotecario.com.br\/index.php\/category\/noticias\/"},"img":{"alt_text":"","src":"https:\/\/i0.wp.com\/mundobibliotecario.com.br\/wp-content\/uploads\/2021\/06\/jon-tyson-O7ke8N4kTpQ-unsplash.jpg?resize=350%2C200&ssl=1","width":350,"height":200},"classes":[]},{"id":8667,"url":"https:\/\/mundobibliotecario.com.br\/index.php\/2021\/04\/06\/relatorio-do-estado-das-bibliotecas-dos-estados-unidos-relatorio-especial-covid-19\/","url_meta":{"origin":5564,"position":3},"title":"Relat\u00f3rio do Estado das Bibliotecas dos Estados Unidos &#8211; Relat\u00f3rio Especial: COVID-19","author":"mundobibliotecario","date":"06\/04\/2021","format":false,"excerpt":"A American Library Association publicou em seu site o\u00a0Relat\u00f3rio do Estado das Bibliotecas dos Estados Unidos - Relat\u00f3rio Especial: COVID-19. Em um ano n\u00e3o muito diferente do que vivemos no Brasil em 2019, o texto de apresenta\u00e7\u00e3o do relat\u00f3rio informa que os Estados Unidos enfrentaram n\u00e3o s\u00f3 desafios pol\u00edticos devido\u2026","rel":"","context":"Em &quot;Not\u00edcias&quot;","block_context":{"text":"Not\u00edcias","link":"https:\/\/mundobibliotecario.com.br\/index.php\/category\/noticias\/"},"img":{"alt_text":"covid-19","src":"https:\/\/i0.wp.com\/mundobibliotecario.com.br\/wp-content\/uploads\/2020\/07\/covid-19-4975604_640.png?resize=350%2C200&ssl=1","width":350,"height":200},"classes":[]},{"id":5663,"url":"https:\/\/mundobibliotecario.com.br\/index.php\/2020\/06\/16\/ambac-publicacao-diretrizes-para-a-reabertura-de-bibliotecas-em-face-da-emergencia-de-saude-devido-a-covid-19\/","url_meta":{"origin":5564,"position":4},"title":"AMBAC &#8211; Publica\u00e7\u00e3o &#8220;Diretrizes para a reabertura de bibliotecas em face da emerg\u00eancia de sa\u00fade devido \u00e0 COVID-19&#8221;","author":"mundobibliotecario","date":"16\/06\/2020","format":false,"excerpt":"Fonte: AMBAC Informamos que as \"Diretrizes para a reabertura de bibliotecas em face da emerg\u00eancia de sa\u00fade devido \u00e0 COVID-19\" est\u00e3o agora dispon\u00edveis para consulta. Este documento \u00e9 o resultado de um processo de pesquisa de gabinete, pesquisa em bancos de dados bibliogr\u00e1ficos de literatura especializada, revis\u00e3o de literatura e\u2026","rel":"","context":"Em &quot;Not\u00edcias&quot;","block_context":{"text":"Not\u00edcias","link":"https:\/\/mundobibliotecario.com.br\/index.php\/category\/noticias\/"},"img":{"alt_text":"","src":"https:\/\/i0.wp.com\/mundobibliotecario.com.br\/wp-content\/uploads\/2020\/06\/image-2.png?resize=350%2C200&ssl=1","width":350,"height":200},"classes":[]},{"id":9140,"url":"https:\/\/mundobibliotecario.com.br\/index.php\/2021\/07\/15\/uma-estrutura-para-pensar-sobre-o-novo-normal\/","url_meta":{"origin":5564,"position":5},"title":"Uma estrutura para pensar sobre o &#8216;novo normal&#8217;","author":"mundobibliotecario","date":"15\/07\/2021","format":false,"excerpt":"Em um artigo publicado no site da Research Libraries UK, David Prosser reflete sobre as bibliotecas universit\u00e1rias em um mundo p\u00f3s-pand\u00eamico. Confira a tradu\u00e7\u00e3o livre do artigo original em ingl\u00eas,\u00a0A framework for thinking about the \u2018new normal\u2019. Boa leitura! Becca Tapert - Unsplash N\u00e3o demorou muito depois do fechamento dos\u2026","rel":"","context":"Em &quot;Not\u00edcias&quot;","block_context":{"text":"Not\u00edcias","link":"https:\/\/mundobibliotecario.com.br\/index.php\/category\/noticias\/"},"img":{"alt_text":"","src":"https:\/\/i0.wp.com\/mundobibliotecario.com.br\/wp-content\/uploads\/2021\/07\/becca-tapert-GnY_mW1Q6Xc-unsplash.jpg?resize=350%2C200&ssl=1","width":350,"height":200},"classes":[]}],"jetpack_likes_enabled":true,"jetpack_shortlink":"https:\/\/wp.me\/pcbzwa-1rK","_links":{"self":[{"href":"https:\/\/mundobibliotecario.com.br\/index.php\/wp-json\/wp\/v2\/posts\/5564","targetHints":{"allow":["GET"]}}],"collection":[{"href":"https:\/\/mundobibliotecario.com.br\/index.php\/wp-json\/wp\/v2\/posts"}],"about":[{"href":"https:\/\/mundobibliotecario.com.br\/index.php\/wp-json\/wp\/v2\/types\/post"}],"author":[{"embeddable":true,"href":"https:\/\/mundobibliotecario.com.br\/index.php\/wp-json\/wp\/v2\/users\/1"}],"replies":[{"embeddable":true,"href":"https:\/\/mundobibliotecario.com.br\/index.php\/wp-json\/wp\/v2\/comments?post=5564"}],"version-history":[{"count":0,"href":"https:\/\/mundobibliotecario.com.br\/index.php\/wp-json\/wp\/v2\/posts\/5564\/revisions"}],"wp:attachment":[{"href":"https:\/\/mundobibliotecario.com.br\/index.php\/wp-json\/wp\/v2\/media?parent=5564"}],"wp:term":[{"taxonomy":"category","embeddable":true,"href":"https:\/\/mundobibliotecario.com.br\/index.php\/wp-json\/wp\/v2\/categories?post=5564"},{"taxonomy":"post_tag","embeddable":true,"href":"https:\/\/mundobibliotecario.com.br\/index.php\/wp-json\/wp\/v2\/tags?post=5564"}],"curies":[{"name":"wp","href":"https:\/\/api.w.org\/{rel}","templated":true}]}}