{"id":5575,"date":"2020-04-22T16:00:00","date_gmt":"2020-04-22T19:00:00","guid":{"rendered":"http:\/\/mundobibliotecario.com.br\/?p=5575"},"modified":"2020-04-22T16:00:00","modified_gmt":"2020-04-22T19:00:00","slug":"goethe-institut-disponibiliza-gratuitamente-mais-de-21-000-titulos-em-biblioteca-digital","status":"publish","type":"post","link":"https:\/\/mundobibliotecario.com.br\/index.php\/2020\/04\/22\/goethe-institut-disponibiliza-gratuitamente-mais-de-21-000-titulos-em-biblioteca-digital\/","title":{"rendered":"Goethe-Institut disponibiliza gratuitamente mais de 21.000 t\u00edtulos em biblioteca digital"},"content":{"rendered":"\n<p><em>Biblioteca Onleihe oferece livros, revistas, jornais, m\u00fasicas, audiobooks e filmes \u2013 quase tudo em alem\u00e3o<\/em><\/p>\n\n\n\n<p>Para quem l\u00ea alem\u00e3o ou quer se aperfei\u00e7oar no idioma, o Goethe-Institut oferece o acesso on-line gratuito a mais de 21.000 t\u00edtulos \u2013 quase todos em alem\u00e3o \u2013 dispon\u00edveis na biblioteca digital Onleihe:&nbsp;<a href=\"https:\/\/www.onleihe.de\/goethe-institut\/\" target=\"_blank\" rel=\"noreferrer noopener\">https:\/\/www.onleihe.de\/goethe-institut\/<\/a>.<\/p>\n\n\n\n<p>Segundo a funcion\u00e1ria respons\u00e1vel pelo Centro de Informa\u00e7\u00e3o do Goethe-Institut Curitiba, Juliane M\u00fcller, a Onleihe independe de uma Biblioteca f\u00edsica e oferece livros, revistas, jornais, m\u00fasicas, audiobooks e at\u00e9 filmes em alem\u00e3o, alguns com legendas em ingl\u00eas, com streaming para PCs e laptops (mas n\u00e3o para celulares ou tablets). \u201cQualquer pessoa pode usar a Onleihe\u201d, diz. \u201cPara usar no celular ou tablet, \u00e9 s\u00f3 baixar o aplicativo gratuito. J\u00e1 no PC ou laptop, \u00e9 necess\u00e1rio ter ou baixar o Adobe Digital Editions e abrir a p\u00e1gina no navegador.\u201d<\/p>\n\n\n\n<p>Juliane conta que os t\u00edtulos dispon\u00edveis est\u00e3o divididos em temas, como material para o aprendizado do alem\u00e3o, biblioteca infantil com quase dois mil t\u00edtulos, literatura, entretenimento e mais de 5.600 m\u00fasicas. Entre os t\u00edtulos rec\u00e9m adquiridos, est\u00e3o os livros em alem\u00e3o Die Stadt der Tr\u00e4umenden B\u00fccher, de Walter Moers, e Flexen, de Anke Stelling, e em ingl\u00eas, The Three Escapes of Hannah Arendt, de Ken Krimstein, e The Incredible yet True Adventures of Alexander von Humboldt, de Volker Mehnert.<\/p>\n\n\n\n<p><strong>Sobre o Goethe-Institut Curitiba<\/strong><br>Em Curitiba desde 1972, o Goethe-Institut \u00e9 o Instituto Cultural oficial da Rep\u00fablica Federal da Alemanha, fundado em 1951 na cidade de Munique, na Alemanha. Atualmente, o Goethe-Institut possui 157 sedes em 98 pa\u00edses, sendo 12 somente na Alemanha e cinco no Brasil. O objetivo \u00e9 promover o conhecimento da l\u00edngua alem\u00e3 em todo o mundo assim como o interc\u00e2mbio cultural.<\/p>\n\n\n\n<p>O Goethe-Institut Curitiba fica na Rua Reinaldino S. de Quadros, 33, mas est\u00e1 fechado para atendimento presencial at\u00e9 pelo menos o dia 4 de maio de 2020. Os canais de comunica\u00e7\u00e3o s\u00e3o o e-mail\u00a0<a rel=\"noreferrer noopener\" href=\"mailto:info-curitiba@goethe.de\" target=\"_blank\">info-curitiba@goethe.de<\/a>\u00a0e o telefone (41) 3262-8244, com atendimento de segunda a sexta, das 10h \u00e0s 16h. Mais informa\u00e7\u00f5es no site do Goethe-Institut Curitiba:\u00a0<a rel=\"noreferrer noopener\" href=\"https:\/\/www.goethe.de\/curitiba\" target=\"_blank\">https:\/\/www.goethe.de\/curitiba<\/a>.<\/p>\n\n\n\n<p>Dispon\u00edvel em: <a href=\"https:\/\/paranashop.com.br\/2020\/04\/goethe-institut-disponibiliza-gratuitamente-mais-de-21-000-titulos-em-biblioteca-digital-2\/\">https:\/\/paranashop.com.br\/2020\/04\/goethe-institut-disponibiliza-gratuitamente-mais-de-21-000-titulos-em-biblioteca-digital-2\/<\/a>. Acesso em: 21 abr. 2020.<\/p>\n","protected":false},"excerpt":{"rendered":"<p>Biblioteca Onleihe oferece livros, revistas, jornais, m\u00fasicas, audiobooks e filmes \u2013 quase tudo em alem\u00e3o Para quem l\u00ea alem\u00e3o ou quer se aperfei\u00e7oar no idioma, o Goethe-Institut oferece o acesso on-line gratuito a mais de 21.000 t\u00edtulos \u2013 quase todos em alem\u00e3o \u2013 dispon\u00edveis na biblioteca digital Onleihe:&nbsp;https:\/\/www.onleihe.de\/goethe-institut\/. Segundo a funcion\u00e1ria respons\u00e1vel pelo Centro de &#8230; <a title=\"Goethe-Institut disponibiliza gratuitamente mais de 21.000 t\u00edtulos em biblioteca digital\" class=\"read-more\" href=\"https:\/\/mundobibliotecario.com.br\/index.php\/2020\/04\/22\/goethe-institut-disponibiliza-gratuitamente-mais-de-21-000-titulos-em-biblioteca-digital\/\" aria-label=\"Read more about Goethe-Institut disponibiliza gratuitamente mais de 21.000 t\u00edtulos em biblioteca digital\">Ler mais<\/a><\/p>\n","protected":false},"author":1,"featured_media":0,"comment_status":"open","ping_status":"open","sticky":false,"template":"","format":"standard","meta":{"_mi_skip_tracking":false,"_exactmetrics_sitenote_active":false,"_exactmetrics_sitenote_note":"","_exactmetrics_sitenote_category":0,"_jetpack_newsletter_access":"","footnotes":""},"categories":[60],"tags":[1338,365,1388,1538],"class_list":["post-5575","post","type-post","status-publish","format-standard","hentry","category-noticias","tag-alemao","tag-biblioteca-digital","tag-biblioteca-onleihe","tag-goethe-institut"],"jetpack_featured_media_url":"","jetpack_sharing_enabled":true,"jetpack-related-posts":[{"id":1179,"url":"https:\/\/mundobibliotecario.com.br\/index.php\/2010\/03\/23\/palestra-bibliotecas-na-era-digital-desafios-e-perspectivas-as-atividades-da-biblioteca-estadual-da-baviera\/","url_meta":{"origin":5575,"position":0},"title":"Palestra &#8220;Bibliotecas na era digital: desafios e perspectivas, as atividades da Biblioteca Estadual da Baviera&#8221;","author":"mundobibliotecario","date":"23\/03\/2010","format":false,"excerpt":"*O Goethe-Institut S\u00e3o Paulo com apoio do Ita\u00fa Cultural promove a palestra* *\"Bibliotecas na era digital: desafios e perspectivas, as atividades da Biblioteca Estadual da Baviera\"* por *Klaus Ceynowa*, diretor da Biblioteca Estadual da Baviera Localizada em Munique e fundada em 1558, a Biblioteca Estadual da Baviera ( www.bsb-muenchen.de )\u2026","rel":"","context":"Em &quot;Eventos&quot;","block_context":{"text":"Eventos","link":"https:\/\/mundobibliotecario.com.br\/index.php\/category\/eventos\/"},"img":{"alt_text":"","src":"","width":0,"height":0},"classes":[]},{"id":4847,"url":"https:\/\/mundobibliotecario.com.br\/index.php\/2010\/03\/23\/palestra-bibliotecas-na-era-digital-desafios-e-perspectivas-as-atividades-da-biblioteca-estadual-da-baviera-2\/","url_meta":{"origin":5575,"position":1},"title":"Palestra &quot;Bibliotecas na era digital: desafios e perspectivas, as atividades da Biblioteca Estadual da Baviera&quot;","author":"mundobibliotecario","date":"23\/03\/2010","format":false,"excerpt":"*O Goethe-Institut S\u00e3o Paulo com apoio do Ita\u00fa Cultural promove a palestra* *\"Bibliotecas na era digital: desafios e perspectivas, as atividades da Biblioteca Estadual da Baviera\"* por *Klaus Ceynowa*, diretor da Biblioteca Estadual da Baviera Localizada em Munique e fundada em 1558, a Biblioteca Estadual da Baviera ( www.bsb-muenchen.de )\u2026","rel":"","context":"Em &quot;Eventos&quot;","block_context":{"text":"Eventos","link":"https:\/\/mundobibliotecario.com.br\/index.php\/category\/eventos\/"},"img":{"alt_text":"","src":"","width":0,"height":0},"classes":[]},{"id":4848,"url":"https:\/\/mundobibliotecario.com.br\/index.php\/2010\/03\/23\/palestra-bibliotecas-na-era-digital-desafios-e-perspectivas-as-atividades-da-biblioteca-estadual-da-baviera-2-2\/","url_meta":{"origin":5575,"position":2},"title":"Palestra &#034;Bibliotecas na era digital: desafios e perspectivas, as atividades da Biblioteca Estadual da Baviera&#034;","author":"mundobibliotecario","date":"23\/03\/2010","format":false,"excerpt":"*O Goethe-Institut S\u00e3o Paulo com apoio do Ita\u00fa Cultural promove a palestra* *\"Bibliotecas na era digital: desafios e perspectivas, as atividades da Biblioteca Estadual da Baviera\"* por *Klaus Ceynowa*, diretor da Biblioteca Estadual da Baviera Localizada em Munique e fundada em 1558, a Biblioteca Estadual da Baviera ( www.bsb-muenchen.de )\u2026","rel":"","context":"Em &quot;Eventos&quot;","block_context":{"text":"Eventos","link":"https:\/\/mundobibliotecario.com.br\/index.php\/category\/eventos\/"},"img":{"alt_text":"","src":"","width":0,"height":0},"classes":[]},{"id":933,"url":"https:\/\/mundobibliotecario.com.br\/index.php\/2009\/10\/21\/palestra-informacao-bem-publico-ou-privado\/","url_meta":{"origin":5575,"position":3},"title":"Palestra &quot;Informa\u00e7\u00e3o: bem p\u00fablico ou privado?&quot;","author":"mundobibliotecario","date":"21\/10\/2009","format":false,"excerpt":"O Goethe-Institut S\u00e3o Paulo e o Ita\u00fa Cultural convidam para a palestra \"Informa\u00e7\u00e3o: bem p\u00fablico ou privado?\" At\u00e9 que ponto o conhecimento e a informa\u00e7\u00e3o devem ser primordialmente objetos do desenvolvimento (no interesse p\u00fablico) ou objetos de utiliza\u00e7\u00e3o comercial (no interesse privado)? por Prof. Dr. Rainer Kuhlen Rainer Kuhlen \u00e9\u2026","rel":"","context":"Em &quot;Eventos&quot;","block_context":{"text":"Eventos","link":"https:\/\/mundobibliotecario.com.br\/index.php\/category\/eventos\/"},"img":{"alt_text":"","src":"","width":0,"height":0},"classes":[]},{"id":4844,"url":"https:\/\/mundobibliotecario.com.br\/index.php\/2009\/10\/21\/palestra-informacao-bem-publico-ou-privado-2\/","url_meta":{"origin":5575,"position":4},"title":"Palestra &#034;Informa\u00e7\u00e3o: bem p\u00fablico ou privado?&#034;","author":"mundobibliotecario","date":"21\/10\/2009","format":false,"excerpt":"O Goethe-Institut S\u00e3o Paulo e o Ita\u00fa Cultural convidam para a palestra \"Informa\u00e7\u00e3o: bem p\u00fablico ou privado?\" At\u00e9 que ponto o conhecimento e a informa\u00e7\u00e3o devem ser primordialmente objetos do desenvolvimento (no interesse p\u00fablico) ou objetos de utiliza\u00e7\u00e3o comercial (no interesse privado)? por Prof. Dr. Rainer Kuhlen Rainer Kuhlen \u00e9\u2026","rel":"","context":"Em &quot;Eventos&quot;","block_context":{"text":"Eventos","link":"https:\/\/mundobibliotecario.com.br\/index.php\/category\/eventos\/"},"img":{"alt_text":"","src":"","width":0,"height":0},"classes":[]},{"id":1458,"url":"https:\/\/mundobibliotecario.com.br\/index.php\/2010\/09\/18\/palestra-arquivamento-do-passado-para-o-futuro-modernos-metodos-de-preservacao-de-acervos-de-bibliotecas-o-centro-de-digitalizacao-da-biblioteca-estadual-da-baviera\/","url_meta":{"origin":5575,"position":5},"title":"Palestra: Arquivamento do passado para o futuro: modernos m\u00e9todos de preserva\u00e7\u00e3o de acervos de bibliotecas &#8211; O Centro de Digitaliza\u00e7\u00e3o da Biblioteca Estadual da Baviera","author":"mundobibliotecario","date":"18\/09\/2010","format":false,"excerpt":"O Goethe-Institut S\u00e3o Paulo, com o apoio da Funda\u00e7\u00e3o Memorial da Am\u00e9rica Latina promove a palestra : Arquivamento do passado para o futuro: modernos m\u00e9todos de preserva\u00e7\u00e3o de acervos de bibliotecas - O Centro de Digitaliza\u00e7\u00e3o da Biblioteca Estadual da Baviera Desde 1997, o Centro de Digitaliza\u00e7\u00e3o da Biblioteca Estadual\u2026","rel":"","context":"Em &quot;Eventos&quot;","block_context":{"text":"Eventos","link":"https:\/\/mundobibliotecario.com.br\/index.php\/category\/eventos\/"},"img":{"alt_text":"","src":"","width":0,"height":0},"classes":[]}],"jetpack_likes_enabled":true,"jetpack_shortlink":"https:\/\/wp.me\/pcbzwa-1rV","_links":{"self":[{"href":"https:\/\/mundobibliotecario.com.br\/index.php\/wp-json\/wp\/v2\/posts\/5575","targetHints":{"allow":["GET"]}}],"collection":[{"href":"https:\/\/mundobibliotecario.com.br\/index.php\/wp-json\/wp\/v2\/posts"}],"about":[{"href":"https:\/\/mundobibliotecario.com.br\/index.php\/wp-json\/wp\/v2\/types\/post"}],"author":[{"embeddable":true,"href":"https:\/\/mundobibliotecario.com.br\/index.php\/wp-json\/wp\/v2\/users\/1"}],"replies":[{"embeddable":true,"href":"https:\/\/mundobibliotecario.com.br\/index.php\/wp-json\/wp\/v2\/comments?post=5575"}],"version-history":[{"count":0,"href":"https:\/\/mundobibliotecario.com.br\/index.php\/wp-json\/wp\/v2\/posts\/5575\/revisions"}],"wp:attachment":[{"href":"https:\/\/mundobibliotecario.com.br\/index.php\/wp-json\/wp\/v2\/media?parent=5575"}],"wp:term":[{"taxonomy":"category","embeddable":true,"href":"https:\/\/mundobibliotecario.com.br\/index.php\/wp-json\/wp\/v2\/categories?post=5575"},{"taxonomy":"post_tag","embeddable":true,"href":"https:\/\/mundobibliotecario.com.br\/index.php\/wp-json\/wp\/v2\/tags?post=5575"}],"curies":[{"name":"wp","href":"https:\/\/api.w.org\/{rel}","templated":true}]}}