{"id":5600,"date":"2020-05-01T13:00:00","date_gmt":"2020-05-01T16:00:00","guid":{"rendered":"http:\/\/mundobibliotecario.com.br\/?p=5600"},"modified":"2020-05-01T13:00:00","modified_gmt":"2020-05-01T16:00:00","slug":"biblioteca-de-yale-responde-a-pandemia-de-coronavirus","status":"publish","type":"post","link":"https:\/\/mundobibliotecario.com.br\/index.php\/2020\/05\/01\/biblioteca-de-yale-responde-a-pandemia-de-coronavirus\/","title":{"rendered":"Biblioteca de Yale responde \u00e0 pandemia de coronav\u00edrus"},"content":{"rendered":"\n<p>Quando a Biblioteca de Yale anunciou seu fechamento no m\u00eas passado, Susan Gibbons &#8211; a bibliotec\u00e1ria da Universidade Stephen F. Gates &#8217;68 e vice-reitora de cole\u00e7\u00f5es e comunica\u00e7\u00e3o acad\u00eamica &#8211; disse que &#8220;nossos edif\u00edcios podem estar fechados, mas a Biblioteca de Yale est\u00e1 muito aberta e ativa online&#8221;.<\/p>\n\n\n\n<p>A Biblioteca de Yale expandiu sua presen\u00e7a online para atender \u00e0 crescente demanda.\u00a0A equipe da biblioteca est\u00e1 trabalhando remotamente para dar suporte a aulas e pesquisas online, e servi\u00e7os regulares da biblioteca &#8211; como consultas de pesquisa, workshops e horas de suporte estat\u00edstico &#8211; est\u00e3o dispon\u00edveis por e-mail e Zoom.\u00a0Os bibliotec\u00e1rios tamb\u00e9m est\u00e3o criando\u00a0<a href=\"https:\/\/www.youtube.com\/channel\/UCYUkLYWSolrKIp5Z9hLw1nw\">tutoriais<\/a>\u00a0em\u00a0<a href=\"https:\/\/www.youtube.com\/channel\/UCYUkLYWSolrKIp5Z9hLw1nw\">v\u00eddeo<\/a>\u00a0no YouTube.<\/p>\n\n\n\n<p>Leia a not\u00edcia completa em ingl\u00eas, <a rel=\"noreferrer noopener\" href=\"https:\/\/yaledailynews.com\/blog\/2020\/04\/24\/yale-library-responds-to-coronavirus-pandemic\/\" target=\"_blank\">Yale Library responds to coronavirus pandemic, de Freya Savla<\/a>, no site Yale Daily News.<\/p>\n","protected":false},"excerpt":{"rendered":"<p>Quando a Biblioteca de Yale anunciou seu fechamento no m\u00eas passado, Susan Gibbons &#8211; a bibliotec\u00e1ria da Universidade Stephen F. Gates &#8217;68 e vice-reitora de cole\u00e7\u00f5es e comunica\u00e7\u00e3o acad\u00eamica &#8211; disse que &#8220;nossos edif\u00edcios podem estar fechados, mas a Biblioteca de Yale est\u00e1 muito aberta e ativa online&#8221;. A Biblioteca de Yale expandiu sua presen\u00e7a &#8230; <a title=\"Biblioteca de Yale responde \u00e0 pandemia de coronav\u00edrus\" class=\"read-more\" href=\"https:\/\/mundobibliotecario.com.br\/index.php\/2020\/05\/01\/biblioteca-de-yale-responde-a-pandemia-de-coronavirus\/\" aria-label=\"Read more about Biblioteca de Yale responde \u00e0 pandemia de coronav\u00edrus\">Ler mais<\/a><\/p>\n","protected":false},"author":1,"featured_media":0,"comment_status":"open","ping_status":"open","sticky":false,"template":"","format":"standard","meta":{"_mi_skip_tracking":false,"_exactmetrics_sitenote_active":false,"_exactmetrics_sitenote_note":"","_exactmetrics_sitenote_category":0,"_jetpack_newsletter_access":"","footnotes":""},"categories":[60],"tags":[373,1451,1452,1453],"class_list":["post-5600","post","type-post","status-publish","format-standard","hentry","category-noticias","tag-biblioteca-universitaria","tag-coronavirus","tag-covid-19","tag-covid19"],"jetpack_featured_media_url":"","jetpack_sharing_enabled":true,"jetpack-related-posts":[{"id":5552,"url":"https:\/\/mundobibliotecario.com.br\/index.php\/2020\/04\/12\/biblioteca-do-senado-abre-ao-publico-bases-de-estudos-sobre-o-novo-coronavirus-fonte-agencia-senado\/","url_meta":{"origin":5600,"position":0},"title":"Biblioteca do Senado abre ao p\u00fablico bases de estudos sobre o novo coronav\u00edrus","author":"mundobibliotecario","date":"12\/04\/2020","format":false,"excerpt":"Est\u00e3o dispon\u00edveis artigos cient\u00edficos, dados e informa\u00e7\u00f5es de institui\u00e7\u00f5es nacionais e estrangeirasRoque de S\u00e1\/Ag\u00eancia Senado A Biblioteca do Senado abriu ao p\u00fablico v\u00e1rias bases de estudos, nacionais e estrangeiras, com foco no novo coronav\u00edrus. Pode-se ter acesso\u00a0aqui\u00a0ao\u00a0arquivo PDF com fontes prim\u00e1rias de informa\u00e7\u00e3o. A diretora da Secretaria de Gest\u00e3o de\u2026","rel":"","context":"Em &quot;Not\u00edcias&quot;","block_context":{"text":"Not\u00edcias","link":"https:\/\/mundobibliotecario.com.br\/index.php\/category\/noticias\/"},"img":{"alt_text":"","src":"","width":0,"height":0},"classes":[]},{"id":7965,"url":"https:\/\/mundobibliotecario.com.br\/index.php\/2020\/12\/14\/as-bibliotecas-do-japao-estao-usando-uma-maquina-de-raios-ultravioleta-para-desinfetar-os-livros\/","url_meta":{"origin":5600,"position":1},"title":"As bibliotecas do Jap\u00e3o est\u00e3o usando uma m\u00e1quina de raios ultravioleta para desinfetar os livros","author":"mundobibliotecario","date":"14\/12\/2020","format":false,"excerpt":"https:\/\/youtu.be\/3ggjMjuuwFw As bibliotecas japonesas esperam que uma m\u00e1quina que esteriliza livros com luz ultravioleta proporcione aos visitantes a paz de esp\u00edrito de poder transportar publica\u00e7\u00f5es durante a pandemia do coronav\u00edrus. Bibliotecas de todo o pa\u00eds est\u00e3o instalando a m\u00e1quina, que leva 30 segundos para esterilizar um livro com luz ultravioleta\u2026","rel":"","context":"Em &quot;Not\u00edcias&quot;","block_context":{"text":"Not\u00edcias","link":"https:\/\/mundobibliotecario.com.br\/index.php\/category\/noticias\/"},"img":{"alt_text":"","src":"https:\/\/i0.wp.com\/img.youtube.com\/vi\/3ggjMjuuwFw\/0.jpg?resize=350%2C200","width":350,"height":200},"classes":[]},{"id":5663,"url":"https:\/\/mundobibliotecario.com.br\/index.php\/2020\/06\/16\/ambac-publicacao-diretrizes-para-a-reabertura-de-bibliotecas-em-face-da-emergencia-de-saude-devido-a-covid-19\/","url_meta":{"origin":5600,"position":2},"title":"AMBAC &#8211; Publica\u00e7\u00e3o &#8220;Diretrizes para a reabertura de bibliotecas em face da emerg\u00eancia de sa\u00fade devido \u00e0 COVID-19&#8221;","author":"mundobibliotecario","date":"16\/06\/2020","format":false,"excerpt":"Fonte: AMBAC Informamos que as \"Diretrizes para a reabertura de bibliotecas em face da emerg\u00eancia de sa\u00fade devido \u00e0 COVID-19\" est\u00e3o agora dispon\u00edveis para consulta. Este documento \u00e9 o resultado de um processo de pesquisa de gabinete, pesquisa em bancos de dados bibliogr\u00e1ficos de literatura especializada, revis\u00e3o de literatura e\u2026","rel":"","context":"Em &quot;Not\u00edcias&quot;","block_context":{"text":"Not\u00edcias","link":"https:\/\/mundobibliotecario.com.br\/index.php\/category\/noticias\/"},"img":{"alt_text":"","src":"https:\/\/i0.wp.com\/mundobibliotecario.com.br\/wp-content\/uploads\/2020\/06\/image-2.png?resize=350%2C200&ssl=1","width":350,"height":200},"classes":[]},{"id":9032,"url":"https:\/\/mundobibliotecario.com.br\/index.php\/2021\/06\/22\/resultados-da-pesquisa-lsn-sobre-atendimento-a-pessoas-com-necessidades-especiais-durante-o-covid-19-publicado\/","url_meta":{"origin":5600,"position":3},"title":"Resultados da pesquisa LSN sobre atendimento a pessoas com necessidades especiais durante o COVID-19 publicado","author":"mundobibliotecario","date":"22\/06\/2021","format":false,"excerpt":"Jon Tyson - Unsplash Os resultados de uma pesquisa sobre o atendimento a pessoas com necessidades especiais durante o COVID-19 foram publicados na \u00faltima edi\u00e7\u00e3o da\u00a0International Leads, uma publica\u00e7\u00e3o da International Relations Roundtable of American Library Association. \u201cAtendendo Pessoas com Necessidades Especiais durante COVID-19: Hist\u00f3rias de Todo o Mundo\u201d foi\u2026","rel":"","context":"Em &quot;Not\u00edcias&quot;","block_context":{"text":"Not\u00edcias","link":"https:\/\/mundobibliotecario.com.br\/index.php\/category\/noticias\/"},"img":{"alt_text":"","src":"https:\/\/i0.wp.com\/mundobibliotecario.com.br\/wp-content\/uploads\/2021\/06\/jon-tyson-O7ke8N4kTpQ-unsplash.jpg?resize=350%2C200&ssl=1","width":350,"height":200},"classes":[]},{"id":5734,"url":"https:\/\/mundobibliotecario.com.br\/index.php\/2020\/07\/20\/painel-funesc-debate-a-biblioteca-publica-antes-e-depois-da-pandemia\/","url_meta":{"origin":5600,"position":4},"title":"Painel Funesc debate \u2018A Biblioteca P\u00fablica antes e depois da pandemia","author":"mundobibliotecario","date":"20\/07\/2020","format":false,"excerpt":"Para a bibliotec\u00e1ria Cybelle Macedo, levar\u00e1 um tempo at\u00e9 que as bibliotecas voltem a ser pontos de converg\u00eancia A Funda\u00e7\u00e3o Espa\u00e7o Cultural da Para\u00edba (Funesc) realiza, nesta ter\u00e7a-feira (21), a segunda edi\u00e7\u00e3o do \u2018Painel Funesc\u2019, a partir das 19h. O tema em debate vai ser \u2018A Biblioteca P\u00fablica antes e\u2026","rel":"","context":"Em &quot;Not\u00edcias&quot;","block_context":{"text":"Not\u00edcias","link":"https:\/\/mundobibliotecario.com.br\/index.php\/category\/noticias\/"},"img":{"alt_text":"","src":"","width":0,"height":0},"classes":[]},{"id":5017,"url":"https:\/\/mundobibliotecario.com.br\/index.php\/2018\/11\/06\/conheca-50-sites-de-bibliotecas-com-livros-online-gratis\/","url_meta":{"origin":5600,"position":5},"title":"Conhe\u00e7a 50 sites de bibliotecas com livros online gr\u00e1tis","author":"mundobibliotecario","date":"06\/11\/2018","format":false,"excerpt":"Fizemos uma lista com 50 bibliotecas que disponibilizam livros online gratuitamente. Confira e alimente o seu v\u00edcio pela leitura! Conhe\u00e7a 50 sites de bibliotecas com livros online gr\u00e1tis \u00a0|\u00a0 Fonte: Shutterstock Voc\u00ea \u00e9 do tipo de pessoa que precisa ter sempre um bom livro por perto? Ent\u00e3o vai gostar deste\u2026","rel":"","context":"Em &quot;Not\u00edcias&quot;","block_context":{"text":"Not\u00edcias","link":"https:\/\/mundobibliotecario.com.br\/index.php\/category\/noticias\/"},"img":{"alt_text":"","src":"","width":0,"height":0},"classes":[]}],"jetpack_likes_enabled":true,"jetpack_shortlink":"https:\/\/wp.me\/pcbzwa-1sk","_links":{"self":[{"href":"https:\/\/mundobibliotecario.com.br\/index.php\/wp-json\/wp\/v2\/posts\/5600","targetHints":{"allow":["GET"]}}],"collection":[{"href":"https:\/\/mundobibliotecario.com.br\/index.php\/wp-json\/wp\/v2\/posts"}],"about":[{"href":"https:\/\/mundobibliotecario.com.br\/index.php\/wp-json\/wp\/v2\/types\/post"}],"author":[{"embeddable":true,"href":"https:\/\/mundobibliotecario.com.br\/index.php\/wp-json\/wp\/v2\/users\/1"}],"replies":[{"embeddable":true,"href":"https:\/\/mundobibliotecario.com.br\/index.php\/wp-json\/wp\/v2\/comments?post=5600"}],"version-history":[{"count":0,"href":"https:\/\/mundobibliotecario.com.br\/index.php\/wp-json\/wp\/v2\/posts\/5600\/revisions"}],"wp:attachment":[{"href":"https:\/\/mundobibliotecario.com.br\/index.php\/wp-json\/wp\/v2\/media?parent=5600"}],"wp:term":[{"taxonomy":"category","embeddable":true,"href":"https:\/\/mundobibliotecario.com.br\/index.php\/wp-json\/wp\/v2\/categories?post=5600"},{"taxonomy":"post_tag","embeddable":true,"href":"https:\/\/mundobibliotecario.com.br\/index.php\/wp-json\/wp\/v2\/tags?post=5600"}],"curies":[{"name":"wp","href":"https:\/\/api.w.org\/{rel}","templated":true}]}}