{"id":5612,"date":"2020-05-15T16:00:00","date_gmt":"2020-05-15T19:00:00","guid":{"rendered":"http:\/\/mundobibliotecario.com.br\/?p=5612"},"modified":"2020-05-15T16:00:00","modified_gmt":"2020-05-15T19:00:00","slug":"bibliotecario-em-confinamento-maneiras-de-se-conectar-com-seus-usuarios","status":"publish","type":"post","link":"https:\/\/mundobibliotecario.com.br\/index.php\/2020\/05\/15\/bibliotecario-em-confinamento-maneiras-de-se-conectar-com-seus-usuarios\/","title":{"rendered":"Bibliotec\u00e1rio em confinamento: maneiras de se conectar com seus usu\u00e1rios"},"content":{"rendered":"\n<p>Agora que a maior parte do mundo est\u00e1 em algum tipo de confinamento, os bibliotec\u00e1rios est\u00e3o encontrando maneiras novas e inventivas de alcan\u00e7ar seus clientes.\u00a0Como bibliotec\u00e1rio de uma escola em Londres, Reino Unido, tenho me mantido ocupado procurando os alunos que sirvo.\u00a0\u00c9 uma situa\u00e7\u00e3o bizarra em que estamos, mas estamos todos juntos.\u00a0Nas duas primeiras semanas dessa bagun\u00e7a, n\u00e3o consegui ler uma p\u00e1gina, minha mente n\u00e3o conseguia se concentrar.\u00a0Com o tempo, consegui come\u00e7ar a ler e agora voltei para onde estava antes.\u00a0A leitura pode diminuir a ansiedade, aumentar a empatia e, geralmente, tirar voc\u00ea da sua situa\u00e7\u00e3o por algumas horas.<\/p>\n\n\n\n<p>Essas t\u00e9cnicas s\u00e3o:<\/p>\n\n\n\n<ul class=\"wp-block-list\"><li>resenhas de livros de 1 minuto<\/li><li>e-mail<\/li><li>boletins informativos<\/li><li>quizzes online<\/li><li>Flipgrid<\/li><li>entrevista com autores<\/li><\/ul>\n\n\n\n<p>Veja como aplicar cada uma na not\u00edcia em ingl\u00eas <a href=\"https:\/\/bookriot.com\/2020\/04\/27\/lockdown-librarian\/\" target=\"_blank\" rel=\"noreferrer noopener\">Lockdown librarian: ways to connect to your patrons<\/a>, publicada no BOOK RIOT.<\/p>\n","protected":false},"excerpt":{"rendered":"<p>Agora que a maior parte do mundo est\u00e1 em algum tipo de confinamento, os bibliotec\u00e1rios est\u00e3o encontrando maneiras novas e inventivas de alcan\u00e7ar seus clientes.\u00a0Como bibliotec\u00e1rio de uma escola em Londres, Reino Unido, tenho me mantido ocupado procurando os alunos que sirvo.\u00a0\u00c9 uma situa\u00e7\u00e3o bizarra em que estamos, mas estamos todos juntos.\u00a0Nas duas primeiras semanas &#8230; <a title=\"Bibliotec\u00e1rio em confinamento: maneiras de se conectar com seus usu\u00e1rios\" class=\"read-more\" href=\"https:\/\/mundobibliotecario.com.br\/index.php\/2020\/05\/15\/bibliotecario-em-confinamento-maneiras-de-se-conectar-com-seus-usuarios\/\" aria-label=\"Read more about Bibliotec\u00e1rio em confinamento: maneiras de se conectar com seus usu\u00e1rios\">Ler mais<\/a><\/p>\n","protected":false},"author":1,"featured_media":0,"comment_status":"open","ping_status":"open","sticky":false,"template":"","format":"standard","meta":{"_mi_skip_tracking":false,"_exactmetrics_sitenote_active":false,"_exactmetrics_sitenote_note":"","_exactmetrics_sitenote_category":0,"_jetpack_newsletter_access":"","footnotes":""},"categories":[60],"tags":[462,1451,1452,1453],"class_list":["post-5612","post","type-post","status-publish","format-standard","hentry","category-noticias","tag-biblioteca-escolar","tag-coronavirus","tag-covid-19","tag-covid19"],"jetpack_featured_media_url":"","jetpack_sharing_enabled":true,"jetpack-related-posts":[{"id":9989,"url":"https:\/\/mundobibliotecario.com.br\/index.php\/2022\/06\/07\/os-bibliotecarios-escolares-estao-desaparecendo-aqui-esta-por-que-eles-nao-deveriam\/","url_meta":{"origin":5612,"position":0},"title":"Os bibliotec\u00e1rios escolares est\u00e3o desaparecendo: aqui est\u00e1 por que eles n\u00e3o deveriam","author":"mundobibliotecario","date":"07\/06\/2022","format":false,"excerpt":"Os bibliotec\u00e1rios escolares est\u00e3o\u00a0desaparecendo\u00a0.\u00a0Os dados mostram que h\u00e1 uma diminui\u00e7\u00e3o nos cargos de bibliotec\u00e1rio escolar ao longo do tempo.\u00a0Quer\u00a0essa escassez de bibliotec\u00e1rios\u00a0seja devido a cortes or\u00e7ament\u00e1rios, quer seja pela falta de candidatos ou pessoas que simplesmente n\u00e3o entendem o que os bibliotec\u00e1rios fazem, os empregos n\u00e3o est\u00e3o dispon\u00edveis.\u00a0As bibliotecas dentro\u2026","rel":"","context":"Em &quot;Not\u00edcias&quot;","block_context":{"text":"Not\u00edcias","link":"https:\/\/mundobibliotecario.com.br\/index.php\/category\/noticias\/"},"img":{"alt_text":"","src":"https:\/\/i0.wp.com\/mundobibliotecario.com.br\/wp-content\/uploads\/2022\/06\/redd-9o8YdYGTT64-unsplash.jpg?resize=350%2C200&ssl=1","width":350,"height":200},"classes":[]},{"id":769,"url":"https:\/\/mundobibliotecario.com.br\/index.php\/2009\/07\/24\/alice-propoe-criacao-de-frente-parlamentar-em-defesa-do-bibliotecario\/","url_meta":{"origin":5612,"position":1},"title":"Alice prop\u00f5e cria\u00e7\u00e3o de Frente Parlamentar em defesa do bibliotec\u00e1rio","author":"mundobibliotecario","date":"24\/07\/2009","format":false,"excerpt":"Audi\u00eancia foi solicitada pela deputada Alice Portugal Uma biblioteca na escola, um bibliotec\u00e1rio! Esta ser\u00e1 uma das metas da Frente Parlamentar em Defesa dos Bibliotec\u00e1rios que ser\u00e1 lan\u00e7ada, possivelmente, em outubro. A ideia foi apresentada pela deputada Alice Portugal (PCdoB-BA), durante audi\u00eancia p\u00fablica na Comiss\u00e3o de Educa\u00e7\u00e3o e Cultura, nesta\u2026","rel":"","context":"Em &quot;Not\u00edcias&quot;","block_context":{"text":"Not\u00edcias","link":"https:\/\/mundobibliotecario.com.br\/index.php\/category\/noticias\/"},"img":{"alt_text":"","src":"","width":0,"height":0},"classes":[]},{"id":4791,"url":"https:\/\/mundobibliotecario.com.br\/index.php\/2018\/06\/11\/como-se-preparar-para-o-concurso-de-bibliotecario-da-camara-com-mapa-mental\/","url_meta":{"origin":5612,"position":2},"title":"Como se preparar para o concurso de bibliotec\u00e1rio da C\u00e2mara com mapa mental","author":"mundobibliotecario","date":"11\/06\/2018","format":false,"excerpt":"A C\u00e2mara Legislativa do Distrito Federal realizar\u00e1 concurso para uma vaga de bibliotec\u00e1rio. O sal\u00e1rio \u00e9 de R$ 15.879,40! As inscri\u00e7\u00f5es estar\u00e3o abertas de 25\/06 a 25\/7. Se voc\u00ea tem a inten\u00e7\u00e3o de prestar esse concurso, precisa conhecer o mapa mental, uma excelente ferramenta que j\u00e1 me ajudou a passar\u2026","rel":"","context":"Em &quot;Concurso&quot;","block_context":{"text":"Concurso","link":"https:\/\/mundobibliotecario.com.br\/index.php\/category\/concurso\/"},"img":{"alt_text":"","src":"","width":0,"height":0},"classes":[]},{"id":1633,"url":"https:\/\/mundobibliotecario.com.br\/index.php\/2010\/12\/31\/aprovado-o-cargo-de-bibliotecario-escolar-em-santa-catarina\/","url_meta":{"origin":5612,"position":3},"title":"Aprovado o cargo de Bibliotec\u00e1rio Escolar em Santa Catarina","author":"mundobibliotecario","date":"31\/12\/2010","format":false,"excerpt":"O plen\u00e1rio da Assembl\u00e9ia Legislativa de Santa Catarina aprovou, no dia 8 de dezembro, um projeto de lei complementar (PLC 39\/10) de autoria do deputado estadual que cria o cargo de bibliotec\u00e1rio escolar dentro do quadro de pessoal do magist\u00e9rio p\u00fablico estadual. Com isso, as escolas estaduais dever\u00e3o contratar o\u2026","rel":"","context":"Em &quot;Not\u00edcias&quot;","block_context":{"text":"Not\u00edcias","link":"https:\/\/mundobibliotecario.com.br\/index.php\/category\/noticias\/"},"img":{"alt_text":"","src":"","width":0,"height":0},"classes":[]},{"id":9758,"url":"https:\/\/mundobibliotecario.com.br\/index.php\/2022\/01\/31\/o-que-fazer-quanto-um-adolescente-diz-que-odeia-ler\/","url_meta":{"origin":5612,"position":4},"title":"O que fazer quanto um adolescente diz que odeia ler","author":"mundobibliotecario","date":"31\/01\/2022","format":false,"excerpt":"Fonte: Pixabay O bibliotec\u00e1rio Lucas Maxwell compartilhou as dicas que ele usa para atrair a aten\u00e7\u00e3o de adolescentes na biblioteca escolar que trabalha. Veja algumas delas: - perguntar que filme ou programa de TV eles gostam; - experimente colocar quadrinhos no acervo; - leia em voz alta; - construa um\u2026","rel":"","context":"Em &quot;Not\u00edcias&quot;","block_context":{"text":"Not\u00edcias","link":"https:\/\/mundobibliotecario.com.br\/index.php\/category\/noticias\/"},"img":{"alt_text":"garota lendo livro","src":"https:\/\/i0.wp.com\/mundobibliotecario.com.br\/wp-content\/uploads\/2022\/01\/read-515531_1280-1024x678.jpg?resize=350%2C200&ssl=1","width":350,"height":200},"classes":[]},{"id":2160,"url":"https:\/\/mundobibliotecario.com.br\/index.php\/2011\/08\/28\/trt-julga-dissidio-dos-bibliotecarios-e-confere-beneficios-a-classe\/","url_meta":{"origin":5612,"position":5},"title":"TRT julga diss\u00eddio dos Bibliotec\u00e1rios e confere benef\u00edcios \u00e0 classe","author":"mundobibliotecario","date":"28\/08\/2011","format":false,"excerpt":"Recebido por email... ********************** O Sindicato, mesmo com poucos bibliotec\u00e1rios participando das assembl\u00e9ias tem algumas conquistas e agora passa a \"abrigar\" os correlatos (Cientistas da informa\u00e7\u00e3o, documentalistas, arquivistas, historiadores). TRT julga diss\u00eddio dos Bibliotec\u00e1rios e confere benef\u00edcios \u00e0 classe O Tribunal Regional do Trabalho de S\u00e3o Paulo, TRT\/SP, julgou procedente\u2026","rel":"","context":"Em &quot;N\u00e3o classificado&quot;","block_context":{"text":"N\u00e3o classificado","link":"https:\/\/mundobibliotecario.com.br\/index.php\/category\/nao-classificado\/"},"img":{"alt_text":"","src":"","width":0,"height":0},"classes":[]}],"jetpack_likes_enabled":true,"jetpack_shortlink":"https:\/\/wp.me\/pcbzwa-1sw","_links":{"self":[{"href":"https:\/\/mundobibliotecario.com.br\/index.php\/wp-json\/wp\/v2\/posts\/5612","targetHints":{"allow":["GET"]}}],"collection":[{"href":"https:\/\/mundobibliotecario.com.br\/index.php\/wp-json\/wp\/v2\/posts"}],"about":[{"href":"https:\/\/mundobibliotecario.com.br\/index.php\/wp-json\/wp\/v2\/types\/post"}],"author":[{"embeddable":true,"href":"https:\/\/mundobibliotecario.com.br\/index.php\/wp-json\/wp\/v2\/users\/1"}],"replies":[{"embeddable":true,"href":"https:\/\/mundobibliotecario.com.br\/index.php\/wp-json\/wp\/v2\/comments?post=5612"}],"version-history":[{"count":0,"href":"https:\/\/mundobibliotecario.com.br\/index.php\/wp-json\/wp\/v2\/posts\/5612\/revisions"}],"wp:attachment":[{"href":"https:\/\/mundobibliotecario.com.br\/index.php\/wp-json\/wp\/v2\/media?parent=5612"}],"wp:term":[{"taxonomy":"category","embeddable":true,"href":"https:\/\/mundobibliotecario.com.br\/index.php\/wp-json\/wp\/v2\/categories?post=5612"},{"taxonomy":"post_tag","embeddable":true,"href":"https:\/\/mundobibliotecario.com.br\/index.php\/wp-json\/wp\/v2\/tags?post=5612"}],"curies":[{"name":"wp","href":"https:\/\/api.w.org\/{rel}","templated":true}]}}