{"id":565,"date":"2009-04-16T10:35:32","date_gmt":"2009-04-16T13:35:32","guid":{"rendered":"http:\/\/mundobibliotecario.wordpress.com\/?p=565"},"modified":"2020-07-21T23:23:13","modified_gmt":"2020-07-22T02:23:13","slug":"concurso-unicamp","status":"publish","type":"post","link":"https:\/\/mundobibliotecario.com.br\/index.php\/2009\/04\/16\/concurso-unicamp\/","title":{"rendered":"Concurso &#8211; UNICAMP"},"content":{"rendered":"<p>A UNICAMP est\u00e1 com concurso aberto para contrata\u00e7\u00e3o de bibliotec\u00e1rio. As inscri\u00e7\u00f5es podem ser realizadas de 13\/4 a 17\/4. Informa\u00e7\u00f5es completas podem ser acessadas aqui.<\/p>\n","protected":false},"excerpt":{"rendered":"<p>A UNICAMP est\u00e1 com concurso aberto para contrata\u00e7\u00e3o de bibliotec\u00e1rio. As inscri\u00e7\u00f5es podem ser realizadas de 13\/4 a 17\/4. Informa\u00e7\u00f5es completas podem ser acessadas aqui.<\/p>\n","protected":false},"author":1,"featured_media":0,"comment_status":"open","ping_status":"open","sticky":false,"template":"","format":"standard","meta":{"_mi_skip_tracking":false,"_exactmetrics_sitenote_active":false,"_exactmetrics_sitenote_note":"","_exactmetrics_sitenote_category":0,"_jetpack_newsletter_access":"","footnotes":""},"categories":[168],"tags":[235,231],"class_list":["post-565","post","type-post","status-publish","format-standard","hentry","category-concurso","tag-concurso-de-biblioteconomia","tag-unicamp"],"jetpack_featured_media_url":"","jetpack_sharing_enabled":true,"jetpack-related-posts":[{"id":5015,"url":"https:\/\/mundobibliotecario.com.br\/index.php\/2018\/10\/22\/concurso-para-bibliotecario-na-unicamp-2018\/","url_meta":{"origin":565,"position":0},"title":"Concurso para bibliotec\u00e1rio na Unicamp &#8211; 2018","author":"mundobibliotecario","date":"22\/10\/2018","format":false,"excerpt":"A Unicamp realizar\u00e1 concurso para uma vaga de bibliotec\u00e1rio. O concurso ser\u00e1 realizado pela Vunesp e o edital est\u00e1 dispon\u00edvel em\u00a0https:\/\/documento.vunesp.com.br\/documento\/stream\/ODI5NDk0 Inscri\u00e7\u00f5es:\u00a0das 10 horas de 25 de outubro \u00e0s 17 horas de 26 de novembro de 2018 (hor\u00e1rio oficial de Bras\u00edlia), exclusivamente pela internet, no site www.vunesp.com.br Valor da taxa\u2026","rel":"","context":"Em &quot;Not\u00edcias&quot;","block_context":{"text":"Not\u00edcias","link":"https:\/\/mundobibliotecario.com.br\/index.php\/category\/noticias\/"},"img":{"alt_text":"","src":"","width":0,"height":0},"classes":[]},{"id":1163,"url":"https:\/\/mundobibliotecario.com.br\/index.php\/2010\/03\/13\/concurso-unicamp-bibliotecario-e-tecnico-em-biblioteconomia\/","url_meta":{"origin":565,"position":1},"title":"Concurso Unicamp &#8211; Bibliotec\u00e1rio e T\u00e9cnico em Biblioteconomia","author":"mundobibliotecario","date":"13\/03\/2010","format":false,"excerpt":"Seguem os links dos editais de Concurso na Unicamp : Bibliotec\u00e1rio 20 h\/semanais R$ 1.582,74 http:\/\/www.siarh.unicamp.br\/concurso\/VerEdital.jsf?anocon=2010&numcon=19&tipedi=1&seqtip=1 T\u00e9cnico em Biblioteconomia 40h\/semanais R$ 1.678,69 http:\/\/www.siarh.unicamp.br\/concurso\/VerEdital.jsf?anocon=2010&numcon=7&tipedi=1&seqtip=1","rel":"","context":"Em &quot;Concurso&quot;","block_context":{"text":"Concurso","link":"https:\/\/mundobibliotecario.com.br\/index.php\/category\/concurso\/"},"img":{"alt_text":"","src":"","width":0,"height":0},"classes":[]},{"id":1836,"url":"https:\/\/mundobibliotecario.com.br\/index.php\/2011\/03\/04\/processo-seletivo-temporario-para-bibliotecario-na-unicamp\/","url_meta":{"origin":565,"position":2},"title":"Processo seletivo tempor\u00e1rio para bibliotec\u00e1rio na Unicamp","author":"mundobibliotecario","date":"04\/03\/2011","format":false,"excerpt":"As inscri\u00e7\u00f5es ocorrem de 10 a 16 de mar\u00e7o de 2011. Confira o edital!","rel":"","context":"Em &quot;Concurso&quot;","block_context":{"text":"Concurso","link":"https:\/\/mundobibliotecario.com.br\/index.php\/category\/concurso\/"},"img":{"alt_text":"","src":"","width":0,"height":0},"classes":[]},{"id":2179,"url":"https:\/\/mundobibliotecario.com.br\/index.php\/2011\/09\/07\/processo-seletivo-temporario-para-bibliotecario-na-unicamp-2\/","url_meta":{"origin":565,"position":3},"title":"Processo seletivo tempor\u00e1rio para bibliotec\u00e1rio na UNICAMP","author":"mundobibliotecario","date":"07\/09\/2011","format":false,"excerpt":"A UNICAMP estar\u00e1 com inscri\u00e7\u00f5es abertas de 13\/9 a 23\/9 para a contrata\u00e7\u00e3o tempor\u00e1ria de bibliotec\u00e1rio. O edital completo pode ser acessado no\u00a0link a seguir:","rel":"","context":"Em &quot;Emprego&quot;","block_context":{"text":"Emprego","link":"https:\/\/mundobibliotecario.com.br\/index.php\/category\/emprego\/"},"img":{"alt_text":"","src":"","width":0,"height":0},"classes":[]},{"id":2022,"url":"https:\/\/mundobibliotecario.com.br\/index.php\/2011\/05\/12\/estagio-de-biblioteconomia-no-igunicamp\/","url_meta":{"origin":565,"position":4},"title":"Est\u00e1gio de Biblioteconomia no IG\/UNICAMP","author":"mundobibliotecario","date":"12\/05\/2011","format":false,"excerpt":"Est\u00e3o abertas, at\u00e9 o dia 16\/5, as inscri\u00e7\u00f5es para est\u00e1gio no Instituto de Geoci\u00eancias (IG) da UNICAMP. Todas as informa\u00e7\u00f5es podem ser acessadas no edital dispon\u00edvel no site da Diretoria Geral de Recursos Humanos da UNICAMP.","rel":"","context":"Em &quot;Est\u00e1gio&quot;","block_context":{"text":"Est\u00e1gio","link":"https:\/\/mundobibliotecario.com.br\/index.php\/category\/estagio\/"},"img":{"alt_text":"","src":"","width":0,"height":0},"classes":[]},{"id":3027,"url":"https:\/\/mundobibliotecario.com.br\/index.php\/2013\/03\/19\/concurso-para-bibliotecario-da-ufpe\/","url_meta":{"origin":565,"position":5},"title":"Concurso para bibliotec\u00e1rio da UFPE","author":"mundobibliotecario","date":"19\/03\/2013","format":false,"excerpt":"O edital do Concurso para bibliotec\u00e1rio da UFPE pode ser acessado aqui:","rel":"","context":"Em &quot;Concurso&quot;","block_context":{"text":"Concurso","link":"https:\/\/mundobibliotecario.com.br\/index.php\/category\/concurso\/"},"img":{"alt_text":"","src":"","width":0,"height":0},"classes":[]}],"jetpack_likes_enabled":true,"jetpack_shortlink":"https:\/\/wp.me\/pcbzwa-97","_links":{"self":[{"href":"https:\/\/mundobibliotecario.com.br\/index.php\/wp-json\/wp\/v2\/posts\/565","targetHints":{"allow":["GET"]}}],"collection":[{"href":"https:\/\/mundobibliotecario.com.br\/index.php\/wp-json\/wp\/v2\/posts"}],"about":[{"href":"https:\/\/mundobibliotecario.com.br\/index.php\/wp-json\/wp\/v2\/types\/post"}],"author":[{"embeddable":true,"href":"https:\/\/mundobibliotecario.com.br\/index.php\/wp-json\/wp\/v2\/users\/1"}],"replies":[{"embeddable":true,"href":"https:\/\/mundobibliotecario.com.br\/index.php\/wp-json\/wp\/v2\/comments?post=565"}],"version-history":[{"count":1,"href":"https:\/\/mundobibliotecario.com.br\/index.php\/wp-json\/wp\/v2\/posts\/565\/revisions"}],"predecessor-version":[{"id":6419,"href":"https:\/\/mundobibliotecario.com.br\/index.php\/wp-json\/wp\/v2\/posts\/565\/revisions\/6419"}],"wp:attachment":[{"href":"https:\/\/mundobibliotecario.com.br\/index.php\/wp-json\/wp\/v2\/media?parent=565"}],"wp:term":[{"taxonomy":"category","embeddable":true,"href":"https:\/\/mundobibliotecario.com.br\/index.php\/wp-json\/wp\/v2\/categories?post=565"},{"taxonomy":"post_tag","embeddable":true,"href":"https:\/\/mundobibliotecario.com.br\/index.php\/wp-json\/wp\/v2\/tags?post=565"}],"curies":[{"name":"wp","href":"https:\/\/api.w.org\/{rel}","templated":true}]}}