{"id":5697,"date":"2020-07-11T15:09:00","date_gmt":"2020-07-11T18:09:00","guid":{"rendered":"http:\/\/mundobibliotecario.com.br\/?p=5697"},"modified":"2020-07-11T15:07:28","modified_gmt":"2020-07-11T18:07:28","slug":"projeto-da-biblioteca-municipal-de-juiz-de-fora-incentiva-a-leitura-no-ambiente-virtual","status":"publish","type":"post","link":"https:\/\/mundobibliotecario.com.br\/index.php\/2020\/07\/11\/projeto-da-biblioteca-municipal-de-juiz-de-fora-incentiva-a-leitura-no-ambiente-virtual\/","title":{"rendered":"Projeto da Biblioteca Municipal de Juiz de Fora incentiva a leitura no ambiente virtual"},"content":{"rendered":"\n<p>Mensalmente, o projeto &#8216;Da Estante&#8217; lan\u00e7ar\u00e1 v\u00eddeos com a leitura e an\u00e1lise cr\u00edtica de uma obra liter\u00e1ria. O primeiro epis\u00f3dio ser\u00e1 liberado neste s\u00e1bado (11).<\/p>\n\n\n\n<figure class=\"wp-block-image\"><img decoding=\"async\" src=\"https:\/\/s2.glbimg.com\/Z3QBKtQxv_QpBMbFSLZuZZ-jYYQ=\/0x0:536x288\/984x0\/smart\/filters:strip_icc()\/i.s3.glbimg.com\/v1\/AUTH_59edd422c0c84a879bd37670ae4f538a\/internal_photos\/bs\/2020\/A\/l\/EEbpuDTeuuD9A4oPqRvg\/sem-titulo.jpg\" alt=\"Projeto da Biblioteca Municipal de Juiz de Fora incentiva a leitura no ambiente virtual \u2014 Foto: MG1\/Reprodu\u00e7\u00e3o\"\/><figcaption>Projeto da Biblioteca Municipal de Juiz de Fora incentiva a leitura no ambiente virtual \u2014 Foto: MG1\/Reprodu\u00e7\u00e3o<\/figcaption><\/figure>\n\n\n\n<p>A fim de criar uma nova alternativa de entretenimento durante o per\u00edodo de isolamento social, a Biblioteca Municipal Murilo Mendes, em Juiz de Fora, lan\u00e7a projeto de leitura por meio das redes sociais.<\/p>\n\n\n\n<p>O projeto &#8220;Da Estante&#8221; ter\u00e1 v\u00eddeos gravados na biblioteca, com a jornalista Tha\u00eds Pifano, uma das idealizadoras da iniciativa, lendo o livro escolhido e realizando uma an\u00e1lise cr\u00edtica do mesmo.<\/p>\n\n\n\n<p>Os v\u00eddeos ser\u00e3o disponibilizados sempre no segundo s\u00e1bado de cada m\u00eas, no&nbsp;<a href=\"https:\/\/www.instagram.com\/bm.murilomendes\/\" target=\"_blank\" rel=\"noreferrer noopener\">Instagram<\/a>&nbsp;da institui\u00e7\u00e3o. Segundo a jornalista, a quantidade de v\u00eddeos pode aumentar de acordo com a demanda.<\/p>\n\n\n\n<p>\u201cEscolhemos obras focadas no p\u00fablico jovem e adulto, priorizando hist\u00f3rias mais curtas. No caso de livros mais densos, trabalharemos a leitura de cap\u00edtulos ou an\u00e1lises cr\u00edticas do texto, enfatizando a relev\u00e2ncia da obra no contexto atual\u201d, explicou Pifano.<\/p>\n\n\n\n<p>Segundo a jornalista, o projeto busca inserir a leitura como atividade prazerosa e informativa no ambiente dom\u00e9stico, durante a quarentena.<\/p>\n\n\n\n<blockquote class=\"wp-block-quote is-layout-flow wp-block-quote-is-layout-flow\"><p>&#8220;\u00c9 alternativa de lazer cultural para ser usufru\u00edda individualmente ou em fam\u00edlia\u201d, destacou.<\/p><\/blockquote>\n\n\n\n<p>Os livros s\u00e3o escolhidos pela equipe do projeto, mas sugest\u00f5es do p\u00fablico s\u00e3o bem-vindas.<\/p>\n\n\n\n<p>O primeiro epis\u00f3dio do projeto &#8220;Da Estante&#8221; vai ao ar neste s\u00e1bado (11) e o t\u00edtulo escolhido foi \u201cEra uma vez um Tirano\u201d, de Ana Maria Machado, publicado pela Editora Salamandra.<\/p>\n\n\n\n<p>Dispon\u00edvel em: <a href=\"https:\/\/g1.globo.com\/mg\/zona-da-mata\/noticia\/2020\/07\/10\/projeto-da-biblioteca-municipal-de-juiz-de-fora-incentiva-a-leitura-no-ambiente-virtual.ghtml\">https:\/\/g1.globo.com\/mg\/zona-da-mata\/noticia\/2020\/07\/10\/projeto-da-biblioteca-municipal-de-juiz-de-fora-incentiva-a-leitura-no-ambiente-virtual.ghtml<\/a>. Acesso em: 11 jul. 2020.<\/p>\n","protected":false},"excerpt":{"rendered":"<p>Mensalmente, o projeto &#8216;Da Estante&#8217; lan\u00e7ar\u00e1 v\u00eddeos com a leitura e an\u00e1lise cr\u00edtica de uma obra liter\u00e1ria. O primeiro epis\u00f3dio ser\u00e1 liberado neste s\u00e1bado (11). A fim de criar uma nova alternativa de entretenimento durante o per\u00edodo de isolamento social, a Biblioteca Municipal Murilo Mendes, em Juiz de Fora, lan\u00e7a projeto de leitura por meio &#8230; <a title=\"Projeto da Biblioteca Municipal de Juiz de Fora incentiva a leitura no ambiente virtual\" class=\"read-more\" href=\"https:\/\/mundobibliotecario.com.br\/index.php\/2020\/07\/11\/projeto-da-biblioteca-municipal-de-juiz-de-fora-incentiva-a-leitura-no-ambiente-virtual\/\" aria-label=\"Read more about Projeto da Biblioteca Municipal de Juiz de Fora incentiva a leitura no ambiente virtual\">Ler mais<\/a><\/p>\n","protected":false},"author":1,"featured_media":0,"comment_status":"open","ping_status":"open","sticky":false,"template":"","format":"standard","meta":{"_mi_skip_tracking":false,"_exactmetrics_sitenote_active":false,"_exactmetrics_sitenote_note":"","_exactmetrics_sitenote_category":0,"_jetpack_newsletter_access":"","footnotes":""},"categories":[60],"tags":[1831,875,1584,8],"class_list":["post-5697","post","type-post","status-publish","format-standard","hentry","category-noticias","tag-ambiente-virtual","tag-biblioteca-municipal","tag-juiz-de-fora","tag-leitura"],"jetpack_featured_media_url":"","jetpack_sharing_enabled":true,"jetpack-related-posts":[{"id":5559,"url":"https:\/\/mundobibliotecario.com.br\/index.php\/2020\/04\/15\/biblioteca-murilo-mendes-lanca-manual-para-que-criancas-escrevam-livros-em-juiz-de-fora\/","url_meta":{"origin":5697,"position":0},"title":"Biblioteca Murilo Mendes lan\u00e7a manual para que crian\u00e7as escrevam livros em Juiz de Fora","author":"mundobibliotecario","date":"15\/04\/2020","format":false,"excerpt":"A\u00e7\u00e3o faz parte da campanha #ViralizaCultura, que tem como objetivo levar cultura \u00e0 popula\u00e7\u00e3o isolada por conta da Covid-19. Biblioteca Municipal Murilo Mendes em Juiz de Fora \u2014 Foto: Reprodu\u00e7\u00e3o\/TV Integra\u00e7\u00e3o A Biblioteca Municipal Murilo Mendes, em Juiz de Fora, lan\u00e7ou um manual de incentivo para que crian\u00e7as escrevam os\u2026","rel":"","context":"Em &quot;Not\u00edcias&quot;","block_context":{"text":"Not\u00edcias","link":"https:\/\/mundobibliotecario.com.br\/index.php\/category\/noticias\/"},"img":{"alt_text":"","src":"","width":0,"height":0},"classes":[]},{"id":2704,"url":"https:\/\/mundobibliotecario.com.br\/index.php\/2012\/08\/28\/comentarios-a-lei-no-10-231-de-22-de-agosto-de-2012\/","url_meta":{"origin":5697,"position":1},"title":"Coment\u00e1rios \u00e0 lei n\u00ba 10.231, de 22 de agosto de 2012","author":"mundobibliotecario","date":"28\/08\/2012","format":false,"excerpt":"LEI N\u00ba 10.231, DE 22 DE AGOSTO DE 2012 Institui campanha permanente de leitura junto aos parques e logradouros p\u00fablicos municipais e d\u00e1 outras provid\u00eancias. Projeto de Lei n\u00ba 266\/2012 \u2013 autoria do Vereador M\u00e1rio Marte Marinho J\u00fanior. A C\u00e2mara Municipal de Sorocaba decreta e eu promulgo a seguinte Lei:\u2026","rel":"","context":"Em &quot;Not\u00edcias&quot;","block_context":{"text":"Not\u00edcias","link":"https:\/\/mundobibliotecario.com.br\/index.php\/category\/noticias\/"},"img":{"alt_text":"","src":"","width":0,"height":0},"classes":[]},{"id":2233,"url":"https:\/\/mundobibliotecario.com.br\/index.php\/2011\/09\/30\/i-encontro-de-bibliotecas-da-regiao-do-alto-uruguai\/","url_meta":{"origin":5697,"position":2},"title":"I Encontro de Bibliotecas da Regi\u00e3o do Alto Uruguai","author":"mundobibliotecario","date":"30\/09\/2011","format":false,"excerpt":"Contribui\u00e7\u00e3o da Bibliotec\u00e1ria Lucia Giacomoni - CRB 10\/1726","rel":"","context":"Em &quot;Eventos&quot;","block_context":{"text":"Eventos","link":"https:\/\/mundobibliotecario.com.br\/index.php\/category\/eventos\/"},"img":{"alt_text":"","src":"https:\/\/mundobibliotecario.files.wordpress.com\/2011\/09\/convite-biblioteca-frente1.jpg?w=350&h=200&crop=1","width":350,"height":200},"classes":[]},{"id":5557,"url":"https:\/\/mundobibliotecario.com.br\/index.php\/2020\/04\/14\/biblioteca-promove-concurso-para-sortear-livros-e-incentivar-leitura-durante-a-quarentena-em-ro\/","url_meta":{"origin":5697,"position":3},"title":"Biblioteca promove concurso para sortear livros e incentivar leitura durante a quarentena, em RO","author":"mundobibliotecario","date":"14\/04\/2020","format":false,"excerpt":"Iniciativa de Ariquemes pretende incentivar a leitura e promover intera\u00e7\u00e3o entre os leitores da cidade, durante per\u00edodo de isolamento social. Biblioteca de Ariquemes \u2014 Foto: Prefeitura\/Divulga\u00e7\u00e3o Por conta das medidas de preven\u00e7\u00e3o contra o novo coronav\u00edrus em Ariquemes (RO), a biblioteca Pedro Tavares Batalha tamb\u00e9m precisou interromper temporariamente o funcionamento\u2026","rel":"","context":"Em &quot;Not\u00edcias&quot;","block_context":{"text":"Not\u00edcias","link":"https:\/\/mundobibliotecario.com.br\/index.php\/category\/noticias\/"},"img":{"alt_text":"","src":"","width":0,"height":0},"classes":[]},{"id":5094,"url":"https:\/\/mundobibliotecario.com.br\/index.php\/2019\/01\/10\/bibliotecas-publicas-de-18-municipios-serao-modernizadas-com-apoio-do-governo-federal\/","url_meta":{"origin":5697,"position":4},"title":"Bibliotecas p\u00fablicas de 18 munic\u00edpios ser\u00e3o modernizadas com apoio do governo federal","author":"mundobibliotecario","date":"10\/01\/2019","format":false,"excerpt":"Vencedoras do Edital de Bibliotecas Digitais 2018, institui\u00e7\u00f5es de sete unidades federativas de todas as regi\u00f5es do Pa\u00eds receber\u00e3o R$ 100 mil publicado: 09\/01\/2019 17h03, \u00faltima modifica\u00e7\u00e3o: 09\/01\/2019 19h24 As comunidades de 18 munic\u00edpios de sete unidades federativas das cinco regi\u00f5es do Pa\u00eds passar\u00e3o a ter acesso a bibliotecas p\u00fablicas\u2026","rel":"","context":"Em &quot;Not\u00edcias&quot;","block_context":{"text":"Not\u00edcias","link":"https:\/\/mundobibliotecario.com.br\/index.php\/category\/noticias\/"},"img":{"alt_text":"","src":"","width":0,"height":0},"classes":[]},{"id":10203,"url":"https:\/\/mundobibliotecario.com.br\/index.php\/2022\/11\/29\/prefeitura-inaugura-nesta-3a-primeira-biblioteca-container-em-sinop\/","url_meta":{"origin":5697,"position":5},"title":"Prefeitura inaugura nesta 3\u00aa primeira biblioteca container em Sinop","author":"mundobibliotecario","date":"29\/11\/2022","format":false,"excerpt":"A prefeitura de Sinop vai inaugurar, nesta ter\u00e7a-feira, a primeira biblioteca container do munic\u00edpio, na regi\u00e3o do bairro Sabrina. A biblioteca \u00e9 uma organiza\u00e7\u00e3o da A\u00e7\u00e3o Cultural, com apoio da iniciativa privada e administra\u00e7\u00e3o municipal de Sinop, e realiza\u00e7\u00e3o da secretaria Especial da Cultura e do Minist\u00e9rio do Turismo por\u2026","rel":"","context":"Em &quot;Not\u00edcias&quot;","block_context":{"text":"Not\u00edcias","link":"https:\/\/mundobibliotecario.com.br\/index.php\/category\/noticias\/"},"img":{"alt_text":"","src":"https:\/\/i0.wp.com\/mundobibliotecario.com.br\/wp-content\/uploads\/2022\/11\/biblioteca-container.png?resize=350%2C200&ssl=1","width":350,"height":200},"classes":[]}],"jetpack_likes_enabled":true,"jetpack_shortlink":"https:\/\/wp.me\/pcbzwa-1tT","_links":{"self":[{"href":"https:\/\/mundobibliotecario.com.br\/index.php\/wp-json\/wp\/v2\/posts\/5697","targetHints":{"allow":["GET"]}}],"collection":[{"href":"https:\/\/mundobibliotecario.com.br\/index.php\/wp-json\/wp\/v2\/posts"}],"about":[{"href":"https:\/\/mundobibliotecario.com.br\/index.php\/wp-json\/wp\/v2\/types\/post"}],"author":[{"embeddable":true,"href":"https:\/\/mundobibliotecario.com.br\/index.php\/wp-json\/wp\/v2\/users\/1"}],"replies":[{"embeddable":true,"href":"https:\/\/mundobibliotecario.com.br\/index.php\/wp-json\/wp\/v2\/comments?post=5697"}],"version-history":[{"count":1,"href":"https:\/\/mundobibliotecario.com.br\/index.php\/wp-json\/wp\/v2\/posts\/5697\/revisions"}],"predecessor-version":[{"id":5698,"href":"https:\/\/mundobibliotecario.com.br\/index.php\/wp-json\/wp\/v2\/posts\/5697\/revisions\/5698"}],"wp:attachment":[{"href":"https:\/\/mundobibliotecario.com.br\/index.php\/wp-json\/wp\/v2\/media?parent=5697"}],"wp:term":[{"taxonomy":"category","embeddable":true,"href":"https:\/\/mundobibliotecario.com.br\/index.php\/wp-json\/wp\/v2\/categories?post=5697"},{"taxonomy":"post_tag","embeddable":true,"href":"https:\/\/mundobibliotecario.com.br\/index.php\/wp-json\/wp\/v2\/tags?post=5697"}],"curies":[{"name":"wp","href":"https:\/\/api.w.org\/{rel}","templated":true}]}}