{"id":588,"date":"2009-04-29T13:30:54","date_gmt":"2009-04-29T16:30:54","guid":{"rendered":"http:\/\/mundobibliotecario.wordpress.com\/?p=588"},"modified":"2009-04-29T13:30:54","modified_gmt":"2009-04-29T16:30:54","slug":"encontros-sesc-memoria","status":"publish","type":"post","link":"https:\/\/mundobibliotecario.com.br\/index.php\/2009\/04\/29\/encontros-sesc-memoria\/","title":{"rendered":"Encontros SESC Mem\u00f3ria"},"content":{"rendered":"<p>Dia 30 de abril, quinta-feira, das 16h \u00e0s 18h<\/p>\n<p>Tema: Arquiv\u00edstica e Organiza\u00e7\u00e3o da Informa\u00e7\u00e3o<\/p>\n<p>Palestrante: Johanna Smit<br \/>\nMestre em Documenta\u00e7\u00e3o pela \u00c9cole Pratique des Hautes \u00c9tudes (Fran\u00e7a) e doutora em An\u00e1lise do Discurso pela Universidade de Paris-I. Leciona na Universidade de S\u00e3o Paulo desde 1981. Possui experi\u00eancia em elabora\u00e7\u00e3o de vocabul\u00e1rio controlado.<\/p>\n<p>Confer\u00eancia Arquiv\u00edstica e Organiza\u00e7\u00e3o da Informa\u00e7\u00e3o: assista online ao evento com Johanna Smit, nesta quinta, \u00e0s 16h, e participe do debate via chat<\/p>\n<p>Fonte: http:\/\/www.tvaovivo.net\/sescsp\/sescmemorias\/<\/p>\n","protected":false},"excerpt":{"rendered":"<p>Dia 30 de abril, quinta-feira, das 16h \u00e0s 18h Tema: Arquiv\u00edstica e Organiza\u00e7\u00e3o da Informa\u00e7\u00e3o Palestrante: Johanna Smit Mestre em Documenta\u00e7\u00e3o pela \u00c9cole Pratique des Hautes \u00c9tudes (Fran\u00e7a) e doutora em An\u00e1lise do Discurso pela Universidade de Paris-I. Leciona na Universidade de S\u00e3o Paulo desde 1981. Possui experi\u00eancia em elabora\u00e7\u00e3o de vocabul\u00e1rio controlado. Confer\u00eancia Arquiv\u00edstica &#8230; <a title=\"Encontros SESC Mem\u00f3ria\" class=\"read-more\" href=\"https:\/\/mundobibliotecario.com.br\/index.php\/2009\/04\/29\/encontros-sesc-memoria\/\" aria-label=\"Read more about Encontros SESC Mem\u00f3ria\">Ler mais<\/a><\/p>\n","protected":false},"author":1,"featured_media":0,"comment_status":"open","ping_status":"open","sticky":false,"template":"","format":"standard","meta":{"_mi_skip_tracking":false,"_exactmetrics_sitenote_active":false,"_exactmetrics_sitenote_note":"","_exactmetrics_sitenote_category":0,"_jetpack_newsletter_access":"","footnotes":""},"categories":[27],"tags":[379,380,381,382],"class_list":["post-588","post","type-post","status-publish","format-standard","hentry","category-eventos","tag-arquivistica","tag-encontros-sesc-memoria","tag-johanna-smit","tag-organizacao-da-informacao"],"jetpack_featured_media_url":"","jetpack_sharing_enabled":true,"jetpack-related-posts":[{"id":2431,"url":"https:\/\/mundobibliotecario.com.br\/index.php\/2012\/02\/08\/curso-de-gestao-de-documentos-arquivisticos-digitais\/","url_meta":{"origin":588,"position":0},"title":"Curso de Gest\u00e3o de documentos arquiv\u00edsticos digitais","author":"mundobibliotecario","date":"08\/02\/2012","format":false,"excerpt":"Curso\u00a0organizado\u00a0pela\u00a0ASSOCIA\u00c7\u00c3O\u00a0DOS\u00a0ARQUIVISTAS\u00a0BRASILEIROS\u00a0\u2013\u00a0AAB, com\u00a0o\u00a0apoio\u00a0do\u00a0ArquivoNacional\/Minist\u00e9rio\u00a0da\u00a0Justi\u00e7a Instrutora:\u00a0Margareth\u00a0da\u00a0Silva:\u00a0professora-assistente\u00a0do\u00a0curso\u00a0de\u00a0Arquivologia\u00a0da\u00a0UniversidadeFederal\u00a0Fluminense,\u00a0membro\u00a0da\u00a0C\u00e2mara\u00a0T\u00e9cnica\u00a0de\u00a0Documentos\u00a0Eletr\u00f4nicos\u00a0do\u00a0Conselho\u00a0Nacionalde\u00a0Arquivos\u00a0e\u00a0pesquisadora\u00a0do\u00a0Projeto\u00a0InterPARES-Brasil\u00a0(Projeto\u00a0Internacional\u00a0de\u00a0Pesquisa\u00a0sobreDocumentos\u00a0Arquiv\u00edsticos\u00a0Aut\u00eanticos\u00a0em\u00a0Sistemas\u00a0Eletr\u00f4nicos). Programa Documento\u00a0e\u00a0Tecnologia\u00a0da\u00a0Informa\u00e7\u00e3o:\u00a0caracter\u00edsticas\u00a0do\u00a0documento\u00a0arquiv\u00edstico;\u00a0identifica\u00e7\u00e3odo\u00a0documento\u00a0arquiv\u00edstico\u00a0digital; as\u00a0amea\u00e7as\u00a0\u00e0\u00a0preserva\u00e7\u00e3o\u00a0e\u00a0ao\u00a0acesso. Gest\u00e3o\u00a0de\u00a0Documentos\u00a0Arquiv\u00edsticos\u00a0Digitais:\u00a0procedimentos\u00a0nas\u00a0fases\u00a0de\u00a0produ\u00e7\u00e3o, demanuten\u00e7\u00e3o\u00a0e de\u00a0destina\u00e7\u00e3o\u00a0de\u00a0documentos\u00a0arquiv\u00edsticos\u00a0digitais. Sistemas\u00a0informatizados: modelo de requisitos para os sistemas informatizados de gest\u00e3o arquiv\u00edstica de\u00a0documentos\u00a0e metadados. Carga hor\u00e1ria: 16 horas. Data: 6 e 7 de mar\u00e7o de 2012 Local:\u00a0Arquivo\u00a0Nacional\u00a0-\u00a0Audit\u00f3rio\u00a0-\u00a0Pra\u00e7a\u00a0da\u00a0Rep\u00fablica, 173, Centro -\u00a0 Rio de Janeiro Hor\u00e1rio: 9hs \u00e0s 17 hs Investimento: Profissional - R$\u2026","rel":"","context":"Em &quot;Curso&quot;","block_context":{"text":"Curso","link":"https:\/\/mundobibliotecario.com.br\/index.php\/category\/curso\/"},"img":{"alt_text":"","src":"","width":0,"height":0},"classes":[]},{"id":3278,"url":"https:\/\/mundobibliotecario.com.br\/index.php\/2013\/10\/25\/serie-em-pauta-da-abrainfo-tecnologia-da-informacao-e-comunicacao-e-organizacao-da-informacao-interseccoes\/","url_meta":{"origin":588,"position":1},"title":"S\u00e9rie &#8220;Em Pauta&#8221; da ABRAINFO &#8211; Tecnologia da Informa\u00e7\u00e3o e Comunica\u00e7\u00e3o e Organiza\u00e7\u00e3o da Informa\u00e7\u00e3o: Intersec\u00e7\u00f5es","author":"mundobibliotecario","date":"25\/10\/2013","format":false,"excerpt":"A ABRAINFO realiza o segundo encontro da S\u00e9rie \u201cEM PAUTA\u201d, um conjunto de debates referentes \u00e0s quest\u00f5es que transitam pelo campo da informa\u00e7\u00e3o: Tecnologia da Informa\u00e7\u00e3o e Comunica\u00e7\u00e3o (TIC) e Organiza\u00e7\u00e3o da Informa\u00e7\u00e3o: Intersec\u00e7\u00f5es \u00a0 Palestrantes Convidados Sueli Mara Soares Pinto Ferreira Diretora do SIBiUSP (2010-2013). Professora Titular da Faculdade\u2026","rel":"","context":"Em &quot;Eventos&quot;","block_context":{"text":"Eventos","link":"https:\/\/mundobibliotecario.com.br\/index.php\/category\/eventos\/"},"img":{"alt_text":"","src":"","width":0,"height":0},"classes":[]},{"id":5010,"url":"https:\/\/mundobibliotecario.com.br\/index.php\/2018\/10\/16\/cedem-inaugura-sistema-de-gestao-de-acervos-permanentes\/","url_meta":{"origin":588,"position":2},"title":"CEDEM inaugura sistema de gest\u00e3o de acervos permanentes","author":"mundobibliotecario","date":"16\/10\/2018","format":false,"excerpt":"Iniciativa dar\u00e1 mais agilidade \u00e0 pesquisa documental \u00a011\/10\/2018\u00a0por: Assessoria de Comunica\u00e7\u00e3o do CEDEM, da Unesp Imagem: Reprodu\u00e7\u00e3o A descri\u00e7\u00e3o arquiv\u00edstica \u00e9 um mecanismo pelo qual o usu\u00e1rio de acervos tem acesso facilitado aos documentos. Os sistemas informatizados, por sua vez, tornam as atividades de pesquisa ainda mais pr\u00e1tica e \u00e1gil.\u2026","rel":"","context":"Em &quot;Not\u00edcias&quot;","block_context":{"text":"Not\u00edcias","link":"https:\/\/mundobibliotecario.com.br\/index.php\/category\/noticias\/"},"img":{"alt_text":"","src":"","width":0,"height":0},"classes":[]},{"id":2339,"url":"https:\/\/mundobibliotecario.com.br\/index.php\/2011\/11\/27\/curso-gestao-de-documentos-eletronicos-arquivisticos\/","url_meta":{"origin":588,"position":3},"title":"Curso &#8211; Gest\u00e3o de Documentos Eletr\u00f4nicos Arquiv\u00edsticos","author":"mundobibliotecario","date":"27\/11\/2011","format":false,"excerpt":"Objetivo \u00a0\u00a0\u00a0\u00a0\u00a0Orientar usu\u00e1rios, em n\u00edvel operacional e gerencial, quanto ao tratamento da informa\u00e7\u00e3o eletr\u00f4nica, seja ela p\u00fablica ou privada, e os v\u00e1rios aspectos relacionados \u00e0 Gest\u00e3o de Documentos Eletr\u00f4nicos Arquiv\u00edsticos. P\u00fablico-alvo \u00a0\u00a0\u00a0\u00a0\u00a0Gerentes, coordenadores, supervisores e demais agentes envolvidos com a gest\u00e3o eletr\u00f4nica de documentos. Necessidade x Justificativa \u00a0\u00a0\u00a0\u00a0\u00a0Na sociedade contempor\u00e2nea\u2026","rel":"","context":"Em &quot;Curso&quot;","block_context":{"text":"Curso","link":"https:\/\/mundobibliotecario.com.br\/index.php\/category\/curso\/"},"img":{"alt_text":"","src":"","width":0,"height":0},"classes":[]},{"id":4366,"url":"https:\/\/mundobibliotecario.com.br\/index.php\/2016\/10\/08\/vii-congresso-nacional-de-arquivologia\/","url_meta":{"origin":588,"position":4},"title":"VII Congresso Nacional de Arquivologia","author":"mundobibliotecario","date":"08\/10\/2016","format":false,"excerpt":"Com o tema \u201cArquivologia: da interdisciplinaridade \u00e0 interoperabilidade\u201d, o VII Congresso Nacional de Arquivologia ser\u00e1 realizado entre os dias 17 e 21 de outubro, nos principais centros culturais da cidade de Fortaleza\/CE. O CNA \u00e9 o maior evento em \u00e2mbito nacional, com proje\u00e7\u00e3o internacional, na \u00e1rea de arquivologia, realizado a\u2026","rel":"","context":"Em &quot;arquivologia&quot;","block_context":{"text":"arquivologia","link":"https:\/\/mundobibliotecario.com.br\/index.php\/category\/arquivologia\/"},"img":{"alt_text":"","src":"","width":0,"height":0},"classes":[]},{"id":900,"url":"https:\/\/mundobibliotecario.com.br\/index.php\/2009\/10\/07\/semana-inaugural-arquivo-publico-e-historico-de-sao-carlos\/","url_meta":{"origin":588,"position":5},"title":"SEMANA INAUGURAL \u2013 Arquivo P\u00fablico e Hist\u00f3rico de S\u00e3o Carlos","author":"mundobibliotecario","date":"07\/10\/2009","format":false,"excerpt":"FUNDA\u00c7\u00c3O PR\u00d3-MEM\u00d3RIA DE S\u00c3O CARLOS Data: 19 a 23\/10 \u2013 Local: Audit\u00f3rio \u201cOctavio Damiano\u201d \u2013 Esta\u00e7\u00e3o Cultura Pra\u00e7a Ant\u00f4nio Prado, s\/n \u2013 Centro \u2013 Antiga Esta\u00e7\u00e3o Ferrovi\u00e1ria Inscri\u00e7\u00f5es at\u00e9 16\/10 pelo e-mail: arquivo.fpm@saocarlos.sp.gov.br ou Tel.: (16) 3373.2700 (Mencionar a palestra\/mesa redonda que ir\u00e1 participar) Programa\u00e7\u00e3o segunda-feira (19\/10) 9h - Credenciamento\u2026","rel":"","context":"Em &quot;Eventos&quot;","block_context":{"text":"Eventos","link":"https:\/\/mundobibliotecario.com.br\/index.php\/category\/eventos\/"},"img":{"alt_text":"","src":"","width":0,"height":0},"classes":[]}],"jetpack_likes_enabled":true,"jetpack_shortlink":"https:\/\/wp.me\/pcbzwa-9u","_links":{"self":[{"href":"https:\/\/mundobibliotecario.com.br\/index.php\/wp-json\/wp\/v2\/posts\/588","targetHints":{"allow":["GET"]}}],"collection":[{"href":"https:\/\/mundobibliotecario.com.br\/index.php\/wp-json\/wp\/v2\/posts"}],"about":[{"href":"https:\/\/mundobibliotecario.com.br\/index.php\/wp-json\/wp\/v2\/types\/post"}],"author":[{"embeddable":true,"href":"https:\/\/mundobibliotecario.com.br\/index.php\/wp-json\/wp\/v2\/users\/1"}],"replies":[{"embeddable":true,"href":"https:\/\/mundobibliotecario.com.br\/index.php\/wp-json\/wp\/v2\/comments?post=588"}],"version-history":[{"count":0,"href":"https:\/\/mundobibliotecario.com.br\/index.php\/wp-json\/wp\/v2\/posts\/588\/revisions"}],"wp:attachment":[{"href":"https:\/\/mundobibliotecario.com.br\/index.php\/wp-json\/wp\/v2\/media?parent=588"}],"wp:term":[{"taxonomy":"category","embeddable":true,"href":"https:\/\/mundobibliotecario.com.br\/index.php\/wp-json\/wp\/v2\/categories?post=588"},{"taxonomy":"post_tag","embeddable":true,"href":"https:\/\/mundobibliotecario.com.br\/index.php\/wp-json\/wp\/v2\/tags?post=588"}],"curies":[{"name":"wp","href":"https:\/\/api.w.org\/{rel}","templated":true}]}}