{"id":598,"date":"2009-05-05T16:08:55","date_gmt":"2009-05-05T19:08:55","guid":{"rendered":"http:\/\/mundobibliotecario.wordpress.com\/?p=598"},"modified":"2020-07-22T00:10:09","modified_gmt":"2020-07-22T03:10:09","slug":"memoria-digital-alem-da-vida","status":"publish","type":"post","link":"https:\/\/mundobibliotecario.com.br\/index.php\/2009\/05\/05\/memoria-digital-alem-da-vida\/","title":{"rendered":"Mem\u00f3ria digital al\u00e9m da vida"},"content":{"rendered":"<div class=\"plainMail\">Jornal do Brasil Online<\/div>\n<p>Mem\u00f3ria digital al\u00e9m da vida<br \/>\nNova ferramenta, Legacy Locker acaba com problema de bloqueio de senhas ap\u00f3s morte de usu\u00e1rio<\/p>\n<p>Joana Duarte<\/p>\n<p>Como proteger a vida digital ap\u00f3s a morte? Come\u00e7ar uma ag\u00eancia funer\u00e1ria on-line pode parecer macabro, mas a ideia surge para suprir uma\u00a0necessidade real: at\u00e9 hoje, n\u00e3o havia uma solu\u00e7\u00e3o f\u00e1cil para a recupera\u00e7\u00e3o dos dados privados de pessoas que faleceram. Nomes de<br \/>\nusu\u00e1rios, senhas e contrassenhas banc\u00e1rias, n\u00fameros de contas de servi\u00e7os como PayPal, iTunes e eBay, fotos, documentos pessoais e<br \/>\nmensagens privadas ficavam lacradas em uma esp\u00e9cie de ciber-purgat\u00f3rio, sem que parentes pudessem acess\u00e1-los ap\u00f3s a sua morte. Para acabar com o problema, a Legacy Locker, fundada este m\u00eas pelo marqueteiro americano Jeremy Toeman, chega para oferecer um servi\u00e7o de arquivamento e distribui\u00e7\u00e3o de bens on-line para parentes e amigos dos falecidos.<\/p>\n<p>Taxa<\/p>\n<p>Por um pre\u00e7o de US$ 30 ao ano ou uma taxa de inscri\u00e7\u00e3o permanente de US$\u00a0300, a Legacy Locker guarda as chaves de acesso do indiv\u00edduo ao universo on-line, informando-as aos seus descendentes ap\u00f3s a sua morte. E n\u00e3o se trata apenas de permitir o acesso dos familiares ao dinheiro na conta banc\u00e1ria ou \u00e0s milhas de uma companhia a\u00e9rea, mas tamb\u00e9m aos bens que t\u00eam valor puramente sentimental, como fotos e coment\u00e1rios postados em sites de relacionamento.<\/p>\n<p>O m\u00e9todo exige que o usu\u00e1rio confie a uma terceira pessoa, uma esp\u00e9cie de inventariante, a comunica\u00e7\u00e3o \u00e0 Legacy Loker do \u00f3bito. Com essa<br \/>\ninforma\u00e7\u00e3o, a empresa comunica aos benefici\u00e1rios do falecido as informa\u00e7\u00f5es confiadas. Em breve, diz Toeman, seus clientes tamb\u00e9m poder\u00e3o gravar no site da empresa mensagens e v\u00eddeos de despedida, para serem enviados ap\u00f3s a sua morte.<\/p>\n<p>A Legacy Locker est\u00e1 estruturada em um sistema seguro e imune a invas\u00f5es de hackers. Basicamente, a empresa garante a seguran\u00e7a dos dados<br \/>\nenquanto estiverem ali guardados at\u00e9 o momento de sua entrega para as pessoas apontadas como benefici\u00e1rias.<\/p>\n<p>Jeremy Toeman trabalha diretamente com advogados e consultores financeiros que, nos EUA, s\u00e3o encarregados de elaborar invent\u00e1rios e<br \/>\ntestamentos. O recurso \u00e9 oferecido por esses profissionais como mais um servi\u00e7o de prote\u00e7\u00e3o de bens.<\/p>\n<p>\u2013 A Legacy \u00e9 uma ferramenta muito \u00fatil para advogados porque s\u00e3o eles que passam mais tempo com os clientes, estabelecendo o destino final de seus bens materiais \u2013 avalia Toeman. \u2013 \u00c9 um servi\u00e7o valioso que eles poder\u00e3o acoplar aos pacotes j\u00e1 oferecidos para todos aqueles que tenham diferentes contas na internet com senhas e contrassenhas distintas.<\/p>\n<p>Ele acredita que a companhia ser\u00e1 capaz de conseguir, a m\u00e9dio prazo, um bom n\u00famero de usu\u00e1rios, porque \u00e9 dirigida &#8220;a pessoas que j\u00e1 est\u00e3o<br \/>\ngastando dinheiro para organizar a heran\u00e7a de seus bens fora da internet&#8221;.<\/p>\n<p>\u2013 Durante um voo no ver\u00e3o passado me dei conta de que todos os meus bens estavam protegidos em meu testamento, mas n\u00e3o tinha estabelecido nada para meus ativos arquivados on-line \u2013 lembra o empres\u00e1rio. \u2013 A contrassenha do meu computador, minhas cinco contas de e-mail, meu cr\u00e9dito na Amazon. Se algo acontecesse comigo, tudo ficaria inacess\u00edvel para a minha mulher, apesar de ter escrito um testamento. Quando penso nos servi\u00e7os aos quais aderimos, como Flickr, e-mails, PayPal e outros, vejo que eles t\u00eam valor significativo para mim e minha fam\u00edlia.<\/p>\n<p>De acordo com Toeman, h\u00e1 cerca de 25 mil consultores financeiros profissionais nos Estados Unidos, atendendo a aproximadamente 12,5 milh\u00f5es de pessoas que j\u00e1 protegeram seus bens em testamentos. Dado o custo deste planejamento, Toeman acredita que um acr\u00e9scimo de US$ 300 para assegurar o acesso da fam\u00edlia aos bens digitais do ente falecido \u00e9 bastante razo\u00e1vel e ser\u00e1 bem aceito.<\/p>\n<p>\u2013 O site foi ativado h\u00e1 menos de duas semanas, e j\u00e1 temos milhares de usu\u00e1rios em todos os continentes. Pretendemos criar vers\u00f5es em outras<br \/>\nl\u00ednguas em breve \u2013 conta. \u2013 A morte de um ente querido n\u00e3o precisa levar ao t\u00famulo sua mem\u00f3ria digital.<\/p>\n<p>Segunda-feira, 20 de Abril de 2009 &#8211; 00:00<\/p>\n<div class=\"plainMail\">FONTE:\n<\/div>\n","protected":false},"excerpt":{"rendered":"<p>Jornal do Brasil Online Mem\u00f3ria digital al\u00e9m da vida Nova ferramenta, Legacy Locker acaba com problema de bloqueio de senhas ap\u00f3s morte de usu\u00e1rio Joana Duarte Como proteger a vida digital ap\u00f3s a morte? Come\u00e7ar uma ag\u00eancia funer\u00e1ria on-line pode parecer macabro, mas a ideia surge para suprir uma\u00a0necessidade real: at\u00e9 hoje, n\u00e3o havia uma &#8230; <a title=\"Mem\u00f3ria digital al\u00e9m da vida\" class=\"read-more\" href=\"https:\/\/mundobibliotecario.com.br\/index.php\/2009\/05\/05\/memoria-digital-alem-da-vida\/\" aria-label=\"Read more about Mem\u00f3ria digital al\u00e9m da vida\">Ler mais<\/a><\/p>\n","protected":false},"author":1,"featured_media":0,"comment_status":"open","ping_status":"open","sticky":false,"template":"","format":"standard","meta":{"_mi_skip_tracking":false,"_exactmetrics_sitenote_active":false,"_exactmetrics_sitenote_note":"","_exactmetrics_sitenote_category":0,"_jetpack_newsletter_access":"","footnotes":""},"categories":[60],"tags":[386,278],"class_list":["post-598","post","type-post","status-publish","format-standard","hentry","category-noticias","tag-legacy-locker","tag-memoria-digital"],"jetpack_featured_media_url":"","jetpack_sharing_enabled":true,"jetpack-related-posts":[{"id":3123,"url":"https:\/\/mundobibliotecario.com.br\/index.php\/2013\/05\/25\/palestra-preservacao-da-memoria-digital\/","url_meta":{"origin":598,"position":0},"title":"Palestra: &#8220;Preserva\u00e7\u00e3o da Mem\u00f3ria Digital&#8221;","author":"mundobibliotecario","date":"25\/05\/2013","format":false,"excerpt":"CONVITEO SINDIB-RJ convida os Bibliotec\u00e1rios do Estado do Rio de Janeiro para palestra\u00a0palestra:\u00a0\u00a0\"Preserva\u00e7\u00e3o da Mem\u00f3ria Digital\",\u00a0que ser\u00e1 proferida pelo Prof.\u00a0Miguel \u00c1ngel M\u00e1rdero Arellano, Doutor em Ci\u00eancias da Informa\u00e7\u00e3o pela Universidade de Bras\u00edlia e coordenador da Rede de Servi\u00e7os de Preserva\u00e7\u00e3o digital CARINIANA (IBICT).\u00a0\u00a0Data: 07\/06\/2013Local: Sindicato dos Administradores no Estado do\u2026","rel":"","context":"Em &quot;Eventos&quot;","block_context":{"text":"Eventos","link":"https:\/\/mundobibliotecario.com.br\/index.php\/category\/eventos\/"},"img":{"alt_text":"","src":"","width":0,"height":0},"classes":[]},{"id":2772,"url":"https:\/\/mundobibliotecario.com.br\/index.php\/2012\/12\/22\/google-lanca-biblioteca-digital-com-imagens-dos-manuscritos-do-mar-morto\/","url_meta":{"origin":598,"position":1},"title":"Google lan\u00e7a biblioteca digital com imagens dos manuscritos do Mar Morto","author":"mundobibliotecario","date":"22\/12\/2012","format":false,"excerpt":"Textos incluem Livro do Deuteron\u00f4mio, que cont\u00e9m os Dez Mandamentoss, e a cria\u00e7\u00e3o do mundo em \"G\u00eanesis\" O Google, em parceria com a Autoridade de Antiguidades de Israel, postou online cerca de 5 mil imagens dos antigos Manuscritos do Mar Morto. Peda\u00e7os dos textos postados incluem uma das conhecidas c\u00f3pias\u2026","rel":"","context":"Em &quot;Not\u00edcias&quot;","block_context":{"text":"Not\u00edcias","link":"https:\/\/mundobibliotecario.com.br\/index.php\/category\/noticias\/"},"img":{"alt_text":"","src":"","width":0,"height":0},"classes":[]},{"id":9887,"url":"https:\/\/mundobibliotecario.com.br\/index.php\/2022\/04\/11\/esses-sao-os-6-melhores-cursos-gratuitos-da-microsoft-para-transformar-os-usuarios-de-bibliotecas-em-pessoas-com-competencias-digitais\/","url_meta":{"origin":598,"position":2},"title":"Esses s\u00e3o os 6 melhores cursos gratuitos da Microsoft para transformar os usu\u00e1rios de bibliotecas em pessoas com compet\u00eancias digitais","author":"mundobibliotecario","date":"11\/04\/2022","format":false,"excerpt":"Quanto a sua institui\u00e7\u00e3o pagaria para a Microsoft\u00a0 implantar um programa de desenvolvimento de compet\u00eancias digitais para os usu\u00e1rios da sua biblioteca? Se voc\u00ea est\u00e1 pensando em algumas centenas ou milhares de d\u00f3lares, voc\u00ea est\u00e1 enganado. E vou te mostrar porqu\u00ea. Talvez voc\u00ea seja um gestor p\u00fablico que precisa aprimorar\u2026","rel":"","context":"Em &quot;Not\u00edcias&quot;","block_context":{"text":"Not\u00edcias","link":"https:\/\/mundobibliotecario.com.br\/index.php\/category\/noticias\/"},"img":{"alt_text":"","src":"https:\/\/i0.wp.com\/mundobibliotecario.com.br\/wp-content\/uploads\/2022\/04\/espanha.jpg?resize=350%2C200&ssl=1","width":350,"height":200},"classes":[]},{"id":2923,"url":"https:\/\/mundobibliotecario.com.br\/index.php\/2013\/02\/21\/ibict-faz-parceria-com-a-stanford-university-para-implementacao-de-servicos-de-preservacao-digital\/","url_meta":{"origin":598,"position":3},"title":"IBICT faz parceria com a Stanford University para implementa\u00e7\u00e3o de servi\u00e7os de preserva\u00e7\u00e3o digital","author":"mundobibliotecario","date":"21\/02\/2013","format":false,"excerpt":"Para a cria\u00e7\u00e3o da Rede Brasileira de Servi\u00e7os de Preserva\u00e7\u00e3o Digital \u2013 Cariniana, o Instituto Brasileiro de Informa\u00e7\u00e3o em Ci\u00eancia e Tecnologia (IBICT) aderiu \u00e0 Alian\u00e7a Internacional LOCKSS (http:\/\/www.lockss.org), no m\u00eas de janeiro de 2013. Segundo Miguel \u00c1ngel Mardero Arellano, coordenador da Cariniana, a ideia \u00e9 de que o IBICT\u2026","rel":"","context":"Em &quot;Not\u00edcias&quot;","block_context":{"text":"Not\u00edcias","link":"https:\/\/mundobibliotecario.com.br\/index.php\/category\/noticias\/"},"img":{"alt_text":"","src":"","width":0,"height":0},"classes":[]},{"id":3508,"url":"https:\/\/mundobibliotecario.com.br\/index.php\/2014\/06\/14\/como-as-bibliotecas-podem-sobreviver-na-era-digital\/","url_meta":{"origin":598,"position":4},"title":"Como as bibliotecas podem sobreviver na era digital","author":"mundobibliotecario","date":"14\/06\/2014","format":false,"excerpt":"Livros como os conhecemos est\u00e3o claramente em um estado de fluxo. Um em cinco americanos leem agora em e-readers ou computadores tablet, e muitas coisas podem ser encontradas em um livro mais do que um clique ou um toque de dist\u00e2ncia online. Essa tend\u00eancia tem sido o catalisador por tr\u00e1s\u2026","rel":"","context":"Em &quot;Not\u00edcias&quot;","block_context":{"text":"Not\u00edcias","link":"https:\/\/mundobibliotecario.com.br\/index.php\/category\/noticias\/"},"img":{"alt_text":"","src":"","width":0,"height":0},"classes":[]},{"id":458,"url":"https:\/\/mundobibliotecario.com.br\/index.php\/2009\/03\/11\/arquivamento-a-longo-prazo\/","url_meta":{"origin":598,"position":5},"title":"Arquivamento a longo prazo","author":"mundobibliotecario","date":"11\/03\/2009","format":false,"excerpt":"JB Online Ter\u00e7a-feira, 03 de Mar\u00e7o de 2009 - 00:00 Sinuca digital Paulo Pacini - Psic\u00f3logo e pesquisador Quando, em 1999, o neurobi\u00f3logo Joseph Miller pediu \u00e0 Nasa acesso aos dados das miss\u00f5es Viking, que aterrissaram em Marte em 1976, sua solicita\u00e7\u00e3o foi prontamente atendida. As fitas magn\u00e9ticas, corretamente armazenadas,\u2026","rel":"","context":"Em &quot;Not\u00edcias&quot;","block_context":{"text":"Not\u00edcias","link":"https:\/\/mundobibliotecario.com.br\/index.php\/category\/noticias\/"},"img":{"alt_text":"","src":"","width":0,"height":0},"classes":[]}],"jetpack_likes_enabled":true,"jetpack_shortlink":"https:\/\/wp.me\/pcbzwa-9E","_links":{"self":[{"href":"https:\/\/mundobibliotecario.com.br\/index.php\/wp-json\/wp\/v2\/posts\/598","targetHints":{"allow":["GET"]}}],"collection":[{"href":"https:\/\/mundobibliotecario.com.br\/index.php\/wp-json\/wp\/v2\/posts"}],"about":[{"href":"https:\/\/mundobibliotecario.com.br\/index.php\/wp-json\/wp\/v2\/types\/post"}],"author":[{"embeddable":true,"href":"https:\/\/mundobibliotecario.com.br\/index.php\/wp-json\/wp\/v2\/users\/1"}],"replies":[{"embeddable":true,"href":"https:\/\/mundobibliotecario.com.br\/index.php\/wp-json\/wp\/v2\/comments?post=598"}],"version-history":[{"count":2,"href":"https:\/\/mundobibliotecario.com.br\/index.php\/wp-json\/wp\/v2\/posts\/598\/revisions"}],"predecessor-version":[{"id":7474,"href":"https:\/\/mundobibliotecario.com.br\/index.php\/wp-json\/wp\/v2\/posts\/598\/revisions\/7474"}],"wp:attachment":[{"href":"https:\/\/mundobibliotecario.com.br\/index.php\/wp-json\/wp\/v2\/media?parent=598"}],"wp:term":[{"taxonomy":"category","embeddable":true,"href":"https:\/\/mundobibliotecario.com.br\/index.php\/wp-json\/wp\/v2\/categories?post=598"},{"taxonomy":"post_tag","embeddable":true,"href":"https:\/\/mundobibliotecario.com.br\/index.php\/wp-json\/wp\/v2\/tags?post=598"}],"curies":[{"name":"wp","href":"https:\/\/api.w.org\/{rel}","templated":true}]}}