{"id":603,"date":"2009-05-01T17:14:47","date_gmt":"2009-05-01T20:14:47","guid":{"rendered":"http:\/\/mundobibliotecario.wordpress.com\/?p=603"},"modified":"2009-05-01T17:14:47","modified_gmt":"2009-05-01T20:14:47","slug":"acao-educativa-em-museus-experiencias-de-inclusao-de-publico-da-terceira-idade","status":"publish","type":"post","link":"https:\/\/mundobibliotecario.com.br\/index.php\/2009\/05\/01\/acao-educativa-em-museus-experiencias-de-inclusao-de-publico-da-terceira-idade\/","title":{"rendered":"A\u00e7\u00e3o educativa em museus: experi\u00eancias de inclus\u00e3o de p\u00fablico da terceira idade"},"content":{"rendered":"<p><img loading=\"lazy\" decoding=\"async\" class=\"aligncenter size-full wp-image-602\" title=\"pic26993\" src=\"http:\/\/mundobibliotecario.hospedagemdesites.ws\/wp-content\/uploads\/2009\/05\/pic26993.jpg\" alt=\"pic26993\" width=\"450\" height=\"579\" srcset=\"https:\/\/mundobibliotecario.com.br\/wp-content\/uploads\/2009\/05\/pic26993.jpg 537w, https:\/\/mundobibliotecario.com.br\/wp-content\/uploads\/2009\/05\/pic26993-233x300.jpg 233w\" sizes=\"auto, (max-width: 450px) 100vw, 450px\" \/><\/p>\n","protected":false},"excerpt":{"rendered":"","protected":false},"author":1,"featured_media":0,"comment_status":"open","ping_status":"open","sticky":false,"template":"","format":"standard","meta":{"_mi_skip_tracking":false,"_exactmetrics_sitenote_active":false,"_exactmetrics_sitenote_note":"","_exactmetrics_sitenote_category":0,"_jetpack_newsletter_access":"","footnotes":""},"categories":[27],"tags":[284,387,214,388],"class_list":["post-603","post","type-post","status-publish","format-standard","hentry","category-eventos","tag-centro-de-memoria-bunge","tag-judith-mader-elazari","tag-museologia","tag-unisanta"],"jetpack_featured_media_url":"","jetpack_sharing_enabled":true,"jetpack-related-posts":[],"jetpack_likes_enabled":true,"jetpack_shortlink":"https:\/\/wp.me\/pcbzwa-9J","_links":{"self":[{"href":"https:\/\/mundobibliotecario.com.br\/index.php\/wp-json\/wp\/v2\/posts\/603","targetHints":{"allow":["GET"]}}],"collection":[{"href":"https:\/\/mundobibliotecario.com.br\/index.php\/wp-json\/wp\/v2\/posts"}],"about":[{"href":"https:\/\/mundobibliotecario.com.br\/index.php\/wp-json\/wp\/v2\/types\/post"}],"author":[{"embeddable":true,"href":"https:\/\/mundobibliotecario.com.br\/index.php\/wp-json\/wp\/v2\/users\/1"}],"replies":[{"embeddable":true,"href":"https:\/\/mundobibliotecario.com.br\/index.php\/wp-json\/wp\/v2\/comments?post=603"}],"version-history":[{"count":0,"href":"https:\/\/mundobibliotecario.com.br\/index.php\/wp-json\/wp\/v2\/posts\/603\/revisions"}],"wp:attachment":[{"href":"https:\/\/mundobibliotecario.com.br\/index.php\/wp-json\/wp\/v2\/media?parent=603"}],"wp:term":[{"taxonomy":"category","embeddable":true,"href":"https:\/\/mundobibliotecario.com.br\/index.php\/wp-json\/wp\/v2\/categories?post=603"},{"taxonomy":"post_tag","embeddable":true,"href":"https:\/\/mundobibliotecario.com.br\/index.php\/wp-json\/wp\/v2\/tags?post=603"}],"curies":[{"name":"wp","href":"https:\/\/api.w.org\/{rel}","templated":true}]}}