{"id":629,"date":"2009-05-13T08:48:47","date_gmt":"2009-05-13T11:48:47","guid":{"rendered":"http:\/\/mundobibliotecario.wordpress.com\/?p=629"},"modified":"2009-05-13T08:48:47","modified_gmt":"2009-05-13T11:48:47","slug":"iii-semana-usp-da-propriedade-intelectual","status":"publish","type":"post","link":"https:\/\/mundobibliotecario.com.br\/index.php\/2009\/05\/13\/iii-semana-usp-da-propriedade-intelectual\/","title":{"rendered":"III Semana USP da Propriedade Intelectual"},"content":{"rendered":"<p>A Assessoria Jur\u00eddica da Ag\u00eancia USP de Inova\u00e7\u00e3o tem o prazer de<br \/>\nconvid\u00e1-los para a III Semana USP da Propriedade Intelectual, a<br \/>\nocorrer nos dias 25 a 29 de maio, conforme documento abaixo ou<br \/>\nconsulta ao site da Ag\u00eancia USP &#8211; <a href=\"http:\/\/www.inovacao.usp.br\">www.inovacao.usp.br<\/a>.<\/p>\n<p align=\"center\">\n<p align=\"center\"><strong><em><span style=\"text-decoration:underline;\">III SEMANA USP DA PROPRIEDADE INTELECTUAL \u2013 25 A 29.05.09<\/span><\/em><\/strong><\/p>\n<p align=\"center\">\u00a0<\/p>\n<p><strong><em>\u201cA IMPORT\u00c2NCIA DA PROPRIEDADE INTELECTUAL PARA A PESQUISA\u201d<\/em><\/strong><\/p>\n<p>\u00a0<\/p>\n<p>LOCAL: TODOS OS CAMPI<\/p>\n<p>\u00a0<\/p>\n<p><strong>Objetivos<\/strong>:<\/p>\n<p>&#8211; \u00a0Introduzir o tema \u00e0 comunidade, relacionando-o \u00e0s pesquisas desenvolvidas na USP;<\/p>\n<p>&#8211; Apresentar \u00e0 comunidade as possibilidades legais para prote\u00e7\u00e3o dos resultados de pesquisas;<\/p>\n<p>&#8211;\u00a0 Levar a comunidade a identificar a import\u00e2ncia da propriedade intelectual na pesquisa, como fonte de informa\u00e7\u00e3o e ferramenta para comercializa\u00e7\u00e3o.<\/p>\n<p>&#8211; Disseminar a cultura da propriedade intelectual.<\/p>\n<p>PROGRAMA INICIAL:<\/p>\n<p>\u00a0<\/p>\n<p>\u00a0<\/p>\n<p><strong><span style=\"text-decoration:underline;\">25.05.09 \u2013 segunda-feira<\/span><\/strong><\/p>\n<p><strong><span style=\"text-decoration:underline;\">Local: Audit\u00f3rio FEA-5 da Faculdade de Economia, Contabilidade e Administra\u00e7\u00e3o &#8211; \u00a0Campus S\u00e3o Paulo<\/span><\/strong><\/p>\n<p><em><span style=\"text-decoration:underline;\">Workshop: A import\u00e2ncia da propriedade intelectual para a pesquisa<\/span><\/em><\/p>\n<p>14:00 \u2013 14:40h\u00a0 &#8211; \u201cA USP e a import\u00e2ncia da propriedade intelectual gerada\u201d<\/p>\n<p>prof. Oswaldo Massambani \u00a0&#8211; Coordenador Ag\u00eancia USP de\u00a0 Inova\u00e7\u00e3o<\/p>\n<p>14:40 \u2013 15:20h &#8211; \u201cA participa\u00e7\u00e3o do Brasil em propriedade intelectual no cen\u00e1rio\u00a0\u00a0 mundial\u201d<\/p>\n<p>Dr. Gra\u00e7a Aranha \u2013 diretor regional Organiza\u00e7\u00e3o Mundial de Propriedade Intelectual &#8211; OMPI<\/p>\n<p>15:20 \u2013 16:00h &#8211; \u201cAvan\u00e7os e desafios do Brasil em propriedade intelectual\u201d<\/p>\n<p>Dr. Jorge \u00c1vila \u2013 presidente Instituto Nacional da Propriedade Industrial &#8211; INPI<\/p>\n<p>16:00 \u2013 16:40h &#8211; \u201cO uso da propriedade intelectual como fonte de informa\u00e7\u00e3o e garantia de direitos\u201d<\/p>\n<p>Representante da Associa\u00e7\u00e3o Brasileira da Propriedade Intelectual &#8211; ABPI<\/p>\n<p>16:00 \u2013 16:40h &#8211; \u201cA import\u00e2ncia da propriedade intelectual na parceria Universidade-Empresa\u201d<\/p>\n<p>prof. Ary Plonski \u2013 presidente Associa\u00e7\u00e3o Nacional de Entidades Promotoras de Empreendimentos Inovadores &#8211; ANPROTEC<\/p>\n<p>16:40 \u2013 17:30h \u2013 Debate<\/p>\n<p><strong><span style=\"text-decoration:underline;\">25.05.09 \u2013 segunda-feira<\/span><\/strong><\/p>\n<p>\u00a0<\/p>\n<p><strong><span style=\"text-decoration:underline;\">Local: Audit\u00f3rio Congrega\u00e7\u00e3o &#8211; Largo S\u00e3o Francisco<\/span><\/strong><\/p>\n<p>Abertura: 19:00 \u2013 19:40h<\/p>\n<p>Prof. Jo\u00e3o Grandino Rodas<\/p>\n<p>Diretor Faculdade de Direito<\/p>\n<p>Prof. Oswaldo Massambani<\/p>\n<p>Diretor Ag\u00eancia USP Inova\u00e7\u00e3o<\/p>\n<p>19:40 \u2013 20:20h &#8211; \u201cA Lei de Inova\u00e7\u00e3o e a propriedade intelectual\u201d<\/p>\n<p>Prof. Balmes Vega<\/p>\n<p>20:20 \u2013 21:00h \u2013 \u201cCrist\u00e9rios de patenteabilidade\u201d<\/p>\n<p>Prof. Newton Silveira<\/p>\n<p>21:00 h &#8211; Debate<\/p>\n<p><strong><span style=\"text-decoration:underline;\">26.05.09 \u2013 ter\u00e7a-feira<\/span><\/strong><\/p>\n<p><strong>Local: Audit\u00f3rio Congrega\u00e7\u00e3o Largo S\u00e3o Francisco<\/strong><\/p>\n<p>Debate: \u201cANVISA e a Exclusividade de dados \u2013 prote\u00e7\u00e3o contra o uso da informa\u00e7\u00e3o sigilosa\u201d<\/p>\n<p>19:00 \u2013 19:15 \u2013 Abertura<\/p>\n<p>Patr\u00edcia Pereira Tedeschi<\/p>\n<p>Ag\u00eancia USP de Inova\u00e7\u00e3o<\/p>\n<p>19:15 \u2013 19:45h &#8211; Prof. Floriano Azevedo Marques Neto<\/p>\n<p>Faculdade de Direito da USP<\/p>\n<p>\u201cLimites para o uso da informa\u00e7\u00e3o confidencial dos laborat\u00f3rios pela ANVISA\u201d<\/p>\n<p>19:45 \u2013 20:15h \u2013 Dr. Gabriel Di Blasi<\/p>\n<p>\u201cA prote\u00e7\u00e3o dos dados confidenciais\u201d<\/p>\n<p>20:15 \u2013 20:45h \u2013 Dr. Fabiano Andreatta<\/p>\n<p>Ely Lilly<\/p>\n<p>\u201cA vis\u00e3o da ind\u00fastria sobre a exclusividade de dados\u201d<\/p>\n<p>20:45 \u2013 21:15 h &#8211; Representante da ANVISA (a confirmar)<\/p>\n<p>\u201c A vis\u00e3o da ANVISA sobre a exclusividade de dados\u201d<\/p>\n<p>21:15 \u2013 22:00h &#8211; Debates<\/p>\n<p><strong><span style=\"text-decoration:underline;\">26.05.09 \u2013 ter\u00e7a-feira<\/span><\/strong><\/p>\n<p>\u00a0<\/p>\n<p><strong><span style=\"text-decoration:underline;\">Local: ICB ou FCF \u2013 Campus S\u00e3o Paulo<\/span><\/strong><\/p>\n<p>\u00a0<\/p>\n<p>\u00a0<\/p>\n<p><span style=\"text-decoration:underline;\">Workshop: Uso da propriedade intelectual na Universidade<\/span><\/p>\n<p align=\"center\">13:30 \u2013 14:30h &#8211; Dr. Cl\u00e1udio Roberto Barbosa<\/p>\n<p>Momsen, Leonardos &amp; Cia.<\/p>\n<p>\u201cComo proteger e utilizar os resultados de pesquisa\u201d<\/p>\n<p>14:30 \u2013 15:30h &#8211; Dra. Gisele Guimar\u00e3es Gomes<\/p>\n<p>Examinadora de patentes do INPI<\/p>\n<p>\u201cPatentes e o acesso ao patrim\u00f4nio gen\u00e9tico brasileiro\u201d<\/p>\n<p>15:30 \u2013 17:30h &#8211; Representante Instituto Nac. da Propriedade Industrial &#8211; INPI<\/p>\n<p>\u201cUso da informa\u00e7\u00e3o tecnol\u00f3gica contida nas bases de patentes\u201d<\/p>\n<p><strong><span style=\"text-decoration:underline;\">26.05.09 \u2013 ter\u00e7a-feira <\/span><\/strong><\/p>\n<p>\u00a0<\/p>\n<p><strong><span style=\"text-decoration:underline;\">Local: Anfiteatro FZEA \u2013 Laborat\u00f3rio Multim\u00eddia &#8211; Pirassununga<\/span><\/strong><\/p>\n<p>\u00a0<\/p>\n<p>09:30 &#8211; 10:15h<strong> <\/strong>&#8211; Dra. Patr\u00edcia Carvalho<\/p>\n<p>Assessora Jur\u00eddica \u2013 Ag\u00eancia USP Inova\u00e7\u00e3o<\/p>\n<p>\u201cConfec\u00e7\u00e3o de termos de sigilo e de transfer\u00eancia de material\u201d<\/p>\n<p>10:15 \u2013 11:45h \u2013 Dra. Patr\u00edcia Carvalho<\/p>\n<p>Assessora Jur\u00eddica \u2013 Ag\u00eancia USP Inova\u00e7\u00e3o<\/p>\n<p>\u201cConv\u00eanios e Contratos USP: o que o pesquisador precisa saber\u201d<\/p>\n<p>14:30 &#8211; 16:30h<strong> <\/strong>&#8211; Representante Instituto Nac. da Propriedade Industrial &#8211; INPI<\/p>\n<p>\u201cUso da informa\u00e7\u00e3o tecnol\u00f3gica contida nas bases de patentes\u201d<\/p>\n<p><strong><span style=\"text-decoration:underline;\">27.05.09 \u2013 quarta-feira<\/span><\/strong><\/p>\n<p>\u00a0<\/p>\n<p><strong><span style=\"text-decoration:underline;\">Local:\u00a0 Sala de Videoconfer\u00eancia CIAGRI III- \u00a0Piracicaba<\/span><\/strong><\/p>\n<p>\u00a0<\/p>\n<p>10:00 &#8211; 12h<strong> <\/strong>&#8211;\u00a0\u00a0\u00a0 Representante Instituto Nac. da Propriedade Industrial &#8211; INPI<\/p>\n<p>\u201cUso da informa\u00e7\u00e3o tecnol\u00f3gica contida nas bases de patentes\u201d<\/p>\n<p><strong><span style=\"text-decoration:underline;\">Local: Anfiteatro Salim Sim\u00e3o &#8211; Pavilh\u00e3o da\u00a0 Horticultura &#8211;\u00a0 Piracicaba<\/span><\/strong><\/p>\n<p>14:30 &#8211;\u00a0 15:30h &#8211;\u00a0 Dra. Patr\u00edcia Carvalho<\/p>\n<p>Assessora Jur\u00eddica \u2013 Ag\u00eancia USP Inova\u00e7\u00e3o<\/p>\n<p>\u201cConfec\u00e7\u00e3o de termos de sigilo e de transfer\u00eancia de material\u201d<\/p>\n<p>15:45 \u2013 16:30h\u00a0 Dra. Patr\u00edcia Carvalho<\/p>\n<p>Assessora Jur\u00eddica \u2013 Ag\u00eancia USP Inova\u00e7\u00e3o<\/p>\n<p>\u201cConv\u00eanios e Contratos USP: o que o pesquisador precisa \u00a0\u00a0\u00a0saber\u201d<\/p>\n<p>\u00a0<\/p>\n<p>\u00a0<\/p>\n<p>\u00a0<\/p>\n<p><strong><span style=\"text-decoration:underline;\">27.05.09 \u2013 quarta-feira<\/span><\/strong><\/p>\n<p>\u00a0<\/p>\n<p>\u00a0<\/p>\n<p><strong><span style=\"text-decoration:underline;\">Local: Audit\u00f3rio Lucien Lison \u2013 Campus Ribeir\u00e3o Preto<\/span><\/strong><\/p>\n<p>\u00a0<\/p>\n<p align=\"center\">13h30 \u2013 14h30 &#8211; Dra. Vanda Magalh\u00e3es<\/p>\n<p>Gerente de Biotecnologia \u2013 Eurofarma Laborat\u00f3rios Ltda.<\/p>\n<p>\u201cDa pesquisa ao mercado\u201d<\/p>\n<p>14h30 &#8211; 16h30 &#8211; Representante Instituto Nac. da Propriedade Industrial &#8211; INPI<\/p>\n<p>\u201cUso da informa\u00e7\u00e3o tecnol\u00f3gica contida nas bases de patentes\u201d<\/p>\n<p>17:00\u00a0 &#8211; 18h &#8211; Dra. Gisele Guimar\u00e3es Gomes<\/p>\n<p>Examinadora de patentes do INPI<\/p>\n<p>\u201cPatentes e o acesso ao patrim\u00f4nio gen\u00e9tico brasileiro\u201d<\/p>\n<p><strong><span style=\"text-decoration:underline;\">28.05.09 \u2013 quinta-feira<\/span><\/strong><\/p>\n<p>\u00a0<\/p>\n<p><strong><span style=\"text-decoration:underline;\">Local: Audit\u00f3rio Jorge Caron \u2013 Campus S\u00e3o Carlos<\/span><\/strong><\/p>\n<p>\u00a0<\/p>\n<p align=\"center\">10:00 \u2013 11h &#8211;\u00a0 Dra. Patr\u00edcia Tedeschi<\/p>\n<p>Assessora Jur\u00eddica \u2013 Ag\u00eancia USP de Inova\u00e7\u00e3o<\/p>\n<p>\u201cDireitos Autorais: temas atuais e aspectos pr\u00e1ticos\u201d<\/p>\n<p>11:00 \u2013 12h \u2013 Dr. Manoel Pereira dos Santos<\/p>\n<p>Santos e Furriela Advogados<\/p>\n<p>\u201cA import\u00e2ncia da prote\u00e7\u00e3o a programa de computadores\u201d<\/p>\n<p>14:00 \u2013 16h \u2013 Representante Instituto Nac. da Propriedade Industrial &#8211; INPI<\/p>\n<p>\u201cUso da informa\u00e7\u00e3o tecnol\u00f3gica contida nas bases de patentes\u201d<\/p>\n<p><strong><span style=\"text-decoration:underline;\">28.05.09 \u2013 quinta-feira<\/span><\/strong><\/p>\n<p>\u00a0<\/p>\n<p><strong><span style=\"text-decoration:underline;\">Local: Audit\u00f3rio \u2013 Campus Bauru<\/span><\/strong><\/p>\n<p>\u00a0<\/p>\n<p>\u00a0<\/p>\n<p>18:00 \u2013 19h &#8211; Dra. Patr\u00edcia Tedeschi<\/p>\n<p>Assessora Jur\u00eddica Ag\u00eancia USP de Inova\u00e7\u00e3o<\/p>\n<p>\u201cDireitos Autorais: temas atuais e aspectos pr\u00e1ticos\u201d<\/p>\n<p>19:00 \u2013 20h &#8211; Representante Instituto Nac. da Propriedade Industrial &#8211; INPI<\/p>\n<p>\u201cUso da informa\u00e7\u00e3o tecnol\u00f3gica contida nas bases de patentes\u201d<\/p>\n<p><strong><span style=\"text-decoration:underline;\">28.05.09 \u2013 quinta-feira<\/span><\/strong><\/p>\n<p>\u00a0<\/p>\n<p><strong><span style=\"text-decoration:underline;\">Local: Audit\u00f3rio Polo Computacional \u2013 Campus Lorena<\/span><\/strong><\/p>\n<p>\u00a0<\/p>\n<p>\u00a0<\/p>\n<p>19:00 \u2013 20h \u2013\u00a0 Dra. Patr\u00edcia Carvalho<\/p>\n<p>Assessora Jur\u00eddica \u2013 Ag\u00eancia USP Inova\u00e7\u00e3o<\/p>\n<p>\u201cConv\u00eanios e Contratos USP: o que o pesquisador precisa saber\u201d<\/p>\n<p>20:00 &#8211; 22h\u00a0 &#8211; \u00a0Representante Instituto Nac. da Propriedade Industrial &#8211; INPI<\/p>\n<p>\u201cUso da informa\u00e7\u00e3o tecnol\u00f3gica contida nas bases de patentes\u201d<\/p>\n","protected":false},"excerpt":{"rendered":"<p>A Assessoria Jur\u00eddica da Ag\u00eancia USP de Inova\u00e7\u00e3o tem o prazer de convid\u00e1-los para a III Semana USP da Propriedade Intelectual, a ocorrer nos dias 25 a 29 de maio, conforme documento abaixo ou consulta ao site da Ag\u00eancia USP &#8211; www.inovacao.usp.br. III SEMANA USP DA PROPRIEDADE INTELECTUAL \u2013 25 A 29.05.09 \u00a0 \u201cA IMPORT\u00c2NCIA &#8230; <a title=\"III Semana USP da Propriedade Intelectual\" class=\"read-more\" href=\"https:\/\/mundobibliotecario.com.br\/index.php\/2009\/05\/13\/iii-semana-usp-da-propriedade-intelectual\/\" aria-label=\"Read more about III Semana USP da Propriedade Intelectual\">Ler mais<\/a><\/p>\n","protected":false},"author":1,"featured_media":0,"comment_status":"open","ping_status":"open","sticky":false,"template":"","format":"standard","meta":{"_mi_skip_tracking":false,"_exactmetrics_sitenote_active":false,"_exactmetrics_sitenote_note":"","_exactmetrics_sitenote_category":0,"_jetpack_newsletter_access":"","footnotes":""},"categories":[27],"tags":[189,227],"class_list":["post-629","post","type-post","status-publish","format-standard","hentry","category-eventos","tag-propriedade-intelectual","tag-usp"],"jetpack_featured_media_url":"","jetpack_sharing_enabled":true,"jetpack-related-posts":[{"id":415,"url":"https:\/\/mundobibliotecario.com.br\/index.php\/2009\/02\/26\/curso-basico-de-propriedade-intelectual-em-sao-carlos\/","url_meta":{"origin":629,"position":0},"title":"Curso B\u00e1sico de Propriedade Intelectual em S\u00e3o Carlos","author":"mundobibliotecario","date":"26\/02\/2009","format":false,"excerpt":"O objetivo deste curso \u00e9 o de apresentar uma vis\u00e3o atualizada dos mecanismos de prote\u00e7\u00e3o das cria\u00e7\u00f5es intelectuais, enfocando o arcabou\u00e7o legal ora dispon\u00edvel e as atribui\u00e7\u00f5es legais do INPI, com \u00eanfase na sua import\u00e2ncia como agente estrat\u00e9gico no processo prote\u00e7\u00e3o ao conhecimento, contribuindo para a inova\u00e7\u00e3o e o desenvolvimento\u2026","rel":"","context":"Em &quot;Curso&quot;","block_context":{"text":"Curso","link":"https:\/\/mundobibliotecario.com.br\/index.php\/category\/curso\/"},"img":{"alt_text":"","src":"","width":0,"height":0},"classes":[]},{"id":2198,"url":"https:\/\/mundobibliotecario.com.br\/index.php\/2011\/09\/13\/seminario-na-fmusp-discute-a-propriedade-intelectual\/","url_meta":{"origin":629,"position":1},"title":"Semin\u00e1rio na FMUSP discute a propriedade intelectual","author":"mundobibliotecario","date":"13\/09\/2011","format":false,"excerpt":"Fonte: Ag\u00eancia USP - Acontece no dia 15\/09, a partir das 9 horas, o semin\u00e1rio Propriedade Intelectual em Foco, que ser\u00e1 realizado pelo Globo Universidade no Teatro da Faculdade de Medicina da USP (FMUSP). O objetivo do encontro \u00e9 discutir a reforma da Lei de Direitos Autorais, conforme as propostas\u2026","rel":"","context":"Em &quot;Eventos&quot;","block_context":{"text":"Eventos","link":"https:\/\/mundobibliotecario.com.br\/index.php\/category\/eventos\/"},"img":{"alt_text":"","src":"","width":0,"height":0},"classes":[]},{"id":790,"url":"https:\/\/mundobibliotecario.com.br\/index.php\/2009\/08\/06\/unesp-oferece-curso-sobre-propriedade-intelectual\/","url_meta":{"origin":629,"position":2},"title":"Unesp oferece curso sobre propriedade intelectual","author":"mundobibliotecario","date":"06\/08\/2009","format":false,"excerpt":"Ag\u00eancia Unesp de Inova\u00e7\u00e3o oferece dois cursos gratuitos sobre propriedade intelectual para pesquisadores nos campus de Bauru e Araraquara 5\/8\/2009 Ag\u00eancia FAPESP \u2013 A Universidade Estadual Paulista (Unesp) oferece dois cursos gratuitos sobre propriedade intelectual para pesquisadores. O curso \u00e9 direcionado a docentes e p\u00f3s-graduandos da Unesp e de outras\u2026","rel":"","context":"Em &quot;Eventos&quot;","block_context":{"text":"Eventos","link":"https:\/\/mundobibliotecario.com.br\/index.php\/category\/eventos\/"},"img":{"alt_text":"","src":"","width":0,"height":0},"classes":[]},{"id":297,"url":"https:\/\/mundobibliotecario.com.br\/index.php\/2009\/01\/18\/lancamento-revista-criacao\/","url_meta":{"origin":629,"position":3},"title":"Lan\u00e7amento &#8211; Revista Cria\u00e7\u00e3o","author":"mundobibliotecario","date":"18\/01\/2009","format":false,"excerpt":"O Instituto Brasileiro de Propriedade Intelectual - IBPI lan\u00e7a o primeiro n\u00famero de sua revista acad\u00eamica, a Revista Cria\u00e7\u00e3o. Com um Conselho Editorial de doutores de grande express\u00e3o na \u00e1rea de Propriedade Intelectual, a revista se prop\u00f5e a tratar de quest\u00f5es atuais e de quest\u00f5es atuais e de import\u00e2ncia pertinentes\u2026","rel":"","context":"Em &quot;Not\u00edcias&quot;","block_context":{"text":"Not\u00edcias","link":"https:\/\/mundobibliotecario.com.br\/index.php\/category\/noticias\/"},"img":{"alt_text":"","src":"","width":0,"height":0},"classes":[]},{"id":1939,"url":"https:\/\/mundobibliotecario.com.br\/index.php\/2011\/04\/07\/curso-basico-de-propriedade-intelectual-recebe-inscricoes-ate-84-e-sera-realizado-no-nucleo-etc-do-campus-sorocaba\/","url_meta":{"origin":629,"position":4},"title":"Curso b\u00e1sico de Propriedade Intelectual recebe inscri\u00e7\u00f5es at\u00e9 8\/4 e ser\u00e1 realizado no N\u00facleo ETC do campus Sorocaba","author":"mundobibliotecario","date":"07\/04\/2011","format":false,"excerpt":"O Grupo de Estudos e Pesquisas em Inova\u00e7\u00e3o e Transfer\u00eancia Tecnol\u00f3gica (Gepitec), juntamente com a Ag\u00eancia de Inova\u00e7\u00e3o e a Funda\u00e7\u00e3o de Apoio Institucional (FAI) da UFSCar, promovem, em Sorocaba, o curso de Propriedade\u00a0Intelectual - N\u00edvel B\u00e1sico. O evento conta com o apoio do Minist\u00e9rio da Ci\u00eancia e Tecnologia\u00a0 (MCT)\u2026","rel":"","context":"Em &quot;Curso&quot;","block_context":{"text":"Curso","link":"https:\/\/mundobibliotecario.com.br\/index.php\/category\/curso\/"},"img":{"alt_text":"","src":"","width":0,"height":0},"classes":[]},{"id":3600,"url":"https:\/\/mundobibliotecario.com.br\/index.php\/2014\/10\/02\/cnpq-estimula-a-protecao-do-conhecimento-com-nova-politica-de-propriedade-intelectual\/","url_meta":{"origin":629,"position":5},"title":"CNPq estimula a prote\u00e7\u00e3o do conhecimento com nova pol\u00edtica de Propriedade Intelectual","author":"mundobibliotecario","date":"02\/10\/2014","format":false,"excerpt":"As novas regras estimulam a inova\u00e7\u00e3o e facilitam as rela\u00e7\u00f5es entre\u00a0universidades, empresas e pesquisadores. Com a publica\u00e7\u00e3o da Resolu\u00e7\u00e3o Normativa N\u00ba 034, de 01 de setembro de 2014, o Conselho Nacional de Desenvolvimento Cient\u00edfico e Tecnol\u00f3gico (CNPq) estabelece uma nova pol\u00edtica de Propriedade Intelectual, com os objetivos de favorecer o\u2026","rel":"","context":"Em &quot;Not\u00edcias&quot;","block_context":{"text":"Not\u00edcias","link":"https:\/\/mundobibliotecario.com.br\/index.php\/category\/noticias\/"},"img":{"alt_text":"","src":"","width":0,"height":0},"classes":[]}],"jetpack_likes_enabled":true,"jetpack_shortlink":"https:\/\/wp.me\/pcbzwa-a9","_links":{"self":[{"href":"https:\/\/mundobibliotecario.com.br\/index.php\/wp-json\/wp\/v2\/posts\/629","targetHints":{"allow":["GET"]}}],"collection":[{"href":"https:\/\/mundobibliotecario.com.br\/index.php\/wp-json\/wp\/v2\/posts"}],"about":[{"href":"https:\/\/mundobibliotecario.com.br\/index.php\/wp-json\/wp\/v2\/types\/post"}],"author":[{"embeddable":true,"href":"https:\/\/mundobibliotecario.com.br\/index.php\/wp-json\/wp\/v2\/users\/1"}],"replies":[{"embeddable":true,"href":"https:\/\/mundobibliotecario.com.br\/index.php\/wp-json\/wp\/v2\/comments?post=629"}],"version-history":[{"count":0,"href":"https:\/\/mundobibliotecario.com.br\/index.php\/wp-json\/wp\/v2\/posts\/629\/revisions"}],"wp:attachment":[{"href":"https:\/\/mundobibliotecario.com.br\/index.php\/wp-json\/wp\/v2\/media?parent=629"}],"wp:term":[{"taxonomy":"category","embeddable":true,"href":"https:\/\/mundobibliotecario.com.br\/index.php\/wp-json\/wp\/v2\/categories?post=629"},{"taxonomy":"post_tag","embeddable":true,"href":"https:\/\/mundobibliotecario.com.br\/index.php\/wp-json\/wp\/v2\/tags?post=629"}],"curies":[{"name":"wp","href":"https:\/\/api.w.org\/{rel}","templated":true}]}}