{"id":692,"date":"2009-06-13T08:34:48","date_gmt":"2009-06-13T11:34:48","guid":{"rendered":"http:\/\/mundobibliotecario.wordpress.com\/?p=692"},"modified":"2009-06-13T08:34:48","modified_gmt":"2009-06-13T11:34:48","slug":"vaga-para-bibliotecario-area-de-saude","status":"publish","type":"post","link":"https:\/\/mundobibliotecario.com.br\/index.php\/2009\/06\/13\/vaga-para-bibliotecario-area-de-saude\/","title":{"rendered":"Vaga para bibliotec\u00e1rio &#8211; \u00e1rea de sa\u00fade"},"content":{"rendered":"<p>Vaga para Bibliotec\u00e1rio para trabalhar em CEDOC especializado na \u00e1rea de sa\u00fade. Sal\u00e1rio $2000,00 &#8211; sem benef\u00edcios &#8211; Regime de trabalho contratual Local de trabalho pr\u00f3ximo da esta\u00e7\u00e3o J\u00falio Prestes. Enviar curr\u00edculo para <a href=\"mailto:ferezende@yahoo.com\">ferezende@yahoo.com<\/a>\u00a0. A data prevista para contrata\u00e7\u00e3o \u00e9 agosto.<\/p>\n","protected":false},"excerpt":{"rendered":"<p>Vaga para Bibliotec\u00e1rio para trabalhar em CEDOC especializado na \u00e1rea de sa\u00fade. Sal\u00e1rio $2000,00 &#8211; sem benef\u00edcios &#8211; Regime de trabalho contratual Local de trabalho pr\u00f3ximo da esta\u00e7\u00e3o J\u00falio Prestes. Enviar curr\u00edculo para ferezende@yahoo.com\u00a0. A data prevista para contrata\u00e7\u00e3o \u00e9 agosto.<\/p>\n","protected":false},"author":1,"featured_media":0,"comment_status":"open","ping_status":"open","sticky":false,"template":"","format":"standard","meta":{"_mi_skip_tracking":false,"_exactmetrics_sitenote_active":false,"_exactmetrics_sitenote_note":"","_exactmetrics_sitenote_category":0,"_jetpack_newsletter_access":"","footnotes":""},"categories":[195],"tags":[196],"class_list":["post-692","post","type-post","status-publish","format-standard","hentry","category-emprego","tag-vaga-para-bibliotecario"],"jetpack_featured_media_url":"","jetpack_sharing_enabled":true,"jetpack-related-posts":[{"id":3913,"url":"https:\/\/mundobibliotecario.com.br\/index.php\/2015\/09\/09\/vaga-para-bibliotecario-em-paracatu-mg\/","url_meta":{"origin":692,"position":0},"title":"Vaga para bibliotec\u00e1rio em Paracatu (MG)","author":"mundobibliotecario","date":"09\/09\/2015","format":false,"excerpt":"Vaga para Bibliotec\u00e1rio\/a Descri\u00e7\u00e3o: Requisito: Gradua\u00e7\u00e3o em Biblioteconomia. Experi\u00eancia na \u00e1rea Hor\u00e1rio de trabalho: 44h\/semana. Local: Paracatu\/MG CV para o email: cynthiajviana@gmail.com No assunto do email, favor colocar: \u201cVaga Biblioteconomia\u201d *** Contribui\u00e7\u00e3o de Marcus Bonato Filho","rel":"","context":"Em &quot;Emprego&quot;","block_context":{"text":"Emprego","link":"https:\/\/mundobibliotecario.com.br\/index.php\/category\/emprego\/"},"img":{"alt_text":"","src":"","width":0,"height":0},"classes":[]},{"id":3738,"url":"https:\/\/mundobibliotecario.com.br\/index.php\/2015\/06\/10\/vaga-de-bibliotecario-de-referencia-em-biblioteca-universitaria\/","url_meta":{"origin":692,"position":1},"title":"Vaga de Bibliotec\u00e1rio de Refer\u00eancia em Biblioteca Universit\u00e1ria","author":"mundobibliotecario","date":"10\/06\/2015","format":false,"excerpt":"REQUISITOS PARA A VAGA de Bibliotec\u00e1rio de Refer\u00eancia Forma\u00e7\u00e3o: - Gradua\u00e7\u00e3o em Biblioteconomia\/Ci\u00eancia da Informa\u00e7\u00e3o, com p\u00f3s gradua\u00e7\u00e3o na \u00e1rea ou \u00e1reas afins; - Ingl\u00eas intermedi\u00e1rio\/avan\u00e7ado; - Experi\u00eancia de pelo menos 3 anos como \u2018bibliotec\u00e1rio de refer\u00eancia\u2019 em Biblioteca Universit\u00e1ria Compet\u00eancias: - Excelente comunica\u00e7\u00e3o escrita e oral; - Capacidade de\u2026","rel":"","context":"Em &quot;Emprego&quot;","block_context":{"text":"Emprego","link":"https:\/\/mundobibliotecario.com.br\/index.php\/category\/emprego\/"},"img":{"alt_text":"","src":"","width":0,"height":0},"classes":[]},{"id":2437,"url":"https:\/\/mundobibliotecario.com.br\/index.php\/2012\/02\/08\/vaga-para-bibliotecario-na-empresa-documentar\/","url_meta":{"origin":692,"position":2},"title":"Vaga para bibliotec\u00e1rio na empresa Documentar","author":"mundobibliotecario","date":"08\/02\/2012","format":false,"excerpt":"Vaga: Bibliotec\u00e1rio. Local: Paul\u00ednia \u2013 Replan. Contrata\u00e7\u00e3o: Tempor\u00e1rio ( cobertura de licen\u00e7a maternidade). Hor\u00e1rio: 08:00 \u00e0s 17:00. In\u00edcio: imediato. \u00a0 Requisito: Experi\u00eancia em base de dados nacionais e estrangeiras. Ingl\u00eas intermedi\u00e1rio\/ Avan\u00e7ado. Forma\u00e7\u00e3o em Biblioteconomia e registro no CRB. \u00a0 Benef\u00edcios: Plano de sa\u00fade, VT, VR \u2013 14,00\/ dia. Plano\u2026","rel":"","context":"Em &quot;Emprego&quot;","block_context":{"text":"Emprego","link":"https:\/\/mundobibliotecario.com.br\/index.php\/category\/emprego\/"},"img":{"alt_text":"","src":"","width":0,"height":0},"classes":[]},{"id":4522,"url":"https:\/\/mundobibliotecario.com.br\/index.php\/2017\/05\/08\/vaga-de-bibliotecario\/","url_meta":{"origin":692,"position":3},"title":"Vaga de bibliotec\u00e1rio","author":"mundobibliotecario","date":"08\/05\/2017","format":false,"excerpt":"Contribui\u00e7\u00e3o de Ederly (Real Parceria) *** Estamos com \u00a0uma\u00a0 oportunidade para a vaga de Bibliotec\u00e1rio \u2013 Tempor\u00e1rio \u00a0para a Regi\u00e3o de Alum\u00ednio (SP). Pe\u00e7o a gentileza, se puder, divulgar para os Profissionais da \u00c1rea. Falar com Ederly 11-4335-6755 ou encaminhar o curr\u00edculo para ederly@realparceria.com.br","rel":"","context":"Em &quot;Emprego&quot;","block_context":{"text":"Emprego","link":"https:\/\/mundobibliotecario.com.br\/index.php\/category\/emprego\/"},"img":{"alt_text":"","src":"","width":0,"height":0},"classes":[]},{"id":1422,"url":"https:\/\/mundobibliotecario.com.br\/index.php\/2010\/08\/23\/vaga-e-concurso-para-bibliotecario\/","url_meta":{"origin":692,"position":4},"title":"Vaga e concurso para bibliotec\u00e1rio","author":"mundobibliotecario","date":"23\/08\/2010","format":false,"excerpt":"1 vaga para Arquivista para SP (n\u00edvel superior) 1 vaga para Bibliotec\u00e1rio para centro de SP (n\u00edvel superior) 1 vaga para t\u00e9cnico em biblioteconomia 1 vaga para auxiliar de arquivo. 1 profissional com conhecimentos em PHP - aut\u00f4nomo Enviar cv com pretens\u00e3o para maria@organizarte.com.br ou daniela@organizarte.com.br informando a vaga pretendida.\u2026","rel":"","context":"Em &quot;Concurso&quot;","block_context":{"text":"Concurso","link":"https:\/\/mundobibliotecario.com.br\/index.php\/category\/concurso\/"},"img":{"alt_text":"","src":"","width":0,"height":0},"classes":[]},{"id":667,"url":"https:\/\/mundobibliotecario.com.br\/index.php\/2009\/06\/02\/bibliotecario-1-vaga\/","url_meta":{"origin":692,"position":5},"title":"Bibliotec\u00e1rio (1 vaga)","author":"mundobibliotecario","date":"02\/06\/2009","format":false,"excerpt":"Col\u00e9gio Spinosa Sao Paulo-SP De R$ 1.001,00 a R$ 2.000,00 Aux\u00edlio aos alunos nos trabalhos escolares, dom\u00ednio em inform\u00e1tica e cataloga\u00e7\u00e3o de livros, jornais e revistas. Superior completo. Benef\u00edcios: Cesta b\u00e1sica, Seguro de vida em grupo, Vale-transporte Regime de contrata\u00e7\u00e3o: CLT (Efetivo) Hor\u00e1rio: De 2\u00aa a 6\u00aa feira das 8h\u2026","rel":"","context":"Em &quot;Emprego&quot;","block_context":{"text":"Emprego","link":"https:\/\/mundobibliotecario.com.br\/index.php\/category\/emprego\/"},"img":{"alt_text":"","src":"","width":0,"height":0},"classes":[]}],"jetpack_likes_enabled":true,"jetpack_shortlink":"https:\/\/wp.me\/pcbzwa-ba","_links":{"self":[{"href":"https:\/\/mundobibliotecario.com.br\/index.php\/wp-json\/wp\/v2\/posts\/692","targetHints":{"allow":["GET"]}}],"collection":[{"href":"https:\/\/mundobibliotecario.com.br\/index.php\/wp-json\/wp\/v2\/posts"}],"about":[{"href":"https:\/\/mundobibliotecario.com.br\/index.php\/wp-json\/wp\/v2\/types\/post"}],"author":[{"embeddable":true,"href":"https:\/\/mundobibliotecario.com.br\/index.php\/wp-json\/wp\/v2\/users\/1"}],"replies":[{"embeddable":true,"href":"https:\/\/mundobibliotecario.com.br\/index.php\/wp-json\/wp\/v2\/comments?post=692"}],"version-history":[{"count":0,"href":"https:\/\/mundobibliotecario.com.br\/index.php\/wp-json\/wp\/v2\/posts\/692\/revisions"}],"wp:attachment":[{"href":"https:\/\/mundobibliotecario.com.br\/index.php\/wp-json\/wp\/v2\/media?parent=692"}],"wp:term":[{"taxonomy":"category","embeddable":true,"href":"https:\/\/mundobibliotecario.com.br\/index.php\/wp-json\/wp\/v2\/categories?post=692"},{"taxonomy":"post_tag","embeddable":true,"href":"https:\/\/mundobibliotecario.com.br\/index.php\/wp-json\/wp\/v2\/tags?post=692"}],"curies":[{"name":"wp","href":"https:\/\/api.w.org\/{rel}","templated":true}]}}