{"id":699,"date":"2009-06-18T09:43:29","date_gmt":"2009-06-18T12:43:29","guid":{"rendered":"http:\/\/mundobibliotecario.wordpress.com\/?p=699"},"modified":"2009-06-18T09:43:29","modified_gmt":"2009-06-18T12:43:29","slug":"um-leitor-incansavel","status":"publish","type":"post","link":"https:\/\/mundobibliotecario.com.br\/index.php\/2009\/06\/18\/um-leitor-incansavel\/","title":{"rendered":"Um leitor incans\u00e1vel"},"content":{"rendered":"<div>Em meio aos quase 100 mil t\u00edtulos da biblioteca do empres\u00e1rio e  colecionador Jos\u00e9 Mindlin est\u00e1 um trabalhador acuado. Envolvido pela maior  cole\u00e7\u00e3o particular do Pa\u00eds, segura cuidadosamente um livro. L\u00ea, escaneia e vira  p\u00e1gina por p\u00e1gina, com delicadeza e rapidez. H\u00e1 quase dois meses repete  incansavelmente a rotina. Por suas m\u00e3os j\u00e1 passaram exemplares raros, originais  de Machado de Assis, Jos\u00e9 de Alencar e Joaquim Manoel de Macedo. Serm\u00f5es do  Padre Ant\u00f4nio Vieira ou gravuras de Jean-Baptiste Debret. Edi\u00e7\u00f5es rar\u00edssimas,  todas fora de cat\u00e1logo ou praticamente in\u00e9ditas no Pa\u00eds, reunidas por Jos\u00e9  Mindlin desde os 13 anos de idade.<\/p>\n<p>Tamanho cuidado e precis\u00e3o s\u00e3o  necess\u00e1rios. O trabalho delicado \u00e9 o passo inicial para a realiza\u00e7\u00e3o do projeto  de digitaliza\u00e7\u00e3o da Biblioteca Brasiliana Guita e Jos\u00e9 Mindlin, acervo de quase  17 mil t\u00edtulos que pertencia ao bibli\u00f3filo e foi doado \u00e0 Universidade de S\u00e3o  Paulo em 2006. Esta pequena, por\u00e9m suntuosa, parte de seus livros, antes  restrita, ganha lugar na internet a partir da semana que vem. O trabalhador  citado anteriormente, respons\u00e1vel pela transfer\u00eancia das obras para o  computador, \u00e9 um rob\u00f4 de Nova York.<br \/>\nIn\u00e9dito na Am\u00e9rica Latina, o Kirtas APT  2.400 BookScan custa cerca de 220 mil d\u00f3lares e foi uma aposta da Funda\u00e7\u00e3o de  Amparo \u00e0 Pesquisa de S\u00e3o Paulo (Fapesp), que doou o equipamento \u00e0 universidade e  trabalha em parceria com ela. Especializado em digitaliza\u00e7\u00e3o de livros  encadernados, o scanner robotizado \u00e9 capaz de ler 2.400 p\u00e1ginas por hora. Um  livro de 300 p\u00e1ginas, por exemplo, pode ser transferido para um computador em  meros oito minutos.<\/p>\n<p>Uma vez digitalizado, o conte\u00fado do livro \u00e9  acessado pela equipe de pesquisadores e operadores da USP por meio de soft-wares  livres e customizados. O grupo organiza o material para disponibiliza\u00e7\u00e3o on-line  em uma p\u00e1gina com acesso irrestrito. Assim, mapas, manuscritos, gravuras e  textos antigos passam a ser propriedade n\u00e3o s\u00f3 da universidade, mas de quem  quiser, gratuitamente, em casa, imprimir, copiar ou consultar os arquivos.  Selecionar, recortar e buscar palavras em textos, da maneira que lhe for  apropriada. Sem pagamentos ou senhas, o acesso a obras de dom\u00ednio p\u00fablico que,  normalmente, pouco s\u00e3o tocadas nas prateleiras das bibliotecas tradicionais,  torna-se universal.<\/p>\n<p>O projeto \u00e9 grandioso e pretende atingir n\u00e3o s\u00f3  a Brasiliana de Mindlin, mas outras bibliotecas da universidade, como as dos  cursos de Direito e Filosofia. A fase atual \u00e9 de experimenta\u00e7\u00e3o. A partir da  pr\u00f3xima semana, estar\u00e1 disponibilizada uma pequena amostra, cerca de 5 mil  t\u00edtulos, do que poder\u00e1 ser um dos maiores acervos on-line do mundo. O endere\u00e7o  digital (http:\/\/brasiliana.usp.br\/) ser\u00e1 lan\u00e7ado durante o Semin\u00e1rio Mindlin  2009, que acontece entre os dias 16 e 18 de junho no Museu de Arte de S\u00e3o Paulo.  Entre os convidados estar\u00e1 Beatriz Haspo, respons\u00e1vel pela divis\u00e3o de cole\u00e7\u00f5es,  acesso e empr\u00e9stimo da exemplar e monumental Biblioteca do Congresso americano.  Jean- Claude Gued\u00f3n, professor da Universidade de Montreal, no Canad\u00e1, vem para  falar sobre as pol\u00edticas de digitaliza\u00e7\u00e3o, assunto no qual \u00e9 considerado uma  autoridade.<\/p>\n<p>Coordenada pelos historiadores e professores da USP Istv\u00e1n  Jancs\u00f3 e Pedro Puntoni, a Brasiliana Digital tem a ambi\u00e7\u00e3o de se equiparar aos  grandes acervos mundiais. &#8220;Esta revolu\u00e7\u00e3o tecnol\u00f3gica, a digitaliza\u00e7\u00e3o  robotizada, tem permitido um ganho de velocidade de processamento. A t\u00e9cnica  est\u00e1 por tr\u00e1s dos grandes projetos internacionais, como o Google Books&#8221;, diz o  professor Puntoni, citando o bem-sucedido modelo de acervo on-line gratuito  pertencente ao maior site de buscas do mundo.<\/p>\n<p>&#8220;A ideia do projeto \u00e9  tornar a vida do usu\u00e1-rio mais f\u00e1cil. Esta vers\u00e3o \u00e9 um teste, mas queremos  receber os coment\u00e1rios e aperfei\u00e7o\u00e1-la, deix\u00e1-la mais est\u00e1vel. A inclus\u00e3o  digital n\u00e3o pode servir s\u00f3 para navegar no Orkut&#8221;, afirma Puntoni, diretor da  Biblioteca Brasiliana Guita e Jos\u00e9 Mindlin. A fase piloto, que se estende at\u00e9  2010, pretende disponibilizar cerca de 10 mil t\u00edtulos.<\/p>\n<p>A  import\u00e2ncia do empreendimento vai al\u00e9m da pesquisa. O conte\u00fado deve ser  entendido como instrumento para fortalecer a educa\u00e7\u00e3o nacional, j\u00e1 que pode  auxiliar na produ\u00e7\u00e3o de material did\u00e1tico para todos os n\u00edveis escolares. Serve  ao n\u00edvel fundamental da mesma maneira que pode auxiliar as an\u00e1lises avan\u00e7adas na  \u00e1rea de humanidades. &#8220;\u00c9 um acervo em crescimento, estendido a todos os que  tiverem interesse e conex\u00e3o&#8221;, diz o professor Jancs\u00f3.<\/p>\n<p>A consulta  irrestrita via web a material bibliogr\u00e1fico t\u00e3o vasto ajuda, sobretudo, a manter  duas fun\u00e7\u00f5es fundamentais de um acervo, o acesso da popula\u00e7\u00e3o ao conte\u00fado e a  preserva\u00e7\u00e3o hist\u00f3rica. Ironicamente, essas fun\u00e7\u00f5es tendem a se chocar. Como  permitir o manuseio de conte\u00fa-do t\u00e3o raro e ao mesmo tempo conserv\u00e1-lo em  perfeitas condi\u00e7\u00f5es? Muitas vezes, por se preocuparem mais com a segunda fun\u00e7\u00e3o,  bibliotecas restringem o acesso a preciosidades. Um toque descuidado, um peda\u00e7o  amassado ou um risco sobre o papel podem destruir pe\u00e7as de valor cultural e  financeiro alt\u00edssimo.<\/p>\n<p>Assim como obras de arte, muitos livros  conservados ao longo dos anos se transformam em objetos para ser vistos, n\u00e3o  tocados. A tecnologia, que reproduz o livro em fac-s\u00edmile virtual, anular\u00e1 esse  impedimento. &#8220;Em termos de solu\u00e7\u00e3o t\u00e9cnica, \u00e9 o que h\u00e1 de mais moderno. Queremos  chegar em 2012 com 100 mil objetos digitais de toda a universidade&#8221;, almeja o  professor Jancs\u00f3.<\/p>\n<p>A casa de Mindlin \u00e9, contudo, uma estada tempor\u00e1ria  para o equipamento. J\u00e1 est\u00e1 em fase de constru\u00e7\u00e3o, dentro do campus da USP, o  pr\u00e9dio que abrigar\u00e1 a cole\u00e7\u00e3o, tamb\u00e9m de acesso irrestrito. O projeto, assinado  pelo neto de Mindlin, Rodrigo Loeb, foi pensado para abrigar os 17 mil t\u00edtulos  em tr\u00eas grandes andares circulares. Destaque de protagonista \u00e0 cole\u00e7\u00e3o.  Laborat\u00f3rios e centros de pesquisa voltados \u00e0 \u00e1rea de preserva\u00e7\u00e3o tamb\u00e9m devem  ser instalados ali. Formar\u00e3o a nova moradia do trabalhador rob\u00f4, que deixar\u00e1 a  biblioteca pessoal de Mindlin.<\/p>\n<p>O bibli\u00f3filo de 94 anos  maravilhou-se com a tecnologia no centro de sua sala. &#8220;Realmente, n\u00e3o tinha  pensado que chegaria a esse ponto&#8221;, diz. &#8220;O que est\u00e1 sendo feito aqui \u00e9 s\u00f3 o  come\u00e7o de um processo bastante longo e interessante. Mas duvido que, na idade em  que estou, possa ver o projeto conclu\u00eddo.&#8221;<\/p><\/div>\n<div>\nSe plenamente concretizada, a  Brasiliana Digital poder\u00e1 ser modelo de uma futura estrutura nacional, que  interligue institui\u00e7\u00f5es p\u00fablicas e privadas. Al\u00e9m de dar ao Brasil posi\u00e7\u00e3o de  destaque no meio, resgatar\u00e1 aos brasileiros parte da hist\u00f3ria da literatura que  pode n\u00e3o estar esquecida, mas, por certo, muito longe da acessibilidade.<\/div>\n<div><\/div>\n<div>Fonte:<\/p>\n<div><span style=\"font-family:Arial;font-size:x-small;\"><a href=\"http:\/\/www.cartacapital.com.br\/app\/materia.jsp?a=2&amp;a2=10&amp;i=4288\">http:\/\/www.cartacapital.com.br\/app\/materia.jsp?a=2&amp;a2=10&amp;i=428<\/a><\/span><\/div>\n<div><\/div>\n<div><span style=\"font-family:Arial;font-size:x-small;\">Acesso em: 18 jun. 2009.<br \/>\n<\/span><\/div>\n<div><\/div>\n<\/div>\n","protected":false},"excerpt":{"rendered":"<p>Em meio aos quase 100 mil t\u00edtulos da biblioteca do empres\u00e1rio e colecionador Jos\u00e9 Mindlin est\u00e1 um trabalhador acuado. Envolvido pela maior cole\u00e7\u00e3o particular do Pa\u00eds, segura cuidadosamente um livro. L\u00ea, escaneia e vira p\u00e1gina por p\u00e1gina, com delicadeza e rapidez. H\u00e1 quase dois meses repete incansavelmente a rotina. Por suas m\u00e3os j\u00e1 passaram exemplares &#8230; <a title=\"Um leitor incans\u00e1vel\" class=\"read-more\" href=\"https:\/\/mundobibliotecario.com.br\/index.php\/2009\/06\/18\/um-leitor-incansavel\/\" aria-label=\"Read more about Um leitor incans\u00e1vel\">Ler mais<\/a><\/p>\n","protected":false},"author":1,"featured_media":0,"comment_status":"open","ping_status":"open","sticky":false,"template":"","format":"standard","meta":{"_mi_skip_tracking":false,"_exactmetrics_sitenote_active":false,"_exactmetrics_sitenote_note":"","_exactmetrics_sitenote_category":0,"_jetpack_newsletter_access":"","footnotes":""},"categories":[60],"tags":[407,408,409,227],"class_list":["post-699","post","type-post","status-publish","format-standard","hentry","category-noticias","tag-biblioteca-brasiliana-guita-e-jose-mindlin","tag-brasiliana-digital","tag-digitalizacao-robotizada","tag-usp"],"jetpack_featured_media_url":"","jetpack_sharing_enabled":true,"jetpack-related-posts":[{"id":5329,"url":"https:\/\/mundobibliotecario.com.br\/index.php\/2019\/10\/03\/2a-jornada-estagio-e-pesquisa-na-biblioteca-brasiliana\/","url_meta":{"origin":699,"position":0},"title":"2\u00aa Jornada &#8211; Est\u00e1gio e Pesquisa na Biblioteca Brasiliana","author":"mundobibliotecario","date":"03\/10\/2019","format":false,"excerpt":"Ag\u00eancia FAPESP\u00a0\u2013 A Biblioteca Brasiliana Guita e Jos\u00e9 Mindlin (BBM) da Universidade de S\u00e3o Paulo (USP) organiza sua 2\u00aa Jornada - Est\u00e1gio e Pesquisa no dia 4 de outubro de 2019, em S\u00e3o Paulo. O evento reunir\u00e1 pesquisadores, bolsistas e estagi\u00e1rios que atualmente participam nos projetos da biblioteca para reiterar\u2026","rel":"","context":"Em &quot;Not\u00edcias&quot;","block_context":{"text":"Not\u00edcias","link":"https:\/\/mundobibliotecario.com.br\/index.php\/category\/noticias\/"},"img":{"alt_text":"","src":"","width":0,"height":0},"classes":[]},{"id":1135,"url":"https:\/\/mundobibliotecario.com.br\/index.php\/2010\/03\/02\/a-morte-de-um-guardiao-da-historia\/","url_meta":{"origin":699,"position":1},"title":"A morte de um guardi\u00e3o da hist\u00f3ria","author":"mundobibliotecario","date":"02\/03\/2010","format":false,"excerpt":"Sua rara cole\u00e7\u00e3o Brasiliana \u00e9 a mais completa reuni\u00e3o de livros e documentos sobre a forma\u00e7\u00e3o do Pa\u00eds Antonio Gon\u00e7alves Filho O ex-libris de Jos\u00e9 Mindlin, selo pessoal que o bibli\u00f3filo colocou em sua cole\u00e7\u00e3o de livros raros, n\u00e3o poderia identificar melhor quem foi o empres\u00e1rio, intelectual e acad\u00eamico morto\u2026","rel":"","context":"Em &quot;Not\u00edcias&quot;","block_context":{"text":"Not\u00edcias","link":"https:\/\/mundobibliotecario.com.br\/index.php\/category\/noticias\/"},"img":{"alt_text":"ALEGRIA - Mindlin conversa com crian\u00c3\u00a7as sobre livros e leitura em Livraria de S\u00c3\u00a3o Paulo, em outubro de 2007","src":"https:\/\/i0.wp.com\/mundobibliotecario.hospedagemdesites.ws\/wp-content\/uploads\/2010\/03\/7_13_imagem_mindin.jpg?resize=350%2C200","width":350,"height":200},"classes":[]},{"id":1761,"url":"https:\/\/mundobibliotecario.com.br\/index.php\/2011\/02\/17\/bibliographia-brasiliana\/","url_meta":{"origin":699,"position":2},"title":"Bibliographia Brasiliana","author":"mundobibliotecario","date":"17\/02\/2011","format":false,"excerpt":"15\/02\/2011 Livro que cataloga e comenta obras raras sobre Hist\u00f3ria do Brasil \u00e9 lan\u00e7ado em portugu\u00eas. Edi\u00e7\u00e3o original foi escrita em ingl\u00eas por um brasileiro, em 1958 Mais de 50 anos ap\u00f3s seu lan\u00e7amento, a \"Bibliographia Brasiliana\" chega \u00e0s livrarias de todo o pa\u00eds, traduzida pela primeira vez para o\u2026","rel":"","context":"Em &quot;Not\u00edcias&quot;","block_context":{"text":"Not\u00edcias","link":"https:\/\/mundobibliotecario.com.br\/index.php\/category\/noticias\/"},"img":{"alt_text":"","src":"","width":0,"height":0},"classes":[]},{"id":2864,"url":"https:\/\/mundobibliotecario.com.br\/index.php\/2013\/02\/10\/biblioteca-brasiliana-tera-de-aprender-a-ser-publica\/","url_meta":{"origin":699,"position":3},"title":"Biblioteca Brasiliana ter\u00e1 de aprender a ser p\u00fablica","author":"mundobibliotecario","date":"10\/02\/2013","format":false,"excerpt":"Al\u00e9m das veda\u00e7\u00f5es dos direitos autorais \u00e0 divulga\u00e7\u00e3o de conte\u00fado na internet e das catracas defendidas pela seguran\u00e7a, a nova biblioteca poder\u00e1 enfrentar uma terceira limita\u00e7\u00e3o: a econ\u00f4mica. Cole\u00e7\u00e3o doada por Jos\u00e9 Mindlin \u00e0 USP em 2006 \u00e9 transferida ao pr\u00e9dio definitivo Enquanto pertenceu aos Mindlin, o que definia o\u2026","rel":"","context":"Em &quot;Not\u00edcias&quot;","block_context":{"text":"Not\u00edcias","link":"https:\/\/mundobibliotecario.com.br\/index.php\/category\/noticias\/"},"img":{"alt_text":"","src":"","width":0,"height":0},"classes":[]},{"id":2499,"url":"https:\/\/mundobibliotecario.com.br\/index.php\/2012\/03\/17\/memoria-informacao\/","url_meta":{"origin":699,"position":4},"title":"Mem\u00f3ria e Informa\u00e7\u00e3o","author":"mundobibliotecario","date":"17\/03\/2012","format":false,"excerpt":"O projeto Mem\u00f3ria & Informa\u00e7\u00e3o, que promove palestras sobre estudos e pesquisas\u00a0nas \u00e1reas de mem\u00f3ria, documenta\u00e7\u00e3o, preserva\u00e7\u00e3o e informa\u00e7\u00e3o, est\u00e1 de volta\u00a0em seu 9\u00ba ano de atividades. No dia 21 de mar\u00e7o, \u00e0s 14h30, a s\u00e9rie receber\u00e1 o\u00a0professor doutor Pedro Puntoni, que ministrar\u00e1 a palestra \"Plataforma Corisco: um\u00a0novo tema para\u2026","rel":"","context":"Em &quot;Eventos&quot;","block_context":{"text":"Eventos","link":"https:\/\/mundobibliotecario.com.br\/index.php\/category\/eventos\/"},"img":{"alt_text":"","src":"","width":0,"height":0},"classes":[]},{"id":2333,"url":"https:\/\/mundobibliotecario.com.br\/index.php\/2011\/12\/03\/congresso-internacional-sibiusp-30-anos-o-futuro-do-conhecimento-universal-iv\/","url_meta":{"origin":699,"position":5},"title":"Congresso Internacional SIBiUSP 30 anos: O Futuro do Conhecimento Universal (IV)","author":"mundobibliotecario","date":"03\/12\/2011","format":false,"excerpt":"A quarta e \u00faltima mesa-redonda do evento, cujo tema foi \"O futuro das bibliotecas digitais\" e coordenada pela Diretora do Sistema Integrado de Bibliotecas da USP, Sueli Mara Soares Pinto Ferreira, apontou o estado atual de iniciativas nacionais e internacionais, assim como tend\u00eancias para os pr\u00f3ximos anos. A primeira apresenta\u00e7\u00e3o,\u00a0intitulada\u2026","rel":"","context":"Em &quot;Eventos&quot;","block_context":{"text":"Eventos","link":"https:\/\/mundobibliotecario.com.br\/index.php\/category\/eventos\/"},"img":{"alt_text":"","src":"","width":0,"height":0},"classes":[]}],"jetpack_likes_enabled":true,"jetpack_shortlink":"https:\/\/wp.me\/pcbzwa-bh","_links":{"self":[{"href":"https:\/\/mundobibliotecario.com.br\/index.php\/wp-json\/wp\/v2\/posts\/699","targetHints":{"allow":["GET"]}}],"collection":[{"href":"https:\/\/mundobibliotecario.com.br\/index.php\/wp-json\/wp\/v2\/posts"}],"about":[{"href":"https:\/\/mundobibliotecario.com.br\/index.php\/wp-json\/wp\/v2\/types\/post"}],"author":[{"embeddable":true,"href":"https:\/\/mundobibliotecario.com.br\/index.php\/wp-json\/wp\/v2\/users\/1"}],"replies":[{"embeddable":true,"href":"https:\/\/mundobibliotecario.com.br\/index.php\/wp-json\/wp\/v2\/comments?post=699"}],"version-history":[{"count":0,"href":"https:\/\/mundobibliotecario.com.br\/index.php\/wp-json\/wp\/v2\/posts\/699\/revisions"}],"wp:attachment":[{"href":"https:\/\/mundobibliotecario.com.br\/index.php\/wp-json\/wp\/v2\/media?parent=699"}],"wp:term":[{"taxonomy":"category","embeddable":true,"href":"https:\/\/mundobibliotecario.com.br\/index.php\/wp-json\/wp\/v2\/categories?post=699"},{"taxonomy":"post_tag","embeddable":true,"href":"https:\/\/mundobibliotecario.com.br\/index.php\/wp-json\/wp\/v2\/tags?post=699"}],"curies":[{"name":"wp","href":"https:\/\/api.w.org\/{rel}","templated":true}]}}