{"id":7586,"date":"2020-07-23T16:00:00","date_gmt":"2020-07-23T19:00:00","guid":{"rendered":"http:\/\/mundobibliotecario.com.br\/?p=7586"},"modified":"2020-07-23T15:27:08","modified_gmt":"2020-07-23T18:27:08","slug":"relatorio-da-unesco-sobre-museus-ao-redor-do-mundo-em-face-do-covid-19-esta-disponivel-online","status":"publish","type":"post","link":"https:\/\/mundobibliotecario.com.br\/index.php\/2020\/07\/23\/relatorio-da-unesco-sobre-museus-ao-redor-do-mundo-em-face-do-covid-19-esta-disponivel-online\/","title":{"rendered":"Relat\u00f3rio da UNESCO sobre museus ao redor do mundo em face do COVID-19 est\u00e1 dispon\u00edvel online"},"content":{"rendered":"\n<p>A UNESCO lan\u00e7ou um novo <a href=\"https:\/\/unesdoc.unesco.org\/ark:\/48223\/pf0000373530\" target=\"_blank\" aria-label=\"undefined (opens in a new tab)\" rel=\"noreferrer noopener\">relat\u00f3rio sobre museus ao redor do mundo em face do COVID-19<\/a>, fruto de uma pesquisa internacional direcionada a museus, profissionais da cultura e Estados-Membros.<\/p>\n\n\n\n<p>Este relat\u00f3rio, apresentando uma primeira avalia\u00e7\u00e3o do impacto do COVID-19 no setor de museus, lan\u00e7a uma nova luz sobre as principais tend\u00eancias dos museus do mundo, sua rea\u00e7\u00e3o diante da crise, sua capacidade de resili\u00eancia e os desafios de acessar cultura.<\/p>\n\n\n\n<p>O estudo revela que o n\u00famero de museus \u00e9 estimado em cerca de 95.000 em 2020, o que representa um aumento de 60% em rela\u00e7\u00e3o a 2012. No entanto, eles s\u00e3o muito desigualmente distribu\u00eddos pelo mundo. Os museus foram particularmente afetados pela pandemia, pois 90% deles fecharam suas portas durante a crise e, de acordo com o Conselho Internacional de Museus (ICOM), mais de 10% podem nunca reabrir. Diante da crise, os museus agiram rapidamente para desenvolver sua presen\u00e7a na Internet. No entanto, a divis\u00e3o digital \u00e9 mais evidente do que nunca: apenas 5% dos museus na \u00c1frica e nos Pequenos Estados Insulares em Desenvolvimento (SIDS) foram capazes de propor conte\u00fado online.<\/p>\n\n\n\n<p>\u201cEste relat\u00f3rio n\u00e3o apenas fornece uma melhor compreens\u00e3o do impacto da pandemia de COVID-19 nas institui\u00e7\u00f5es museol\u00f3gicas e dos desafios que eles enfrentar\u00e3o ap\u00f3s a crise da sa\u00fade, mas tamb\u00e9m explora as formas de apoiar os museus ap\u00f3s a crise\u201d, declarou Audrey Azoulay, Diretor Geral da UNESCO. &#8220;H\u00e1 uma necessidade urgente de fortalecer pol\u00edticas que apoiem \u200b\u200besse setor, que desempenha um papel essencial em nossas sociedades para a dissemina\u00e7\u00e3o da cultura, educa\u00e7\u00e3o, coes\u00e3o social e apoio \u00e0 economia criativa&#8221;.<\/p>\n\n\n\n<p>Com o objetivo de reunir informa\u00e7\u00f5es sobre como o surto em curso de COVID-19 afeta o setor cultural, o Conselho Internacional de Museus (ICOM) lan\u00e7ou uma pesquisa global para analisar o impacto das medidas de quarentena. O <a href=\"https:\/\/icom.museum\/en\/news\/museums-museum-professionals-and-covid-19-survey-results\/\" target=\"_blank\" aria-label=\"undefined (opens in a new tab)\" rel=\"noreferrer noopener\">relat\u00f3rio do ICOM<\/a> fornece informa\u00e7\u00f5es sobre a situa\u00e7\u00e3o dos museus e sua equipe, o impacto econ\u00f4mico previsto, a digitaliza\u00e7\u00e3o e a comunica\u00e7\u00e3o, a seguran\u00e7a dos museus e a conserva\u00e7\u00e3o de cole\u00e7\u00f5es e a situa\u00e7\u00e3o dos profissionais independentes dos museus.<\/p>\n\n\n\n<p>Essa reflex\u00e3o comum e a coopera\u00e7\u00e3o interinstitucional fornecem dados atualizados sobre museus e institui\u00e7\u00f5es museol\u00f3gicas, que s\u00e3o ainda mais importantes neste per\u00edodo de desafio global trazido pela COVID-19.<\/p>\n\n\n\n<h4 class=\"wp-block-heading\">Este texto \u00e9 uma tradu\u00e7\u00e3o livre da not\u00edcia <a aria-label=\"undefined (opens in a new tab)\" href=\"https:\/\/en.unesco.org\/news\/launch-unesco-report-museums-around-world-face-covid-19\" target=\"_blank\" rel=\"noreferrer noopener\">Launch of UNESCO Report on museums around the world in the face of COVID-19<\/a>, acessada em 23 de julho de 2020.<\/h4>\n","protected":false},"excerpt":{"rendered":"<p>A UNESCO lan\u00e7ou um novo relat\u00f3rio sobre museus ao redor do mundo em face do COVID-19, fruto de uma pesquisa internacional direcionada a museus, profissionais da cultura e Estados-Membros. Este relat\u00f3rio, apresentando uma primeira avalia\u00e7\u00e3o do impacto do COVID-19 no setor de museus, lan\u00e7a uma nova luz sobre as principais tend\u00eancias dos museus do mundo, &#8230; <a title=\"Relat\u00f3rio da UNESCO sobre museus ao redor do mundo em face do COVID-19 est\u00e1 dispon\u00edvel online\" class=\"read-more\" href=\"https:\/\/mundobibliotecario.com.br\/index.php\/2020\/07\/23\/relatorio-da-unesco-sobre-museus-ao-redor-do-mundo-em-face-do-covid-19-esta-disponivel-online\/\" aria-label=\"Read more about Relat\u00f3rio da UNESCO sobre museus ao redor do mundo em face do COVID-19 est\u00e1 dispon\u00edvel online\">Ler mais<\/a><\/p>\n","protected":false},"author":1,"featured_media":0,"comment_status":"open","ping_status":"open","sticky":false,"template":"","format":"standard","meta":{"_mi_skip_tracking":false,"_exactmetrics_sitenote_active":false,"_exactmetrics_sitenote_note":"","_exactmetrics_sitenote_category":0,"_jetpack_newsletter_access":"","footnotes":""},"categories":[1308,60],"tags":[1451,1833,84,1836,1837,501],"class_list":["post-7586","post","type-post","status-publish","format-standard","hentry","category-museologia","category-noticias","tag-coronavirus","tag-covid-19-2","tag-museu","tag-museus","tag-relatorio","tag-unesco"],"jetpack_featured_media_url":"","jetpack_sharing_enabled":true,"jetpack-related-posts":[{"id":8967,"url":"https:\/\/mundobibliotecario.com.br\/index.php\/2021\/06\/02\/bibliotecas-e-museus-como-locais-de-vacinacao\/","url_meta":{"origin":7586,"position":0},"title":"Bibliotecas e museus como locais de vacina\u00e7\u00e3o","author":"mundobibliotecario","date":"02\/06\/2021","format":false,"excerpt":"\"Bem-vindo. Voc\u00ea gostaria de uma vacina com sua dose de cultura hoje?\" Foto: Museu Americano de Hist\u00f3ria Natural, D. Finnin;\u00a0vacinas foramoferecidas sob a baleia. Bibliotecas e museus s\u00e3o centros comunit\u00e1rios inovadores e, ao longo da pandemia COVID-19, foram essenciais para a comunidade e a resposta nacional.\u00a0Al\u00e9m de continuar a fornecer\u2026","rel":"","context":"Em &quot;Not\u00edcias&quot;","block_context":{"text":"Not\u00edcias","link":"https:\/\/mundobibliotecario.com.br\/index.php\/category\/noticias\/"},"img":{"alt_text":"","src":"","width":0,"height":0},"classes":[]},{"id":7829,"url":"https:\/\/mundobibliotecario.com.br\/index.php\/2020\/09\/07\/biblioteca-nacional-da-espanha-adota-novo-periodo-de-quarentena-para-materiais-bibliograficos\/","url_meta":{"origin":7586,"position":1},"title":"Biblioteca Nacional da Espanha adota novo per\u00edodo de quarentena para materiais bibliogr\u00e1ficos","author":"mundobibliotecario","date":"07\/09\/2020","format":false,"excerpt":"A Biblioteca Nacional da Espanha (BNE) reduziu de 14 para 7 dias o per\u00edodo de quarentena de materiais bibliogr\u00e1ficos. Confira abaixo uma tradu\u00e7\u00e3o livre da not\u00edcia Nuevos per\u00edodos de cuarentena para materiales bibliogr\u00e1ficos, publicada no blog da BNE. *** Fonte: BNE A BNE reduzir\u00e1 o tempo de quarentena de seus\u2026","rel":"","context":"Em &quot;Not\u00edcias&quot;","block_context":{"text":"Not\u00edcias","link":"https:\/\/mundobibliotecario.com.br\/index.php\/category\/noticias\/"},"img":{"alt_text":"","src":"","width":0,"height":0},"classes":[]},{"id":7895,"url":"https:\/\/mundobibliotecario.com.br\/index.php\/2020\/10\/23\/atualizacao-do-projeto-realm\/","url_meta":{"origin":7586,"position":2},"title":"Atualiza\u00e7\u00e3o do Projeto REALM","author":"mundobibliotecario","date":"23\/10\/2020","format":false,"excerpt":"O projeto REALM (REopening Archives, Libraries and Museums), coordenado pela OCLC lan\u00e7ou sua 6\u00aa atualiza\u00e7\u00e3o. Segundo informa\u00e7\u00e3o dispon\u00edvel no Facebook da OCLC publicada em 22\/10\/2020: O teste 6 est\u00e1 em andamento em cinco materiais comumente encontrados em mobili\u00e1rio e exposi\u00e7\u00f5es de arquivos, bibliotecas e museus. Tamb\u00e9m est\u00e3o dispon\u00edveis os primeiros\u2026","rel":"","context":"Em &quot;Not\u00edcias&quot;","block_context":{"text":"Not\u00edcias","link":"https:\/\/mundobibliotecario.com.br\/index.php\/category\/noticias\/"},"img":{"alt_text":"","src":"","width":0,"height":0},"classes":[]},{"id":7863,"url":"https:\/\/mundobibliotecario.com.br\/index.php\/2020\/09\/30\/museus-e-bibliotecas-reabrem-gradativamente-em-sorocaba-a-partir-de-segunda-feira\/","url_meta":{"origin":7586,"position":3},"title":"Museus e bibliotecas reabrem gradativamente em Sorocaba a partir de segunda-feira","author":"mundobibliotecario","date":"30\/09\/2020","format":false,"excerpt":"Espa\u00e7os dever\u00e3o funcionar em hor\u00e1rio reduzido e com 40% da capacidade total. Visitantes dever\u00e3o usar m\u00e1scaras e respeitar o distanciamento social. Por G1 Sorocaba e Jundia\u00ed 30\/09\/2020 13h12\u00a0\u00a0Atualizado\u00a0h\u00e1 8 horas Museus e bibliotecas reabrem gradativamente em Sorocaba a partir de segunda-feira \u2014 Foto: Divulga\u00e7\u00e3o\/Prefeitura de Sorocaba Os museus e bibliotecas\u2026","rel":"","context":"Em &quot;Not\u00edcias&quot;","block_context":{"text":"Not\u00edcias","link":"https:\/\/mundobibliotecario.com.br\/index.php\/category\/noticias\/"},"img":{"alt_text":"Museus e bibliotecas reabrem gradativamente em Sorocaba a partir de segunda-feira \u00e2\u0080\u0094 Foto: Divulga\u00c3\u00a7\u00c3\u00a3o\/Prefeitura de Sorocaba","src":"https:\/\/i0.wp.com\/s2.glbimg.com\/e70pDJFLRxkcWY68FH6l9wIu8k4=\/0x0:2896x1944\/984x0\/smart\/filters:strip_icc()\/i.s3.glbimg.com\/v1\/AUTH_59edd422c0c84a879bd37670ae4f538a\/internal_photos\/bs\/2020\/k\/5\/eRt19YRbq7xIEsznty0A\/biblioteca-municipal2.jpg?resize=350%2C200&ssl=1","width":350,"height":200},"classes":[]},{"id":9600,"url":"https:\/\/mundobibliotecario.com.br\/index.php\/2021\/11\/05\/museus-sem-sair-de-casa-veja-como-visitar-exposicoes-no-brasil-e-em-outros-paises\/","url_meta":{"origin":7586,"position":4},"title":"Museus sem sair de casa: veja como &#8216;visitar&#8217; exposi\u00e7\u00f5es no Brasil e em outros pa\u00edses","author":"mundobibliotecario","date":"05\/11\/2021","format":false,"excerpt":"Visita\u00e7\u00e3o virtual a museus e galerias p\u00fabicas s\u00e3o op\u00e7\u00f5es para se divertir em casa. Visitantes fazem fila para entrar na pir\u00e2mide do Louvre, em Paris \u2014 Foto: Charles Platiau\/ Reuters A visita\u00e7\u00e3o virtual e gratuita a museus, galerias e bibliotecas p\u00fablicas de todo o mundo s\u00e3o algumas op\u00e7\u00f5es para se\u2026","rel":"","context":"Em &quot;Not\u00edcias&quot;","block_context":{"text":"Not\u00edcias","link":"https:\/\/mundobibliotecario.com.br\/index.php\/category\/noticias\/"},"img":{"alt_text":"","src":"https:\/\/i0.wp.com\/mundobibliotecario.com.br\/wp-content\/uploads\/2021\/10\/louvre.jpg?resize=350%2C200&ssl=1","width":350,"height":200},"classes":[]},{"id":1291,"url":"https:\/\/mundobibliotecario.com.br\/index.php\/2010\/05\/31\/ii-encontro-paulista-de-museus\/","url_meta":{"origin":7586,"position":5},"title":"II Encontro Paulista de Museus","author":"mundobibliotecario","date":"31\/05\/2010","format":false,"excerpt":"O evento ser\u00e1 realizado em S\u00e3o Paulo, nos dias\u00a022, 23 e 24 de junho. Informa\u00e7\u00f5es completas dispon\u00edveis em:","rel":"","context":"Em &quot;Eventos&quot;","block_context":{"text":"Eventos","link":"https:\/\/mundobibliotecario.com.br\/index.php\/category\/eventos\/"},"img":{"alt_text":"","src":"","width":0,"height":0},"classes":[]}],"jetpack_likes_enabled":true,"jetpack_shortlink":"https:\/\/wp.me\/pcbzwa-1Ym","_links":{"self":[{"href":"https:\/\/mundobibliotecario.com.br\/index.php\/wp-json\/wp\/v2\/posts\/7586","targetHints":{"allow":["GET"]}}],"collection":[{"href":"https:\/\/mundobibliotecario.com.br\/index.php\/wp-json\/wp\/v2\/posts"}],"about":[{"href":"https:\/\/mundobibliotecario.com.br\/index.php\/wp-json\/wp\/v2\/types\/post"}],"author":[{"embeddable":true,"href":"https:\/\/mundobibliotecario.com.br\/index.php\/wp-json\/wp\/v2\/users\/1"}],"replies":[{"embeddable":true,"href":"https:\/\/mundobibliotecario.com.br\/index.php\/wp-json\/wp\/v2\/comments?post=7586"}],"version-history":[{"count":2,"href":"https:\/\/mundobibliotecario.com.br\/index.php\/wp-json\/wp\/v2\/posts\/7586\/revisions"}],"predecessor-version":[{"id":7589,"href":"https:\/\/mundobibliotecario.com.br\/index.php\/wp-json\/wp\/v2\/posts\/7586\/revisions\/7589"}],"wp:attachment":[{"href":"https:\/\/mundobibliotecario.com.br\/index.php\/wp-json\/wp\/v2\/media?parent=7586"}],"wp:term":[{"taxonomy":"category","embeddable":true,"href":"https:\/\/mundobibliotecario.com.br\/index.php\/wp-json\/wp\/v2\/categories?post=7586"},{"taxonomy":"post_tag","embeddable":true,"href":"https:\/\/mundobibliotecario.com.br\/index.php\/wp-json\/wp\/v2\/tags?post=7586"}],"curies":[{"name":"wp","href":"https:\/\/api.w.org\/{rel}","templated":true}]}}