{"id":761,"date":"2009-07-20T09:33:22","date_gmt":"2009-07-20T12:33:22","guid":{"rendered":"http:\/\/mundobibliotecario.wordpress.com\/?p=761"},"modified":"2009-07-20T09:33:22","modified_gmt":"2009-07-20T12:33:22","slug":"bolsa-de-aprimoramento-hcfmusp","status":"publish","type":"post","link":"https:\/\/mundobibliotecario.com.br\/index.php\/2009\/07\/20\/bolsa-de-aprimoramento-hcfmusp\/","title":{"rendered":"Bolsa de aprimoramento &#8211; HCFMUSP"},"content":{"rendered":"<p>O Hospital das Cl\u00ednicas da Faculdade de Medicina da Universidade de S\u00e3o Paulo \u2013 HCFMUSP, representado pela Escola de Educa\u00e7\u00e3o Permanente \u2013 EEP, torna p\u00fablica a abertura de inscri\u00e7\u00f5es para o Processo Seletivo para o preenchimento de vagas do Programa de Aprimoramento Profissional na \u00c1rea da Sa\u00fade, a serem<br \/>\noferecidas em 2010, com bolsas de estudo fornecidas pela Secretaria Estadual de Sa\u00fade de S\u00e3o Paulo &#8211; SES-SP (n\u00famero de bolsas a ser definido) e sob administra\u00e7\u00e3o da Funda\u00e7\u00e3o do Desenvolvimento Administrativo (FUNDAP) nas seguintes \u00e1reas profissionais, para profissionais e estudantes que conclu\u00edrem a gradua\u00e7\u00e3o at\u00e9 dezembro de 2009:<br \/>\n&#8230;.<br \/>\nBiblioteconomia<br \/>\n&#8230;.<\/p>\n","protected":false},"excerpt":{"rendered":"<p>O Hospital das Cl\u00ednicas da Faculdade de Medicina da Universidade de S\u00e3o Paulo \u2013 HCFMUSP, representado pela Escola de Educa\u00e7\u00e3o Permanente \u2013 EEP, torna p\u00fablica a abertura de inscri\u00e7\u00f5es para o Processo Seletivo para o preenchimento de vagas do Programa de Aprimoramento Profissional na \u00c1rea da Sa\u00fade, a serem oferecidas em 2010, com bolsas de &#8230; <a title=\"Bolsa de aprimoramento &#8211; HCFMUSP\" class=\"read-more\" href=\"https:\/\/mundobibliotecario.com.br\/index.php\/2009\/07\/20\/bolsa-de-aprimoramento-hcfmusp\/\" aria-label=\"Read more about Bolsa de aprimoramento &#8211; HCFMUSP\">Ler mais<\/a><\/p>\n","protected":false},"author":1,"featured_media":0,"comment_status":"open","ping_status":"open","sticky":false,"template":"","format":"standard","meta":{"_mi_skip_tracking":false,"_exactmetrics_sitenote_active":false,"_exactmetrics_sitenote_note":"","_exactmetrics_sitenote_category":0,"_jetpack_newsletter_access":"","footnotes":""},"categories":[195],"tags":[335,422],"class_list":["post-761","post","type-post","status-publish","format-standard","hentry","category-emprego","tag-bolsa-de-estudo","tag-hcfm-usp"],"jetpack_featured_media_url":"","jetpack_sharing_enabled":true,"jetpack-related-posts":[{"id":4799,"url":"https:\/\/mundobibliotecario.com.br\/index.php\/2018\/06\/20\/casa-de-rui-barbosa-lanca-edital-de-bolsas-para-a-catedra-unesco\/","url_meta":{"origin":761,"position":0},"title":"Casa de Rui Barbosa lan\u00e7a edital de bolsas para a C\u00e1tedra Unesco","author":"mundobibliotecario","date":"20\/06\/2018","format":false,"excerpt":"A Funda\u00e7\u00e3o Casa de Rui Barbosa (FCRB), entidade vinculada ao Minist\u00e9rio da Cultura (MinC), lan\u00e7ou edital de bolsas com duas vagas para doutores nas \u00e1reas de Ci\u00eancias Humanas, Ci\u00eancias Sociais Aplicadas, Letras e Artes e cinco para graduados em qualquer \u00e1rea de forma\u00e7\u00e3o. As inscri\u00e7\u00f5es podem ser feitas at\u00e9 a\u2026","rel":"","context":"Em &quot;Not\u00edcias&quot;","block_context":{"text":"Not\u00edcias","link":"https:\/\/mundobibliotecario.com.br\/index.php\/category\/noticias\/"},"img":{"alt_text":"","src":"","width":0,"height":0},"classes":[]},{"id":5336,"url":"https:\/\/mundobibliotecario.com.br\/index.php\/2019\/10\/09\/bolsa-fapesp-de-treinamento-tecnico-em-ciencia-da-informacao\/","url_meta":{"origin":761,"position":1},"title":"Bolsa FAPESP de treinamento t\u00e9cnico em ci\u00eancia da informa\u00e7\u00e3o","author":"mundobibliotecario","date":"09\/10\/2019","format":false,"excerpt":"Bolsista dar\u00e1 apoio \u00e0 implanta\u00e7\u00e3o de plataformas baseadas em software livre para permitir o uso de reposit\u00f3rios digitais na Unifesp (imagem: Pixabay) \u00a0 Ag\u00eancia FAPESP \u2013 Uma vaga de treinamento t\u00e9cnico n\u00edvel tr\u00eas (TT-3) com bolsa da FAPESP est\u00e1 dispon\u00edvel para o projeto \u201cA universidade do futuro e o futuro\u2026","rel":"","context":"Em &quot;Not\u00edcias&quot;","block_context":{"text":"Not\u00edcias","link":"https:\/\/mundobibliotecario.com.br\/index.php\/category\/noticias\/"},"img":{"alt_text":"","src":"","width":0,"height":0},"classes":[]},{"id":1095,"url":"https:\/\/mundobibliotecario.com.br\/index.php\/2010\/02\/09\/fapesp-selecao-de-pos-doutoramento-em-gestao-da-informacao\/","url_meta":{"origin":761,"position":2},"title":"FAPESP &#8211; Sele\u00e7\u00e3o de P\u00f3s-Doutoramento em Gest\u00e3o da Informa\u00e7\u00e3o","author":"mundobibliotecario","date":"09\/02\/2010","format":false,"excerpt":"Oportunidades de bolsa N\u00ba: 113 T\u00edtulo: Sele\u00e7\u00e3o de P\u00f3s-Doutoramento em Gest\u00e3o da Informa\u00e7\u00e3o \u00c1rea de atua\u00e7\u00e3o: Ci\u00eancias Sociais Aplicadas N\u00ba do processo FAPESP: 08\/56709-0 T\u00edtulo do projeto: Comunica\u00e7\u00e3o e Censura: an\u00e1lise te\u00f3rica e documental de processos sens\u00f3rios a partir do Arquivo Miroel Silveira da ECA\/USP \u00c1rea de conhecimento: Comunica\u00e7\u00e3o Pesquisador\u2026","rel":"","context":"Em &quot;Curso de P\u00f3s-Gradua\u00e7\u00e3o&quot;","block_context":{"text":"Curso de P\u00f3s-Gradua\u00e7\u00e3o","link":"https:\/\/mundobibliotecario.com.br\/index.php\/category\/curso-de-pos-graduacao\/"},"img":{"alt_text":"","src":"","width":0,"height":0},"classes":[]},{"id":829,"url":"https:\/\/mundobibliotecario.com.br\/index.php\/2009\/08\/24\/fapeam-seleciona-bolsistas-de-comunicacao-cientifica\/","url_meta":{"origin":761,"position":3},"title":"Fapeam seleciona bolsistas de comunica\u00e7\u00e3o cient\u00edfica","author":"mundobibliotecario","date":"24\/08\/2009","format":false,"excerpt":"Nova edi\u00e7\u00e3o do Programa de Apoio \u00e0 Divulga\u00e7\u00e3o da Ci\u00eancia oferece 23 vagas para profissionais e estudantes de Comunica\u00e7\u00e3o, Letras, Design, Biblioteconomia. \u00a0 Est\u00e3o abertas as inscri\u00e7\u00f5es para a quarta edi\u00e7\u00e3o do Programa de Apoio \u00e0 Divulga\u00e7\u00e3o da Ci\u00eancia - Comunica\u00e7\u00e3o Cient\u00edfica, desenvolvido pela Funda\u00e7\u00e3o de Amparo \u00e0 Pesquisa do\u2026","rel":"","context":"Em &quot;Not\u00edcias&quot;","block_context":{"text":"Not\u00edcias","link":"https:\/\/mundobibliotecario.com.br\/index.php\/category\/noticias\/"},"img":{"alt_text":"","src":"","width":0,"height":0},"classes":[]},{"id":511,"url":"https:\/\/mundobibliotecario.com.br\/index.php\/2009\/03\/29\/511\/","url_meta":{"origin":761,"position":4},"title":"Bolsas de pesquisa em Portugal em arquivos, bibliotecas ou centros de mem\u00f3ria e documenta\u00e7\u00e3o","author":"mundobibliotecario","date":"29\/03\/2009","format":false,"excerpt":"23\/3\/2009 Ag\u00eancia FAPESP - A C\u00e1tedra Jaime Cortes\u00e3o, da Faculdade de Filosofia, Letras e Ci\u00eancias Humanas (FFLCH) da Universidade de S\u00e3o Paulo, est\u00e1 oferecendo bolsas de est\u00e1gio de pesquisa em Portugal. As inscri\u00e7\u00f5es v\u00e3o at\u00e9 o dia 31 de mar\u00e7o. A c\u00e1tedra, criada em 1991, tem entre seus objetivos promover\u2026","rel":"","context":"Em &quot;Not\u00edcias&quot;","block_context":{"text":"Not\u00edcias","link":"https:\/\/mundobibliotecario.com.br\/index.php\/category\/noticias\/"},"img":{"alt_text":"","src":"","width":0,"height":0},"classes":[]},{"id":2542,"url":"https:\/\/mundobibliotecario.com.br\/index.php\/2012\/04\/03\/bolsas-de-estudo-para-graduados-em-biblioteconomia-na-fundacao-casa-de-rui-barbosa\/","url_meta":{"origin":761,"position":5},"title":"Bolsas de estudo para graduados em Biblioteconomia na Funda\u00e7\u00e3o Casa de Rui Barbosa","author":"mundobibliotecario","date":"03\/04\/2012","format":false,"excerpt":"A Funda\u00e7\u00e3o Casa de Rui Barbosa est\u00e1 com inscri\u00e7\u00f5es abertas para graduados em Biblioteconomia interessados em desenvolver projetos de pesquisa. Confira as oportunidades! *** \u00a0j) Biblioteca Digital: pesquisa dos acervos da Funda\u00e7\u00e3o Casa de Rui Barbosa Pesquisa, levantamento, an\u00e1lise, recolhimento, acompanhamento da digitaliza\u00e7\u00e3o dos documentos e organiza\u00e7\u00e3o das informa\u00e7\u00f5es sobre\u2026","rel":"","context":"Em &quot;Emprego&quot;","block_context":{"text":"Emprego","link":"https:\/\/mundobibliotecario.com.br\/index.php\/category\/emprego\/"},"img":{"alt_text":"","src":"","width":0,"height":0},"classes":[]}],"jetpack_likes_enabled":true,"jetpack_shortlink":"https:\/\/wp.me\/pcbzwa-ch","_links":{"self":[{"href":"https:\/\/mundobibliotecario.com.br\/index.php\/wp-json\/wp\/v2\/posts\/761","targetHints":{"allow":["GET"]}}],"collection":[{"href":"https:\/\/mundobibliotecario.com.br\/index.php\/wp-json\/wp\/v2\/posts"}],"about":[{"href":"https:\/\/mundobibliotecario.com.br\/index.php\/wp-json\/wp\/v2\/types\/post"}],"author":[{"embeddable":true,"href":"https:\/\/mundobibliotecario.com.br\/index.php\/wp-json\/wp\/v2\/users\/1"}],"replies":[{"embeddable":true,"href":"https:\/\/mundobibliotecario.com.br\/index.php\/wp-json\/wp\/v2\/comments?post=761"}],"version-history":[{"count":0,"href":"https:\/\/mundobibliotecario.com.br\/index.php\/wp-json\/wp\/v2\/posts\/761\/revisions"}],"wp:attachment":[{"href":"https:\/\/mundobibliotecario.com.br\/index.php\/wp-json\/wp\/v2\/media?parent=761"}],"wp:term":[{"taxonomy":"category","embeddable":true,"href":"https:\/\/mundobibliotecario.com.br\/index.php\/wp-json\/wp\/v2\/categories?post=761"},{"taxonomy":"post_tag","embeddable":true,"href":"https:\/\/mundobibliotecario.com.br\/index.php\/wp-json\/wp\/v2\/tags?post=761"}],"curies":[{"name":"wp","href":"https:\/\/api.w.org\/{rel}","templated":true}]}}