{"id":763,"date":"2009-07-19T10:46:40","date_gmt":"2009-07-19T13:46:40","guid":{"rendered":"http:\/\/mundobibliotecario.wordpress.com\/?p=763"},"modified":"2020-07-18T18:33:33","modified_gmt":"2020-07-18T21:33:33","slug":"concurso-para-bibliotecario","status":"publish","type":"post","link":"https:\/\/mundobibliotecario.com.br\/index.php\/2009\/07\/19\/concurso-para-bibliotecario\/","title":{"rendered":"Concurso para bibliotec\u00e1rio"},"content":{"rendered":"<p>CONCURSO P\u00daBLICO PARA BIBLIOTEC\u00c1RIO, EM CAR\u00c1TER DE SUBSTITUI\u00c7\u00c3O POR<br \/>\nAT\u00c9 02 ANOS &#8211; INSCRI\u00c7\u00d5ES DE 13 A 17 E 20\/07, NA UNESP\/CAMPUS<br \/>\nEXPERIMENTAL DE REGISTRO.<\/p>\n<p>O edital est\u00e1 em anexo e tamb\u00e9m pode ser encontrado no site da<br \/>\nUnidade: <a href=\"https:\/\/mundobibliotecario.com.br\/index.php\/2009\/07\/19\/concurso-para-bibliotecario\/\">www.registro.unesp.br<\/a><\/p>\n","protected":false},"excerpt":{"rendered":"<p>CONCURSO P\u00daBLICO PARA BIBLIOTEC\u00c1RIO, EM CAR\u00c1TER DE SUBSTITUI\u00c7\u00c3O POR AT\u00c9 02 ANOS &#8211; INSCRI\u00c7\u00d5ES DE 13 A 17 E 20\/07, NA UNESP\/CAMPUS EXPERIMENTAL DE REGISTRO. O edital est\u00e1 em anexo e tamb\u00e9m pode ser encontrado no site da Unidade: www.registro.unesp.br<\/p>\n","protected":false},"author":1,"featured_media":0,"comment_status":"open","ping_status":"open","sticky":false,"template":"","format":"standard","meta":{"_mi_skip_tracking":false,"_exactmetrics_sitenote_active":false,"_exactmetrics_sitenote_note":"","_exactmetrics_sitenote_category":0,"_jetpack_newsletter_access":"","footnotes":""},"categories":[168],"tags":[235],"class_list":["post-763","post","type-post","status-publish","format-standard","hentry","category-concurso","tag-concurso-de-biblioteconomia"],"jetpack_featured_media_url":"","jetpack_sharing_enabled":true,"jetpack-related-posts":[{"id":3027,"url":"https:\/\/mundobibliotecario.com.br\/index.php\/2013\/03\/19\/concurso-para-bibliotecario-da-ufpe\/","url_meta":{"origin":763,"position":0},"title":"Concurso para bibliotec\u00e1rio da UFPE","author":"mundobibliotecario","date":"19\/03\/2013","format":false,"excerpt":"O edital do Concurso para bibliotec\u00e1rio da UFPE pode ser acessado aqui:","rel":"","context":"Em &quot;Concurso&quot;","block_context":{"text":"Concurso","link":"https:\/\/mundobibliotecario.com.br\/index.php\/category\/concurso\/"},"img":{"alt_text":"","src":"","width":0,"height":0},"classes":[]},{"id":1714,"url":"https:\/\/mundobibliotecario.com.br\/index.php\/2011\/01\/30\/concurso-para-bibliotecario-na-unesp\/","url_meta":{"origin":763,"position":1},"title":"Concurso para bibliotec\u00e1rio na UNESP","author":"mundobibliotecario","date":"30\/01\/2011","format":false,"excerpt":"A UNESP abriu concursos para diversos cargos, dentre eles, bibliotec\u00e1rio. H\u00e1 tamb\u00e9m uma vaga para assistente de documenta\u00e7\u00e3o no campi de Araraquara. Os editais das respectivas provas est\u00e3o dispon\u00edveis na p\u00e1gina da VUNESP.","rel":"","context":"Em &quot;Concurso&quot;","block_context":{"text":"Concurso","link":"https:\/\/mundobibliotecario.com.br\/index.php\/category\/concurso\/"},"img":{"alt_text":"","src":"","width":0,"height":0},"classes":[]},{"id":2448,"url":"https:\/\/mundobibliotecario.com.br\/index.php\/2012\/02\/12\/concurso-para-selecionar-a-frase-mais-criativa-parabenizando-os-bibliotecarios-pelo-seu-dia\/","url_meta":{"origin":763,"position":2},"title":"Concurso para selecionar a frase mais criativa parabenizando os bibliotec\u00e1rios pelo seu dia","author":"mundobibliotecario","date":"12\/02\/2012","format":false,"excerpt":"O Conselho Regional de Biblioteconomia 1\u00aa Regi\u00e3o est\u00e1 promovendo concurso para selecionar a frase mais criativa parabenizando os bibliotec\u00e1rios pelo seu dia. A frase vencedora vai fazer parte de uma campanha de divulga\u00e7\u00e3o da profiss\u00e3o. Convidamos a todos os bibliotec\u00e1rios inscritos no CRB-1 a participarem, enviando sua frase para o\u2026","rel":"","context":"Em &quot;Concurso&quot;","block_context":{"text":"Concurso","link":"https:\/\/mundobibliotecario.com.br\/index.php\/category\/concurso\/"},"img":{"alt_text":"","src":"","width":0,"height":0},"classes":[]},{"id":1648,"url":"https:\/\/mundobibliotecario.com.br\/index.php\/2011\/01\/04\/concurso-para-bibliotecario-ipt\/","url_meta":{"origin":763,"position":3},"title":"Concurso para bibliotec\u00e1rio &#8211; IPT","author":"mundobibliotecario","date":"04\/01\/2011","format":false,"excerpt":"Come\u00e7aram os concursos de biblioteconomia para 2011! Segue o link para o edital do concurso do Instituto de Pesquisas Tecnol\u00f3gicas (IPT), cujas inscri\u00e7\u00f5es iniciam-se em 10\/1\/2011:","rel":"","context":"Em &quot;Concurso&quot;","block_context":{"text":"Concurso","link":"https:\/\/mundobibliotecario.com.br\/index.php\/category\/concurso\/"},"img":{"alt_text":"","src":"","width":0,"height":0},"classes":[]},{"id":1398,"url":"https:\/\/mundobibliotecario.com.br\/index.php\/2010\/08\/02\/concurso-mpu-vagas-para-bibliotecarios\/","url_meta":{"origin":763,"position":4},"title":"Concurso MPU &#8211; Vagas para Bibliotec\u00e1rios","author":"mundobibliotecario","date":"02\/08\/2010","format":false,"excerpt":"O Minist\u00e9rio P\u00fablico da Uni\u00e3o abriu vagas para cadastro de reserva de\u00a0bibliotec\u00e1rios. Confira as informa\u00e7\u00f5es completas em: http:\/\/www.centraldeconcursos.com.br\/concursos\/concursos.asp?imagem=1&id_concurso=949.","rel":"","context":"Em &quot;Concurso&quot;","block_context":{"text":"Concurso","link":"https:\/\/mundobibliotecario.com.br\/index.php\/category\/concurso\/"},"img":{"alt_text":"","src":"","width":0,"height":0},"classes":[]},{"id":2593,"url":"https:\/\/mundobibliotecario.com.br\/index.php\/2012\/05\/19\/concurso-para-bibliotecario-na-unesp-de-araraquara\/","url_meta":{"origin":763,"position":5},"title":"Concurso para bibliotec\u00e1rio na Unesp de Araraquara","author":"mundobibliotecario","date":"19\/05\/2012","format":false,"excerpt":"Abriu concurso para bibliotec\u00e1rio na Unesp de Araraquara. Seguem as informa\u00e7\u00f5es e o link do edital recebido por e-mail: Abriu concurso para Bibliotec\u00e1rio na Unesp de Araraquara - Letras. Sal\u00e1rio de quase R$ 4 mil. Benef\u00edcios: - Vale alimenta\u00e7\u00e3o: R$ 400,00 - Vale transporte: R$ 110,00 - Unimed - Uniodonto\u2026","rel":"","context":"Em &quot;Concurso&quot;","block_context":{"text":"Concurso","link":"https:\/\/mundobibliotecario.com.br\/index.php\/category\/concurso\/"},"img":{"alt_text":"","src":"","width":0,"height":0},"classes":[]}],"jetpack_likes_enabled":true,"jetpack_shortlink":"https:\/\/wp.me\/pcbzwa-cj","_links":{"self":[{"href":"https:\/\/mundobibliotecario.com.br\/index.php\/wp-json\/wp\/v2\/posts\/763","targetHints":{"allow":["GET"]}}],"collection":[{"href":"https:\/\/mundobibliotecario.com.br\/index.php\/wp-json\/wp\/v2\/posts"}],"about":[{"href":"https:\/\/mundobibliotecario.com.br\/index.php\/wp-json\/wp\/v2\/types\/post"}],"author":[{"embeddable":true,"href":"https:\/\/mundobibliotecario.com.br\/index.php\/wp-json\/wp\/v2\/users\/1"}],"replies":[{"embeddable":true,"href":"https:\/\/mundobibliotecario.com.br\/index.php\/wp-json\/wp\/v2\/comments?post=763"}],"version-history":[{"count":1,"href":"https:\/\/mundobibliotecario.com.br\/index.php\/wp-json\/wp\/v2\/posts\/763\/revisions"}],"predecessor-version":[{"id":5770,"href":"https:\/\/mundobibliotecario.com.br\/index.php\/wp-json\/wp\/v2\/posts\/763\/revisions\/5770"}],"wp:attachment":[{"href":"https:\/\/mundobibliotecario.com.br\/index.php\/wp-json\/wp\/v2\/media?parent=763"}],"wp:term":[{"taxonomy":"category","embeddable":true,"href":"https:\/\/mundobibliotecario.com.br\/index.php\/wp-json\/wp\/v2\/categories?post=763"},{"taxonomy":"post_tag","embeddable":true,"href":"https:\/\/mundobibliotecario.com.br\/index.php\/wp-json\/wp\/v2\/tags?post=763"}],"curies":[{"name":"wp","href":"https:\/\/api.w.org\/{rel}","templated":true}]}}