{"id":769,"date":"2009-07-24T08:53:46","date_gmt":"2009-07-24T11:53:46","guid":{"rendered":"http:\/\/mundobibliotecario.wordpress.com\/?p=769"},"modified":"2009-07-24T08:53:46","modified_gmt":"2009-07-24T11:53:46","slug":"alice-propoe-criacao-de-frente-parlamentar-em-defesa-do-bibliotecario","status":"publish","type":"post","link":"https:\/\/mundobibliotecario.com.br\/index.php\/2009\/07\/24\/alice-propoe-criacao-de-frente-parlamentar-em-defesa-do-bibliotecario\/","title":{"rendered":"Alice prop\u00f5e cria\u00e7\u00e3o de Frente Parlamentar em defesa do bibliotec\u00e1rio"},"content":{"rendered":"<p>Audi\u00eancia foi solicitada pela deputada Alice Portugal<\/p>\n<p>Uma biblioteca na escola, um bibliotec\u00e1rio! Esta ser\u00e1 uma das metas da Frente Parlamentar em Defesa dos Bibliotec\u00e1rios que ser\u00e1 lan\u00e7ada, possivelmente, em outubro. A ideia foi apresentada pela deputada Alice<br \/>\nPortugal (PCdoB-BA), durante audi\u00eancia p\u00fablica na Comiss\u00e3o de Educa\u00e7\u00e3o e Cultura, nesta quinta-feira (9), e apoiada pelos parlamentares presentes.<\/p>\n<p>Alice, que prop\u00f4s o debate, afirmou que a indica\u00e7\u00e3o de criar a Frente tem por objetivo o fortalecimento profissional do bibliotec\u00e1rio e a reaviva\u00e7\u00e3o das bibliotecas escolares que, em muitos munic\u00edpios, est\u00e3o abandonadas. A Frente, segundo Alice, incentivar\u00e1 os parlamentares a apresentarem emendas individuais e coletivas para a cria\u00e7\u00e3o de<br \/>\nbibliotecas nas escolas.<\/p>\n<p>A parlamentar citou tamb\u00e9m o fortalecimento do livro did\u00e1tico e a transforma\u00e7\u00e3o das bibliotecas em um espa\u00e7o vivo. Dessa forma, a deputada entende que elas ser\u00e3o transformadas em mecanismos propulsores do conhecimento na educa\u00e7\u00e3o brasileira.<\/p>\n<p>Realidade<\/p>\n<p>Para a presidente do conselho Federal de Biblioteconomia, N\u00eamora Arlindo Rodrigues, as palavras de Alice foram direto ao cerne da quest\u00e3o. A dirigente explica que a biblioteca escolar \u00e9 um espa\u00e7o basilar para a forma\u00e7\u00e3o do cidad\u00e3o. Ela acredita que a biblioteca escolar tem um papel fundamental na forma\u00e7\u00e3o dos cidad\u00e3os conscientes.<\/p>\n<p>A Presidente do Conselho Regional de Biblioteconomia da Bahia, a bibliotec\u00e1ria Lucimar Oliveira da Silva, falou sobre a sua experi\u00eancia como profissional da rede p\u00fablica de ensino. Para ela, os bibliotec\u00e1rios vivenciam uma situa\u00e7\u00e3o muito dif\u00edcil em Salvador.<\/p>\n<p>Segundo Lucimar, na capital baiana existem 417 unidades de ensino, com 70 salas leituras e 120 bibliotecas, sendo que trabalham somente 15 profissionais bibliotec\u00e1rios na rede municipal.<\/p>\n<p>A dirigente diz que infelizmente a realidade desses espa\u00e7os \u00e9 p\u00e9ssima. Muitas vezes eles servem como dep\u00f3sito, n\u00e3o sendo reconhecida como um instrumento pedag\u00f3gico e sim como um ap\u00eandice qualquer da escola. De acordo com ela, um agravante maior \u00e9 que os poucos profissionais que atuam nas escolas est\u00e3o exercendo outras fun\u00e7\u00f5es.<\/p>\n<p>A deputada comunista acha que &#8220;o Programa Nacional Biblioteca da Escola, criado em 1997, vem se modificando e se adequando \u00e0 realidade e \u00e0s necessidades educacionais com recursos do Or\u00e7amento Geral da Uni\u00e3o e do sal\u00e1rio-educa\u00e7\u00e3o. Contudo, \u00e9 ineg\u00e1vel que o programa n\u00e3o vem alcan\u00e7ando os resultados esperados&#8221;, afirma Alice.<\/p>\n<p>Entre as debatedoras, estiveram presentes as presidentes do Conselho Federal de Biblioteconomia, N\u00eamora Arlindo Rodrigues; e do Conselho Regional de Biblioteconomia da Bahia, Lucimar Oliveira Silva; bem como a representante do Conselho Regional de Biblioteconomia de Minas Gerais, L\u00facia Freitas. Tamb\u00e9m compareceu a coordenadora de Contratos e Conv\u00eanios do Livro Did\u00e1tico (FNDE), Alzeni Fran\u00e7a Millions; e o diretor da Secretaria de Educa\u00e7\u00e3o B\u00e1sica (MEC), Marcelo Soares.<\/p>\n<p>Fonte: Site da Deputada Alice Portugal<\/p>\n","protected":false},"excerpt":{"rendered":"<p>Audi\u00eancia foi solicitada pela deputada Alice Portugal Uma biblioteca na escola, um bibliotec\u00e1rio! Esta ser\u00e1 uma das metas da Frente Parlamentar em Defesa dos Bibliotec\u00e1rios que ser\u00e1 lan\u00e7ada, possivelmente, em outubro. A ideia foi apresentada pela deputada Alice Portugal (PCdoB-BA), durante audi\u00eancia p\u00fablica na Comiss\u00e3o de Educa\u00e7\u00e3o e Cultura, nesta quinta-feira (9), e apoiada pelos &#8230; <a title=\"Alice prop\u00f5e cria\u00e7\u00e3o de Frente Parlamentar em defesa do bibliotec\u00e1rio\" class=\"read-more\" href=\"https:\/\/mundobibliotecario.com.br\/index.php\/2009\/07\/24\/alice-propoe-criacao-de-frente-parlamentar-em-defesa-do-bibliotecario\/\" aria-label=\"Read more about Alice prop\u00f5e cria\u00e7\u00e3o de Frente Parlamentar em defesa do bibliotec\u00e1rio\">Ler mais<\/a><\/p>\n","protected":false},"author":1,"featured_media":0,"comment_status":"open","ping_status":"open","sticky":false,"template":"","format":"standard","meta":{"_mi_skip_tracking":false,"_exactmetrics_sitenote_active":false,"_exactmetrics_sitenote_note":"","_exactmetrics_sitenote_category":0,"_jetpack_newsletter_access":"","footnotes":""},"categories":[60],"tags":[423,424],"class_list":["post-769","post","type-post","status-publish","format-standard","hentry","category-noticias","tag-frente-parlamentar-em-defesa-dos-bibliotecarios","tag-programa-nacional-biblioteca-da-escola"],"jetpack_featured_media_url":"","jetpack_sharing_enabled":true,"jetpack-related-posts":[{"id":3111,"url":"https:\/\/mundobibliotecario.com.br\/index.php\/2013\/05\/08\/seminario-aborda-desafios-do-livro-digital-no-brasil\/","url_meta":{"origin":769,"position":0},"title":"Semin\u00e1rio aborda desafios do livro digital no Brasil","author":"mundobibliotecario","date":"08\/05\/2013","format":false,"excerpt":"Mais de 1,4 milh\u00e3o de livros eletr\u00f4nicos foram vendidos no Pa\u00eds entre junho e novembro do ano passado A Frente Parlamentar Mista do Livro e Leitura e a Frente Parlamentar em Defesa das Bibliotecas P\u00fablicas realizam, nesta quarta-feira (8), semin\u00e1rio para discutir os desafios do livro digital no Brasil. De\u2026","rel":"","context":"Em &quot;Not\u00edcias&quot;","block_context":{"text":"Not\u00edcias","link":"https:\/\/mundobibliotecario.com.br\/index.php\/category\/noticias\/"},"img":{"alt_text":"","src":"","width":0,"height":0},"classes":[]},{"id":4447,"url":"https:\/\/mundobibliotecario.com.br\/index.php\/2017\/01\/03\/lei-obriga-escolas-a-ter-biblioteca-bibliotecario-e-um-livro-por-aluno\/","url_meta":{"origin":769,"position":1},"title":"Lei obriga escolas a ter biblioteca, bibliotec\u00e1rio e um livro por aluno","author":"mundobibliotecario","date":"03\/01\/2017","format":false,"excerpt":"O Projeto de Lei que obriga toda escola a ter biblioteca, bibliotec\u00e1rio e, no m\u00ednimo, um livro por aluno, de autoria do deputado estadual Jos\u00e9 Ricardo Wendling (PT), foi promulgado nesta quinta-feira (22) pelo plen\u00e1rio da Assembleia Legislativa do Amazonas (Aleam), passando a vigorar na data da publica\u00e7\u00e3o. A proposta\u2026","rel":"","context":"Em &quot;Not\u00edcias&quot;","block_context":{"text":"Not\u00edcias","link":"https:\/\/mundobibliotecario.com.br\/index.php\/category\/noticias\/"},"img":{"alt_text":"","src":"","width":0,"height":0},"classes":[]},{"id":3872,"url":"https:\/\/mundobibliotecario.com.br\/index.php\/2015\/09\/02\/ifla-publica-duas-novas-directrizes\/","url_meta":{"origin":769,"position":2},"title":"IFLA publica duas novas directrizes","author":"mundobibliotecario","date":"02\/09\/2015","format":false,"excerpt":"Directrizes da IFLA para as Bibliotecas Escolares (2\u00aa edi\u00e7\u00e3o) As Directrizes da IFLA para as Bibliotecas Escolares, 2\u00aa edi\u00e7\u00e3o, foram aprovadas pelo Comit\u00e9 Profissional, sob proposta do Comit\u00e9 de Standards da IFLA no passado m\u00eas de junho. Escritas e revistas pela Sec\u00e7\u00e3o de Bibliotecas Escolares da IFLA ao longo de\u2026","rel":"","context":"Em &quot;Not\u00edcias&quot;","block_context":{"text":"Not\u00edcias","link":"https:\/\/mundobibliotecario.com.br\/index.php\/category\/noticias\/"},"img":{"alt_text":"","src":"","width":0,"height":0},"classes":[]},{"id":4528,"url":"https:\/\/mundobibliotecario.com.br\/index.php\/2017\/05\/24\/comissao-de-justica-aprova-criacao-de-politica-nacional-de-bibliotecas\/","url_meta":{"origin":769,"position":3},"title":"Comiss\u00e3o de Justi\u00e7a aprova cria\u00e7\u00e3o de Pol\u00edtica Nacional de Bibliotecas","author":"mundobibliotecario","date":"24\/05\/2017","format":false,"excerpt":"A senadora F\u00e1tima Bezerra, relatora da mat\u00e9ria, elogiou a proposta de Cristovam Buarque O Brasil poder\u00e1 contar em breve com uma Pol\u00edtica Nacional de Bibliotecas. \u00c9 o que estabelece o Projeto de Lei do Senado (PLS) 28\/2015, de autoria do senador Cristovam Buarque (PPS-DF), que foi aprovado nesta quarta-feira (24)\u2026","rel":"","context":"Em &quot;Not\u00edcias&quot;","block_context":{"text":"Not\u00edcias","link":"https:\/\/mundobibliotecario.com.br\/index.php\/category\/noticias\/"},"img":{"alt_text":"","src":"","width":0,"height":0},"classes":[]},{"id":5653,"url":"https:\/\/mundobibliotecario.com.br\/index.php\/2020\/06\/14\/bibliotecas-do-senado-e-da-camara-promovem-live-para-divulgar-acervos-digitais\/","url_meta":{"origin":769,"position":4},"title":"Bibliotecas do Senado e da C\u00e2mara promovem &#8216;live&#8217; para divulgar acervos digitais","author":"mundobibliotecario","date":"14\/06\/2020","format":false,"excerpt":"Biblioteca do Senado est\u00e1 fechada fisicamente desde o in\u00edcio da pandemia. Evento on-line em parceria com a Biblioteca da C\u00e2mara possibilita que usu\u00e1rios continuem acessando o acervo pela internetRoque de S\u00e1\/Ag\u00eancia Senado As bibliotecas do\u00a0Senado Federal\u00a0e da\u00a0C\u00e2mara dos Deputados\u00a0promoveram a primeira\u00a0live\u00a0da iniciativa Parlabiblio, que pretende apresentar ao p\u00fablico os servi\u00e7os\u2026","rel":"","context":"Em &quot;Not\u00edcias&quot;","block_context":{"text":"Not\u00edcias","link":"https:\/\/mundobibliotecario.com.br\/index.php\/category\/noticias\/"},"img":{"alt_text":"","src":"","width":0,"height":0},"classes":[]},{"id":4898,"url":"https:\/\/mundobibliotecario.com.br\/index.php\/2012\/03\/21\/os-10-bibliotecario-mais-cool-de-todos-os-tempos-2\/","url_meta":{"origin":769,"position":5},"title":"Os 10 bibliotec\u00e1rio mais &quot;cool&quot; de todos os tempos","author":"mundobibliotecario","date":"21\/03\/2012","format":false,"excerpt":"Muito interessante. 1. Iara Rezende \u2013 Gerente de informa\u00e7\u00e3o da Natura Na Natura, como gerente de informa\u00e7\u00e3o, tenho de estar alinhada aos planos estrat\u00e9gicos da empresa nas mais variadas \u00e1reas como mercado, log\u00edstica, engenharia, entre outras. \u00c9 preciso estar integrada aos processos da empresa, para antecipar informa\u00e7\u00f5es, antecipar tend\u00eancias. A\u2026","rel":"","context":"Em &quot;Not\u00edcias&quot;","block_context":{"text":"Not\u00edcias","link":"https:\/\/mundobibliotecario.com.br\/index.php\/category\/noticias\/"},"img":{"alt_text":"","src":"https:\/\/i0.wp.com\/img.photobucket.com\/albums\/v474\/vinnieyou\/fotos-da-monique-bbb-12-011.jpg?resize=350%2C200","width":350,"height":200},"classes":[]}],"jetpack_likes_enabled":true,"jetpack_shortlink":"https:\/\/wp.me\/pcbzwa-cp","_links":{"self":[{"href":"https:\/\/mundobibliotecario.com.br\/index.php\/wp-json\/wp\/v2\/posts\/769","targetHints":{"allow":["GET"]}}],"collection":[{"href":"https:\/\/mundobibliotecario.com.br\/index.php\/wp-json\/wp\/v2\/posts"}],"about":[{"href":"https:\/\/mundobibliotecario.com.br\/index.php\/wp-json\/wp\/v2\/types\/post"}],"author":[{"embeddable":true,"href":"https:\/\/mundobibliotecario.com.br\/index.php\/wp-json\/wp\/v2\/users\/1"}],"replies":[{"embeddable":true,"href":"https:\/\/mundobibliotecario.com.br\/index.php\/wp-json\/wp\/v2\/comments?post=769"}],"version-history":[{"count":0,"href":"https:\/\/mundobibliotecario.com.br\/index.php\/wp-json\/wp\/v2\/posts\/769\/revisions"}],"wp:attachment":[{"href":"https:\/\/mundobibliotecario.com.br\/index.php\/wp-json\/wp\/v2\/media?parent=769"}],"wp:term":[{"taxonomy":"category","embeddable":true,"href":"https:\/\/mundobibliotecario.com.br\/index.php\/wp-json\/wp\/v2\/categories?post=769"},{"taxonomy":"post_tag","embeddable":true,"href":"https:\/\/mundobibliotecario.com.br\/index.php\/wp-json\/wp\/v2\/tags?post=769"}],"curies":[{"name":"wp","href":"https:\/\/api.w.org\/{rel}","templated":true}]}}