{"id":771,"date":"2009-07-30T08:09:16","date_gmt":"2009-07-30T11:09:16","guid":{"rendered":"http:\/\/mundobibliotecario.wordpress.com\/?p=771"},"modified":"2009-07-30T08:09:16","modified_gmt":"2009-07-30T11:09:16","slug":"big-amazon","status":"publish","type":"post","link":"https:\/\/mundobibliotecario.com.br\/index.php\/2009\/07\/30\/big-amazon\/","title":{"rendered":"Big Amazon"},"content":{"rendered":"<p><span><strong><span style=\"font-size:small;color:#003300;\">CONEX\u00c3O GLOBAL<\/span><\/strong><\/span><\/p>\n<p align=\"justify\">O GLOBO, 21.07.2009, p. 21 \u2013 Economia<\/p>\n<p>NELSON VASCONCELOS<\/p>\n<p align=\"justify\">E a simp\u00e1tica Amazon, de quem s\u00f3 costumamos ouvir boas not\u00edcias, andou exercitando seu lado Big Brother. Isso porque um parceiro da grande loja pontocom vendeu ilegalmente c\u00f3pias digitais dos livros \u201c1984\u201d e \u201cAnimal farm\u201d, ambos de George Orwell. A Amazon descobriu essa anormalidade gra\u00e7as ao DRM, tecnologia que gerencia os direitos autorais em obras digitais.<\/p>\n<p>Pelo que se constatou, essas edi\u00e7\u00f5es eletr\u00f4nicas dos livros de Orwell n\u00e3o poderiam circular nos EUA. Por isso, o DRM \u201cdenunciou\u201d, digamos assim, que as tais c\u00f3pias baixadas atrav\u00e9s do site eram ilegais.<\/p>\n<p>A tecnologia cumpriu seu papel. De quem foi a responsabilidade pela venda ilegal? Da livraria que vendeu atrav\u00e9s da Amazon ou desta, que permitiu o neg\u00f3cio sem checar quest\u00f5es relacionadas aos direitos autorais? De qualquer maneira, o que fez, ent\u00e3o, a Amazon? Simplesmente entrou remotamente no leitor eletr\u00f4nico dos seus clientes, o Kindle, e detonou as tais c\u00f3pias ilegais. Tamb\u00e9m anunciou que estaria reembolsando US$ 0,99 por livro apagado.<\/p>\n<p>Foram centenas deles. Os clientes come\u00e7aram a receber comunicado de reembolso na \u00faltima semana, sem explica\u00e7\u00e3o sobre o s\u00fabito sumi\u00e7o dos textos.<\/p>\n<p>Mas o ponto principal \u00e9: ser\u00e1 que a Amazon tinha o direito de fazer o que fez? N\u00e3o seria mais ou menos a mesma coisa que uma editora arrombar a porta l\u00e1 de casa e levar embora todos os livros que comprei em camel\u00f4s mundo afora? Ou seria como uma gravadora entrar no meu computador e deletar todas as m\u00fasicas que eventualmente (oh, que surpresa) andei baixando da internet nos \u00faltimos dez anos? N\u00e3o foram poucas&#8230;<\/p>\n<p>A discuss\u00e3o est\u00e1 esquentando nos f\u00f3runs especializados \u2014 como a ZDNet, onde comecei a capturar essa hist\u00f3ria, que j\u00e1 se espalha por muitos sites, blogs etc. A ideia geral \u00e9 de que foi um abuso da Amazon.<\/p>\n<p>Mais do que isso, mostrou que a empresa tem um poder grande sobre seus consumidores. Se, por algum motivo, ela \u201cdecidir\u201d que voc\u00ea n\u00e3o deve ler tal livro, ela simplesmente vai apag\u00e1-lo do seu Kindle, sem maiores explica\u00e7\u00f5es.<\/p>\n<p>Como se comentou em algum dos blogs, isso mostra que voc\u00ea n\u00e3o tem, n\u00e3o possui, de fato, o tal livro no Kindle \u2014 a n\u00e3o ser que o transfira para o computador&#8230;<\/p>\n<p>Nunca se viu nada parecido.<\/p>\n<p>Por isso, tamb\u00e9m se levantou a hip\u00f3tese de livrarias e editoras parceiras come\u00e7arem a perder confian\u00e7a na Amazon, e isso seria um p\u00e9ssimo neg\u00f3cio.<\/p>\n<p align=\"justify\">O que tamb\u00e9m \u00e9 bastante curioso \u00e9 o fato de tanto ru\u00eddo ter sido causado justamente a partir da obra do brit\u00e2nico George Orwell (1903-1950).<\/p>\n<p>Para quem andava distra\u00eddo: a literatura de Orwell \u00e9 marcada pela discuss\u00e3o de temas pol\u00edticos, com especial implic\u00e2ncia em rela\u00e7\u00e3o a regimes totalit\u00e1rios, daqueles que v\u00e3o se metendo na vida particular do cidad\u00e3o etc.<\/p>\n<p>E foi Orwell quem criou \u2014 ou previu? \u2014 o Big Brother, o Grande Irm\u00e3o, que se tornou s\u00edmbolo da vigil\u00e2ncia paranoica sobre os indiv\u00edduos.<\/p>\n<p>Nada mais ir\u00f4nico, portanto, que esse epis\u00f3dio da Amazon envolva livros de George Orwell. Se estivesse vivo, ele n\u00e3o hesitaria em declarar algo na linha: \u2014 Eu n\u00e3o disse que ia dar nisso?<\/p>\n<p><strong>\u2018Free\u2019, mas nem tanto<\/strong><\/p>\n<p>Est\u00e1 programada para sair em agosto, pela Campus, a edi\u00e7\u00e3o brasileira do livro \u201cFree\u201d, do Chris Anderson, editor-chefe da revista \u201cWired\u201d.<\/p>\n<p>A pol\u00eamica tese do Anderson \u2014 j\u00e1 comentada aqui \u2014 \u00e9 basicamente a seguinte: a internet acostumou a gente a acreditar e investir em produtos e servi\u00e7os gratuitos. E \u00e9 para esse tipo de consumo confort\u00e1vel que est\u00e1 caminhando boa parte da Humanidade.<\/p>\n<p>Seria a cultura do gr\u00e1tis, ampla, geral e irrestrita.<\/p>\n<p>Anderson prova \u2014 ou tenta provar \u2014 que se criou uma ideia de que o sistema colaborativo e n\u00e3o remunerado \u00e9 algo intrinsecamente do bem. Exemplos? O desenvolvimento de software livre, as redes de relacionamento ou a onda blogueira, twitteira etc.<\/p>\n<p>Para os seus participantes, tudo isso se d\u00e1 sem grandes custos \u2014 que n\u00e3o seja o da conex\u00e3o, claro. E ainda levemos em considera\u00e7\u00e3o que o pre\u00e7o da banda larga e o do armazenamento est\u00e3o caindo, tendendo ao zero.<\/p>\n<p>Todo esse pacote estaria criando uma esp\u00e9cie de socialismo ou socializa\u00e7\u00e3o do conhecimento \u2014 que, por sua vez, \u00e9 constitu\u00eddo de v\u00e1rias fontes largadas pelo mundo. Muitas delas, gratuitas.<\/p>\n<p>Seria coerente, por isso, compartilhar esse conhecimento de gra\u00e7a.<\/p>\n<p>Naturalmente, essa mudan\u00e7a de comportamento \u00e9 uma tremenda dor de cabe\u00e7a para ind\u00fastrias que sempre sobreviveram porque cobrar era algo leg\u00edtimo.<\/p>\n<p>Agora, com o tsunami do free querendo invadir quase todas as praias, muita gente est\u00e1 preocupada. \u00c9 o caso, por exemplo, da pr\u00f3pria ind\u00fastria de informa\u00e7\u00e3o, cultura e entretenimento. E tamb\u00e9m da de software.<\/p>\n<p>De fato, \u00e9 muito dif\u00edcil querer cobrar por algo que o cliente j\u00e1 tem gratuitamente.<\/p>\n<p>\u00c9 um n\u00f3 a ser desfiado em toda a internet.<\/p>\n<p>Quem vai querer pagar por um software de edi\u00e7\u00e3o de textos, por exemplo, se voc\u00ea o tem gratuitamente via Google \u2014 que \u00e9 a grande refer\u00eancia para esse comportamento? Em contrapartida, criouse, de maneira torta, a impress\u00e3o de que aquilo que \u00e9 cobrado n\u00e3o tem legitimidade.<\/p>\n<p>Entra na categoria dos produtos ou servi\u00e7os que n\u00e3o merecem ser remunerados.<\/p>\n<p>Da\u00ed para a pirataria \u00e9 um pulo&#8230;<\/p>\n<p>A discuss\u00e3o vai por a\u00ed.<\/p>\n<p>Mas fico curioso em rela\u00e7\u00e3o ao seguinte: ser\u00e1 que Anderson ficaria muito aborrecido com a pirataria de seus livros? Acho que n\u00e3o.<\/p>\n<p align=\"justify\">E-mail para esta coluna: <a href=\"mailto:nelsonva@oglobo.com.br\">nelsonva@oglobo.com.br<\/a><\/p>\n","protected":false},"excerpt":{"rendered":"<p>CONEX\u00c3O GLOBAL O GLOBO, 21.07.2009, p. 21 \u2013 Economia NELSON VASCONCELOS E a simp\u00e1tica Amazon, de quem s\u00f3 costumamos ouvir boas not\u00edcias, andou exercitando seu lado Big Brother. Isso porque um parceiro da grande loja pontocom vendeu ilegalmente c\u00f3pias digitais dos livros \u201c1984\u201d e \u201cAnimal farm\u201d, ambos de George Orwell. A Amazon descobriu essa anormalidade &#8230; <a title=\"Big Amazon\" class=\"read-more\" href=\"https:\/\/mundobibliotecario.com.br\/index.php\/2009\/07\/30\/big-amazon\/\" aria-label=\"Read more about Big Amazon\">Ler mais<\/a><\/p>\n","protected":false},"author":1,"featured_media":0,"comment_status":"open","ping_status":"open","sticky":false,"template":"","format":"standard","meta":{"_mi_skip_tracking":false,"_exactmetrics_sitenote_active":false,"_exactmetrics_sitenote_note":"","_exactmetrics_sitenote_category":0,"_jetpack_newsletter_access":"","footnotes":""},"categories":[60],"tags":[315,425,76,426],"class_list":["post-771","post","type-post","status-publish","format-standard","hentry","category-noticias","tag-amazon","tag-chris-anderson","tag-direito-autoral","tag-wired"],"jetpack_featured_media_url":"","jetpack_sharing_enabled":true,"jetpack-related-posts":[{"id":3978,"url":"https:\/\/mundobibliotecario.com.br\/index.php\/2015\/09\/30\/portal-oferece-35-mil-livros-gratis-da-amazon\/","url_meta":{"origin":771,"position":0},"title":"Portal oferece 35 mil livros gr\u00e1tis da Amazon","author":"mundobibliotecario","date":"30\/09\/2015","format":false,"excerpt":"Oi pessoal! O site\u00a0Freebook Sifter\u00a0\u00e9 uma boa dica para quem tem o\u00a0e-reader\u00a0Kindle\u00a0ou algum outro leitor de livros digitais com suporte aos e-books da Amazon. A p\u00e1gina agrega mais de 35 mil livros gratuitos oferecidos pela gigante norte-americana das vendas. A maior quantidade dos t\u00edtulos est\u00e1 em ingl\u00eas, mas \u00e9 poss\u00edvel\u2026","rel":"","context":"Em &quot;Not\u00edcias&quot;","block_context":{"text":"Not\u00edcias","link":"https:\/\/mundobibliotecario.com.br\/index.php\/category\/noticias\/"},"img":{"alt_text":"","src":"","width":0,"height":0},"classes":[]},{"id":496,"url":"https:\/\/mundobibliotecario.com.br\/index.php\/2009\/03\/27\/leitor-da-sony-tera-mais-de-600-mil-titulos\/","url_meta":{"origin":771,"position":1},"title":"Leitor da Sony ter\u00e1 mais de 600 mil t\u00edtulos","author":"mundobibliotecario","date":"27\/03\/2009","format":false,"excerpt":"JORNAL DO COMMERCIO, 20.03.09 p. B10 Tecnologia E-READER - Obras de dom\u00ednio p\u00fablico digitalizadas pelo Google poder\u00e3o ser lidas no aparelho ou direto no computador, baixando um arquivo em PDF DA REDA\u00c7\u00c3O, COM AG\u00caNCIAS A Sony est\u00e1 disponibilizando livros de dom\u00ednio p\u00fablico do Google para usu\u00e1rios de seu aparelho leitor\u2026","rel":"","context":"Em &quot;Not\u00edcias&quot;","block_context":{"text":"Not\u00edcias","link":"https:\/\/mundobibliotecario.com.br\/index.php\/category\/noticias\/"},"img":{"alt_text":"","src":"","width":0,"height":0},"classes":[]},{"id":10094,"url":"https:\/\/mundobibliotecario.com.br\/index.php\/2022\/09\/14\/amazon-lanca-kindle-11a-geracao-com-dobro-de-armazenamento-veja-preco\/","url_meta":{"origin":771,"position":2},"title":"Amazon lan\u00e7a Kindle 11\u00aa Gera\u00e7\u00e3o com dobro de armazenamento; veja pre\u00e7o","author":"mundobibliotecario","date":"14\/09\/2022","format":false,"excerpt":"Leitor de livros digitais \u00e9 fabricado com 30% a 75% de pl\u00e1stico reciclado e at\u00e9 90% de magn\u00e9sio reciclado. Usu\u00e1rios v\u00e3o perceber que a qualidade da tela est\u00e1 muito superior. O\u00a0Kindle\u00a011\u00aa Gera\u00e7\u00e3o foi anunciado pela\u00a0Amazon\u00a0com\u00a0pre\u00e7o sugerido de R$ 499\u00a0no mercado brasileiro. O leitor de livros digitais traz tela de alta\u2026","rel":"","context":"Em &quot;Not\u00edcias&quot;","block_context":{"text":"Not\u00edcias","link":"https:\/\/mundobibliotecario.com.br\/index.php\/category\/noticias\/"},"img":{"alt_text":"","src":"https:\/\/i0.wp.com\/mundobibliotecario.com.br\/wp-content\/uploads\/2022\/09\/amazon2.jpg?resize=350%2C200&ssl=1","width":350,"height":200},"classes":[]},{"id":7757,"url":"https:\/\/mundobibliotecario.com.br\/index.php\/2020\/08\/11\/por-que-voce-nao-pode-comprar-e-books-kindle-no-app-para-iphone\/","url_meta":{"origin":771,"position":3},"title":"Por que voc\u00ea n\u00e3o pode comprar e-books Kindle no app para iPhone","author":"mundobibliotecario","date":"11\/08\/2020","format":false,"excerpt":"E-mails trocados entre Steve Jobs e executivos da Apple revelam o que impede compra de livros no Kindle para iPhone A\u00a0Apple\u00a0enfrenta uma\u00a0investiga\u00e7\u00e3o antitruste nos Estados Unidos\u00a0e, como parte desse processo, teve e-mails internos expostos. Dois conjuntos deles chamaram aten\u00e7\u00e3o: eles revelam o porqu\u00ea de os usu\u00e1rios n\u00e3o conseguirem comprar e-books\u2026","rel":"","context":"Em &quot;Not\u00edcias&quot;","block_context":{"text":"Not\u00edcias","link":"https:\/\/mundobibliotecario.com.br\/index.php\/category\/noticias\/"},"img":{"alt_text":"","src":"","width":0,"height":0},"classes":[]},{"id":8377,"url":"https:\/\/mundobibliotecario.com.br\/index.php\/2021\/02\/01\/kindle-dicas-para-quem-deseja-ter-um-leitor-de-livros-da-amazon\/","url_meta":{"origin":771,"position":4},"title":"Kindle: dicas para quem deseja ter um leitor de livros da Amazon","author":"mundobibliotecario","date":"01\/02\/2021","format":false,"excerpt":"Fonte: Tecmundo A Amazon conseguiu popularizar os ebooks, gra\u00e7as \u00e0 praticidade do seu Kindle reader. O dispositivo \u00e9 muito mais do que um leitor digital de livros, ele dinamiza a leitura e pode at\u00e9 mesmo facilit\u00e1-la em alguns casos. Atualmente, a Amazon possui 3 modelos, e todos desempenham bem suas\u2026","rel":"","context":"Em &quot;Not\u00edcias&quot;","block_context":{"text":"Not\u00edcias","link":"https:\/\/mundobibliotecario.com.br\/index.php\/category\/noticias\/"},"img":{"alt_text":"","src":"","width":0,"height":0},"classes":[]},{"id":5002,"url":"https:\/\/mundobibliotecario.com.br\/index.php\/2018\/09\/12\/empreitadas-digitais-do-livro\/","url_meta":{"origin":771,"position":5},"title":"Empreitadas digitais do livro","author":"mundobibliotecario","date":"12\/09\/2018","format":false,"excerpt":"Terceira edi\u00e7\u00e3o do Pr\u00eamio Kindle de Literatura segue com inscri\u00e7\u00f5es abertas at\u00e9 15 de outubro \u00a0 \u00a0 \u00a0 \u00a0 \u00a0 \u00a0 Ricardo Garrido, gerente geral de aquisi\u00e7\u00e3o de conte\u00fado para Kindle: \"Em 2012, t\u00ednhamos 12 mil livros digitais em portugu\u00eas; hoje, temos mais de 150 mil\" \u00a0 \u00a0 Foi durante\u2026","rel":"","context":"Em &quot;Not\u00edcias&quot;","block_context":{"text":"Not\u00edcias","link":"https:\/\/mundobibliotecario.com.br\/index.php\/category\/noticias\/"},"img":{"alt_text":"","src":"https:\/\/i0.wp.com\/diariodonordeste.verdesmares.com.br\/polopoly_fs\/1.1995029.1536099838!\/image\/image.jpg_gen\/derivatives\/landscape_310\/image.jpg?resize=350%2C200","width":350,"height":200},"classes":[]}],"jetpack_likes_enabled":true,"jetpack_shortlink":"https:\/\/wp.me\/pcbzwa-cr","_links":{"self":[{"href":"https:\/\/mundobibliotecario.com.br\/index.php\/wp-json\/wp\/v2\/posts\/771","targetHints":{"allow":["GET"]}}],"collection":[{"href":"https:\/\/mundobibliotecario.com.br\/index.php\/wp-json\/wp\/v2\/posts"}],"about":[{"href":"https:\/\/mundobibliotecario.com.br\/index.php\/wp-json\/wp\/v2\/types\/post"}],"author":[{"embeddable":true,"href":"https:\/\/mundobibliotecario.com.br\/index.php\/wp-json\/wp\/v2\/users\/1"}],"replies":[{"embeddable":true,"href":"https:\/\/mundobibliotecario.com.br\/index.php\/wp-json\/wp\/v2\/comments?post=771"}],"version-history":[{"count":0,"href":"https:\/\/mundobibliotecario.com.br\/index.php\/wp-json\/wp\/v2\/posts\/771\/revisions"}],"wp:attachment":[{"href":"https:\/\/mundobibliotecario.com.br\/index.php\/wp-json\/wp\/v2\/media?parent=771"}],"wp:term":[{"taxonomy":"category","embeddable":true,"href":"https:\/\/mundobibliotecario.com.br\/index.php\/wp-json\/wp\/v2\/categories?post=771"},{"taxonomy":"post_tag","embeddable":true,"href":"https:\/\/mundobibliotecario.com.br\/index.php\/wp-json\/wp\/v2\/tags?post=771"}],"curies":[{"name":"wp","href":"https:\/\/api.w.org\/{rel}","templated":true}]}}