{"id":7723,"date":"2020-07-29T16:00:00","date_gmt":"2020-07-29T19:00:00","guid":{"rendered":"http:\/\/mundobibliotecario.com.br\/?p=7723"},"modified":"2020-07-28T21:55:25","modified_gmt":"2020-07-29T00:55:25","slug":"o-papel-dos-arquivos-frente-ao-covid-19","status":"publish","type":"post","link":"https:\/\/mundobibliotecario.com.br\/index.php\/2020\/07\/29\/o-papel-dos-arquivos-frente-ao-covid-19\/","title":{"rendered":"O papel dos arquivos frente ao COVID-19"},"content":{"rendered":"\n<div class=\"wp-block-image\"><figure class=\"aligncenter size-large\"><img loading=\"lazy\" decoding=\"async\" width=\"640\" height=\"427\" src=\"http:\/\/mundobibliotecario.com.br\/wp-content\/uploads\/2020\/07\/covid-19-4975604_640.png\" alt=\"\" class=\"wp-image-7724\" srcset=\"https:\/\/mundobibliotecario.com.br\/wp-content\/uploads\/2020\/07\/covid-19-4975604_640.png 640w, https:\/\/mundobibliotecario.com.br\/wp-content\/uploads\/2020\/07\/covid-19-4975604_640-300x200.png 300w\" sizes=\"auto, (max-width: 640px) 100vw, 640px\" \/><figcaption>Fonte: <a href=\"https:\/\/pixabay.com\/pt\/illustrations\/covid-19-coronav%C3%ADrus-4975604\/\" target=\"_blank\" aria-label=\"undefined (opens in a new tab)\" rel=\"noreferrer noopener\">Pixabay<\/a><\/figcaption><\/figure><\/div>\n\n\n\n<p>O Grupo de Trabalho sobre Arquivos e Direitos Humanos da ALA e a SAHR da ACI expressam seu apoio \u00e0 Declara\u00e7\u00e3o da UNESCO \u201cTransformando a amea\u00e7a do COVID-19 em uma oportunidade de maior apoio ao patrim\u00f4nio documental\u201d publicado h\u00e1 alguns dias. Divulgamos esta declara\u00e7\u00e3o na qual o patrim\u00f4nio documental \u00e9 tratado como um recurso importante para oferecer uma perspectiva hist\u00f3rica de como os governos, seus cidad\u00e3os e a comunidade internacional enfrentaram pandemias no passado e, portanto, a import\u00e2ncia de preservar registros dessa pandemia para pesquisas futuras.<\/p>\n\n\n\n<p>A declara\u00e7\u00e3o est\u00e1 dispon\u00edvel para download em ingl\u00eas e espanhol:<\/p>\n\n\n\n<p><a href=\"https:\/\/www.ica.org\/sites\/default\/files\/the_role_of_archives_in_the_covid_19_crisis.pdf\" target=\"_blank\" aria-label=\"undefined (opens in a new tab)\" rel=\"noreferrer noopener\">The role of archives in the COVID-19 crisis<\/a><\/p>\n\n\n\n<p><a aria-label=\"undefined (opens in a new tab)\" href=\"https:\/\/www.ica.org\/sites\/default\/files\/el_papel_de_los_archivos_en_la_crisis_del_covid_19.pdf\" target=\"_blank\" rel=\"noreferrer noopener\">El papel de los archivos en la crisis del COVID-19<\/a><\/p>\n\n\n\n<!--nextpage-->\n\n\n\n<p>Tradu\u00e7\u00e3o livre do texto <a aria-label=\"undefined (opens in a new tab)\" href=\"https:\/\/www.ica.org\/en\/the-role-of-archives-in-the-covid-19-crisis\" target=\"_blank\" rel=\"noreferrer noopener\">The role of archives in the #COVID-19 crisis<\/a>.<\/p>\n","protected":false},"excerpt":{"rendered":"<p>O Grupo de Trabalho sobre Arquivos e Direitos Humanos da ALA e a SAHR da ACI expressam seu apoio \u00e0 Declara\u00e7\u00e3o da UNESCO \u201cTransformando a amea\u00e7a do COVID-19 em uma oportunidade de maior apoio ao patrim\u00f4nio documental\u201d publicado h\u00e1 alguns dias. Divulgamos esta declara\u00e7\u00e3o na qual o patrim\u00f4nio documental \u00e9 tratado como um recurso importante &#8230; <a title=\"O papel dos arquivos frente ao COVID-19\" class=\"read-more\" href=\"https:\/\/mundobibliotecario.com.br\/index.php\/2020\/07\/29\/o-papel-dos-arquivos-frente-ao-covid-19\/\" aria-label=\"Read more about O papel dos arquivos frente ao COVID-19\">Ler mais<\/a><\/p>\n","protected":false},"author":1,"featured_media":0,"comment_status":"open","ping_status":"open","sticky":false,"template":"","format":"standard","meta":{"_mi_skip_tracking":false,"_exactmetrics_sitenote_active":false,"_exactmetrics_sitenote_note":"","_exactmetrics_sitenote_category":0,"_jetpack_newsletter_access":"","footnotes":""},"categories":[60],"tags":[334,1451,1452,1833,1453,1655],"class_list":["post-7723","post","type-post","status-publish","format-standard","hentry","category-noticias","tag-arquivo","tag-coronavirus","tag-covid-19","tag-covid-19-2","tag-covid19","tag-pandemia"],"jetpack_featured_media_url":"","jetpack_sharing_enabled":true,"jetpack-related-posts":[{"id":5524,"url":"https:\/\/mundobibliotecario.com.br\/index.php\/2020\/03\/21\/compartilhe-sua-historia-covid-19-com-o-clir\/","url_meta":{"origin":7723,"position":0},"title":"Compartilhe sua hist\u00f3ria COVID-19 com o CLIR","author":"mundobibliotecario","date":"21\/03\/2020","format":false,"excerpt":"Fonte: CLIR O CLIR (Council on Library and Information Resources)* est\u00e1 iniciando uma s\u00e9rie para explorar as respostas \u00e0 pandemia do COVID-19 por profissionais de bibliotecas, patrim\u00f4nio cultural e informa\u00e7\u00f5es. Estamos interessados \u200b\u200bnos desafios que o COVID-19 colocou para voc\u00ea e \/ ou seu local de trabalho e como voc\u00ea\u2026","rel":"","context":"Em &quot;Not\u00edcias&quot;","block_context":{"text":"Not\u00edcias","link":"https:\/\/mundobibliotecario.com.br\/index.php\/category\/noticias\/"},"img":{"alt_text":"","src":"","width":0,"height":0},"classes":[]},{"id":7586,"url":"https:\/\/mundobibliotecario.com.br\/index.php\/2020\/07\/23\/relatorio-da-unesco-sobre-museus-ao-redor-do-mundo-em-face-do-covid-19-esta-disponivel-online\/","url_meta":{"origin":7723,"position":1},"title":"Relat\u00f3rio da UNESCO sobre museus ao redor do mundo em face do COVID-19 est\u00e1 dispon\u00edvel online","author":"mundobibliotecario","date":"23\/07\/2020","format":false,"excerpt":"A UNESCO lan\u00e7ou um novo relat\u00f3rio sobre museus ao redor do mundo em face do COVID-19, fruto de uma pesquisa internacional direcionada a museus, profissionais da cultura e Estados-Membros. Este relat\u00f3rio, apresentando uma primeira avalia\u00e7\u00e3o do impacto do COVID-19 no setor de museus, lan\u00e7a uma nova luz sobre as principais\u2026","rel":"","context":"Em &quot;museologia&quot;","block_context":{"text":"museologia","link":"https:\/\/mundobibliotecario.com.br\/index.php\/category\/museologia\/"},"img":{"alt_text":"","src":"","width":0,"height":0},"classes":[]},{"id":8667,"url":"https:\/\/mundobibliotecario.com.br\/index.php\/2021\/04\/06\/relatorio-do-estado-das-bibliotecas-dos-estados-unidos-relatorio-especial-covid-19\/","url_meta":{"origin":7723,"position":2},"title":"Relat\u00f3rio do Estado das Bibliotecas dos Estados Unidos &#8211; Relat\u00f3rio Especial: COVID-19","author":"mundobibliotecario","date":"06\/04\/2021","format":false,"excerpt":"A American Library Association publicou em seu site o\u00a0Relat\u00f3rio do Estado das Bibliotecas dos Estados Unidos - Relat\u00f3rio Especial: COVID-19. Em um ano n\u00e3o muito diferente do que vivemos no Brasil em 2019, o texto de apresenta\u00e7\u00e3o do relat\u00f3rio informa que os Estados Unidos enfrentaram n\u00e3o s\u00f3 desafios pol\u00edticos devido\u2026","rel":"","context":"Em &quot;Not\u00edcias&quot;","block_context":{"text":"Not\u00edcias","link":"https:\/\/mundobibliotecario.com.br\/index.php\/category\/noticias\/"},"img":{"alt_text":"covid-19","src":"https:\/\/i0.wp.com\/mundobibliotecario.com.br\/wp-content\/uploads\/2020\/07\/covid-19-4975604_640.png?resize=350%2C200&ssl=1","width":350,"height":200},"classes":[]},{"id":5598,"url":"https:\/\/mundobibliotecario.com.br\/index.php\/2020\/04\/30\/bibliotecas-da-uga-university-of-georgia-documentam-a-covid-19-para-a-posteridade\/","url_meta":{"origin":7723,"position":3},"title":"Bibliotecas da UGA (University of Georgia) documentam a COVID-19 para a posteridade","author":"mundobibliotecario","date":"30\/04\/2020","format":false,"excerpt":"Erik Quillian, estudante de doutorado, fazendo pesquisas na \u00e1rea de funcion\u00e1rios das Bibliotecas de Cole\u00e7\u00f5es Especiais.\u00a0(Foto de Andrew Davis Tucker \/ UGA tirada em novembro de 2019) \u00c0 medida que a hist\u00f3ria se desenrola durante a pandemia do COVID-19,\u00a0as Bibliotecas de Cole\u00e7\u00f5es Especiais da Universidade da Ge\u00f3rgia est\u00e3o coletando experi\u00eancias\u2026","rel":"","context":"Em &quot;Not\u00edcias&quot;","block_context":{"text":"Not\u00edcias","link":"https:\/\/mundobibliotecario.com.br\/index.php\/category\/noticias\/"},"img":{"alt_text":"","src":"","width":0,"height":0},"classes":[]},{"id":7895,"url":"https:\/\/mundobibliotecario.com.br\/index.php\/2020\/10\/23\/atualizacao-do-projeto-realm\/","url_meta":{"origin":7723,"position":4},"title":"Atualiza\u00e7\u00e3o do Projeto REALM","author":"mundobibliotecario","date":"23\/10\/2020","format":false,"excerpt":"O projeto REALM (REopening Archives, Libraries and Museums), coordenado pela OCLC lan\u00e7ou sua 6\u00aa atualiza\u00e7\u00e3o. Segundo informa\u00e7\u00e3o dispon\u00edvel no Facebook da OCLC publicada em 22\/10\/2020: O teste 6 est\u00e1 em andamento em cinco materiais comumente encontrados em mobili\u00e1rio e exposi\u00e7\u00f5es de arquivos, bibliotecas e museus. Tamb\u00e9m est\u00e3o dispon\u00edveis os primeiros\u2026","rel":"","context":"Em &quot;Not\u00edcias&quot;","block_context":{"text":"Not\u00edcias","link":"https:\/\/mundobibliotecario.com.br\/index.php\/category\/noticias\/"},"img":{"alt_text":"","src":"","width":0,"height":0},"classes":[]},{"id":7984,"url":"https:\/\/mundobibliotecario.com.br\/index.php\/2020\/12\/23\/bibliotecas-publicas-respondem-a-pandemia-de-covid-19-criando-um-novo-modelo-de-servico\/","url_meta":{"origin":7723,"position":5},"title":"Bibliotecas p\u00fablicas respondem \u00e0 pandemia de COVID-19, criando um novo modelo de servi\u00e7o","author":"mundobibliotecario","date":"23\/12\/2020","format":false,"excerpt":"No editorial de dezembro de 2020 da revista Information Technology and Libraries, Jon Goddard faz uma breve retrospectiva de como as bibliotecas p\u00fablicas norte-americanas se reinventaram em 2020. Com a oferta de conta\u00e7\u00e3o de hist\u00f3rias online, empr\u00e9stimo de e-books e parcerias com escolas e outras institui\u00e7\u00f5es para melhor o sinal\u2026","rel":"","context":"Em &quot;Not\u00edcias&quot;","block_context":{"text":"Not\u00edcias","link":"https:\/\/mundobibliotecario.com.br\/index.php\/category\/noticias\/"},"img":{"alt_text":"","src":"https:\/\/i0.wp.com\/mundobibliotecario.com.br\/wp-content\/uploads\/2020\/12\/pandemic-5026719_640.jpg?resize=350%2C200&ssl=1","width":350,"height":200},"classes":[]}],"jetpack_likes_enabled":true,"jetpack_shortlink":"https:\/\/wp.me\/pcbzwa-20z","_links":{"self":[{"href":"https:\/\/mundobibliotecario.com.br\/index.php\/wp-json\/wp\/v2\/posts\/7723","targetHints":{"allow":["GET"]}}],"collection":[{"href":"https:\/\/mundobibliotecario.com.br\/index.php\/wp-json\/wp\/v2\/posts"}],"about":[{"href":"https:\/\/mundobibliotecario.com.br\/index.php\/wp-json\/wp\/v2\/types\/post"}],"author":[{"embeddable":true,"href":"https:\/\/mundobibliotecario.com.br\/index.php\/wp-json\/wp\/v2\/users\/1"}],"replies":[{"embeddable":true,"href":"https:\/\/mundobibliotecario.com.br\/index.php\/wp-json\/wp\/v2\/comments?post=7723"}],"version-history":[{"count":1,"href":"https:\/\/mundobibliotecario.com.br\/index.php\/wp-json\/wp\/v2\/posts\/7723\/revisions"}],"predecessor-version":[{"id":7725,"href":"https:\/\/mundobibliotecario.com.br\/index.php\/wp-json\/wp\/v2\/posts\/7723\/revisions\/7725"}],"wp:attachment":[{"href":"https:\/\/mundobibliotecario.com.br\/index.php\/wp-json\/wp\/v2\/media?parent=7723"}],"wp:term":[{"taxonomy":"category","embeddable":true,"href":"https:\/\/mundobibliotecario.com.br\/index.php\/wp-json\/wp\/v2\/categories?post=7723"},{"taxonomy":"post_tag","embeddable":true,"href":"https:\/\/mundobibliotecario.com.br\/index.php\/wp-json\/wp\/v2\/tags?post=7723"}],"curies":[{"name":"wp","href":"https:\/\/api.w.org\/{rel}","templated":true}]}}