{"id":7730,"date":"2020-08-01T17:00:00","date_gmt":"2020-08-01T20:00:00","guid":{"rendered":"http:\/\/mundobibliotecario.com.br\/?p=7730"},"modified":"2020-08-01T15:31:26","modified_gmt":"2020-08-01T18:31:26","slug":"entrevista-com-erica-vitorini-do-canal-historias-para-contar","status":"publish","type":"post","link":"https:\/\/mundobibliotecario.com.br\/index.php\/2020\/08\/01\/entrevista-com-erica-vitorini-do-canal-historias-para-contar\/","title":{"rendered":"Entrevista com \u00c9rica Vitorini, do canal Hist\u00f3rias para contar"},"content":{"rendered":"\n<p>O Mundo Bibliotec\u00e1rio entrevistou \u00c9rica Fernanda Vitorini, bibliotec\u00e1ria e estudante de pedagogia.<\/p>\n\n\n\n<p>A \u00c9rica criou o canal <a aria-label=\"undefined (opens in a new tab)\" href=\"https:\/\/www.youtube.com\/channel\/UCggq1_6l2u4vwztJbA9wdYA\" target=\"_blank\" rel=\"noreferrer noopener\">Hist\u00f3rias para contar<\/a> e contou para a gente um pouco sobre ele.<\/p>\n\n\n\n<p>Assista a entrevista e inscreva-se no <a href=\"https:\/\/www.youtube.com\/channel\/UCggq1_6l2u4vwztJbA9wdYA\" target=\"_blank\" rel=\"noreferrer noopener\">Hist\u00f3rias para contar<\/a>! Toda semana tem um v\u00eddeo novo!<\/p>\n\n\n\n<figure class=\"wp-block-video aligncenter\"><video controls src=\"http:\/\/mundobibliotecario.com.br\/wp-content\/uploads\/2020\/08\/WhatsApp-Video-2020-08-01-at-15.03.50.mp4\"><\/video><figcaption>Cr\u00e9dito: \u00c9rica Fernanda Vitorini<\/figcaption><\/figure>\n","protected":false},"excerpt":{"rendered":"<p>O Mundo Bibliotec\u00e1rio entrevistou \u00c9rica Fernanda Vitorini, bibliotec\u00e1ria e estudante de pedagogia. A \u00c9rica criou o canal Hist\u00f3rias para contar e contou para a gente um pouco sobre ele. Assista a entrevista e inscreva-se no Hist\u00f3rias para contar! Toda semana tem um v\u00eddeo novo!<\/p>\n","protected":false},"author":1,"featured_media":0,"comment_status":"open","ping_status":"open","sticky":false,"template":"","format":"standard","meta":{"_mi_skip_tracking":false,"_exactmetrics_sitenote_active":false,"_exactmetrics_sitenote_note":"","_exactmetrics_sitenote_category":0,"_jetpack_newsletter_access":"","footnotes":""},"categories":[60],"tags":[1839,8,1604],"class_list":["post-7730","post","type-post","status-publish","format-standard","hentry","category-noticias","tag-historias-para-contar","tag-leitura","tag-livros"],"jetpack_featured_media_url":"","jetpack_sharing_enabled":true,"jetpack-related-posts":[{"id":9287,"url":"https:\/\/mundobibliotecario.com.br\/index.php\/2021\/08\/04\/audiolivro-de-chico-felitti-sobre-elke-maravilha-vai-virar-livro\/","url_meta":{"origin":7730,"position":0},"title":"Audiolivro de Chico Felitti sobre Elke Maravilha vai virar livro","author":"mundobibliotecario","date":"04\/08\/2021","format":false,"excerpt":"A Todavia confirmou que vai publicar, em formatos papel e digital, o livro Mulher maravilha, de Chico Felitti. A hist\u00f3ria, publicada em formato de audiolivro em mar\u00e7o de 2020 pela Storytel, chegar\u00e1, em novembro, aos leitores em texto, nos formatos impresso e digital. O livro conta a hist\u00f3ria de Elke\u2026","rel":"","context":"Post similar","block_context":{"text":"Post similar","link":""},"img":{"alt_text":"","src":"https:\/\/i0.wp.com\/mundobibliotecario.com.br\/wp-content\/uploads\/2021\/08\/Xlpa8xnfzyHSPz4Wv59X9Vs3At6TF8fs65yWxjwmaLqfxQJg3a2mPXnuQo53dVUGdWKacO5V583sxFy8.png?resize=350%2C200&ssl=1","width":350,"height":200},"classes":[]},{"id":2624,"url":"https:\/\/mundobibliotecario.com.br\/index.php\/2012\/06\/21\/exposicao-na-biblioteca-florestan-fernandes-fflch-usp\/","url_meta":{"origin":7730,"position":1},"title":"Exposi\u00e7\u00e3o na Biblioteca Florestan Fernandes &#8211; FFLCH-USP","author":"mundobibliotecario","date":"21\/06\/2012","format":false,"excerpt":"A Biblioteca Florestan Fernandes da FFLCH-USP vem realizando exposi\u00e7\u00f5es em suas depend\u00eancias a respeito de literatura, hist\u00f3ria e outras \u00e1reas de conhecimento. Desta vez, aBiblioteca Florestan Fernandes, em parceria com oInstituto Martius-Staden, promove at\u00e9 o dia 18 de julho, a exposi\u00e7\u00e3o\u201cEmigra\u00e7\u00e3o ao Brasil pelo Sistema de Parceria\u201d,\u00a0que conta a vinda\u2026","rel":"","context":"Em &quot;Eventos&quot;","block_context":{"text":"Eventos","link":"https:\/\/mundobibliotecario.com.br\/index.php\/category\/eventos\/"},"img":{"alt_text":"","src":"https:\/\/i0.wp.com\/mundobibliotecario.hospedagemdesites.ws\/wp-content\/uploads\/2012\/06\/image002.jpg?resize=350%2C200","width":350,"height":200},"classes":[]},{"id":4972,"url":"https:\/\/mundobibliotecario.com.br\/index.php\/2018\/08\/09\/startup-cria-aplicativo-para-pais-e-filhos-contarem-historias\/","url_meta":{"origin":7730,"position":2},"title":"Startup cria aplicativo para pais e filhos contarem hist\u00f3rias","author":"mundobibliotecario","date":"09\/08\/2018","format":false,"excerpt":"O Inventeca ajuda o desenvolvimento da linguagem de crian\u00e7as por meio da conta\u00e7\u00e3o de suas pr\u00f3prias hist\u00f3rias \u00a9 Carlos Pupo A \u00a0StoryMax, startup publicadora de app books \u2013 livros digitais interativos para tablets e smartphones \u2013 focados no p\u00fablico jovem lan\u00e7ou seu 10\u00ba aplicativo, o Inventeca. O aplicativo reproduz a\u2026","rel":"","context":"Em &quot;Not\u00edcias&quot;","block_context":{"text":"Not\u00edcias","link":"https:\/\/mundobibliotecario.com.br\/index.php\/category\/noticias\/"},"img":{"alt_text":"","src":"","width":0,"height":0},"classes":[]},{"id":4260,"url":"https:\/\/mundobibliotecario.com.br\/index.php\/2016\/05\/14\/acervo-de-36-anos-de-noticias-em-vhs-se-tornou-tesouro-do-internet-archive\/","url_meta":{"origin":7730,"position":3},"title":"Acervo de 36 anos de not\u00edcias em VHS se tornou tesouro do Internet Archive","author":"mundobibliotecario","date":"14\/05\/2016","format":false,"excerpt":"O Internet Archive, organiza\u00e7\u00e3o sem fins lucrativos que tem a miss\u00e3o de arquivar conte\u00fados de p\u00e1ginas antigas da web, ganhou uma rica colabora\u00e7\u00e3o. A organiza\u00e7\u00e3o recebeu a doa\u00e7\u00e3o de um acervo de 140 mil fitas VHS com registros hist\u00f3ricos do per\u00edodo entre 1976 e 2012, gravados pela norte-americana Marion Stokes.\u2026","rel":"","context":"Em &quot;Not\u00edcias&quot;","block_context":{"text":"Not\u00edcias","link":"https:\/\/mundobibliotecario.com.br\/index.php\/category\/noticias\/"},"img":{"alt_text":"","src":"https:\/\/i0.wp.com\/i2.tudocdn.net\/img\/type28\/width646\/height284\/id172706_1.jpg?resize=350%2C200","width":350,"height":200},"classes":[]},{"id":2651,"url":"https:\/\/mundobibliotecario.com.br\/index.php\/2012\/07\/15\/inscricoes-curso-basico-de-formacao-para-contadores-de-historia\/","url_meta":{"origin":7730,"position":4},"title":"Inscri\u00e7\u00f5es Curso B\u00e1sico de Forma\u00e7\u00e3o para Contadores de Hist\u00f3ria","author":"mundobibliotecario","date":"15\/07\/2012","format":false,"excerpt":"Curso b\u00e1sico de forma\u00e7\u00e3o para contadores de hist\u00f3rias na Biblioteca Tem\u00e1tica em Contos de Fadas Hans Christian Andersen. Carga Hor\u00e1ria: 60h. 35 vagas.\u00a0Inscri\u00e7\u00f5es de 16 a 21 de julho, pessoalmente na Biblioteca. No ato da inscri\u00e7\u00e3o, o interessado dever\u00e1 preencher uma carta de inten\u00e7\u00e3o que ser\u00e1 decisiva na sele\u00e7\u00e3o dos\u2026","rel":"","context":"Em &quot;Curso&quot;","block_context":{"text":"Curso","link":"https:\/\/mundobibliotecario.com.br\/index.php\/category\/curso\/"},"img":{"alt_text":"","src":"","width":0,"height":0},"classes":[]},{"id":7889,"url":"https:\/\/mundobibliotecario.com.br\/index.php\/2020\/10\/19\/cinco-livros-brasileiros-ganham-destaque-na-maior-biblioteca-de-livros-infantis-e-juvenis-do-mundo\/","url_meta":{"origin":7730,"position":5},"title":"Cinco livros brasileiros ganham destaque na maior biblioteca de livros infantis e juvenis do mundo","author":"mundobibliotecario","date":"19\/10\/2020","format":false,"excerpt":"A Biblioteca Internacional Juvenil de Munique (Alemanha) selecionou cinco t\u00edtulos brasileiros para o cat\u00e1logo White Ravens 2020. S\u00e3o obras publicadas pela FTD, Companhia das Letras, SM, Paulinas e Rocco \u00a0 Capa do cat\u00e1logo de 2020, desenhada pela ilustradora e autora Emma AdB\u00e5ge Todos os anos, a Internationale Jugendbibliothek (IJB), maior\u2026","rel":"","context":"Em &quot;Not\u00edcias&quot;","block_context":{"text":"Not\u00edcias","link":"https:\/\/mundobibliotecario.com.br\/index.php\/category\/noticias\/"},"img":{"alt_text":"","src":"","width":0,"height":0},"classes":[]}],"jetpack_likes_enabled":true,"jetpack_shortlink":"https:\/\/wp.me\/pcbzwa-20G","_links":{"self":[{"href":"https:\/\/mundobibliotecario.com.br\/index.php\/wp-json\/wp\/v2\/posts\/7730","targetHints":{"allow":["GET"]}}],"collection":[{"href":"https:\/\/mundobibliotecario.com.br\/index.php\/wp-json\/wp\/v2\/posts"}],"about":[{"href":"https:\/\/mundobibliotecario.com.br\/index.php\/wp-json\/wp\/v2\/types\/post"}],"author":[{"embeddable":true,"href":"https:\/\/mundobibliotecario.com.br\/index.php\/wp-json\/wp\/v2\/users\/1"}],"replies":[{"embeddable":true,"href":"https:\/\/mundobibliotecario.com.br\/index.php\/wp-json\/wp\/v2\/comments?post=7730"}],"version-history":[{"count":4,"href":"https:\/\/mundobibliotecario.com.br\/index.php\/wp-json\/wp\/v2\/posts\/7730\/revisions"}],"predecessor-version":[{"id":7737,"href":"https:\/\/mundobibliotecario.com.br\/index.php\/wp-json\/wp\/v2\/posts\/7730\/revisions\/7737"}],"wp:attachment":[{"href":"https:\/\/mundobibliotecario.com.br\/index.php\/wp-json\/wp\/v2\/media?parent=7730"}],"wp:term":[{"taxonomy":"category","embeddable":true,"href":"https:\/\/mundobibliotecario.com.br\/index.php\/wp-json\/wp\/v2\/categories?post=7730"},{"taxonomy":"post_tag","embeddable":true,"href":"https:\/\/mundobibliotecario.com.br\/index.php\/wp-json\/wp\/v2\/tags?post=7730"}],"curies":[{"name":"wp","href":"https:\/\/api.w.org\/{rel}","templated":true}]}}