{"id":7755,"date":"2020-08-10T19:00:00","date_gmt":"2020-08-10T22:00:00","guid":{"rendered":"http:\/\/mundobibliotecario.com.br\/?p=7755"},"modified":"2020-08-09T14:40:21","modified_gmt":"2020-08-09T17:40:21","slug":"ibict-mapeia-bibliotecas-usuarias-do-software-livre-koha","status":"publish","type":"post","link":"https:\/\/mundobibliotecario.com.br\/index.php\/2020\/08\/10\/ibict-mapeia-bibliotecas-usuarias-do-software-livre-koha\/","title":{"rendered":"Ibict mapeia bibliotecas usu\u00e1rias do software livre Koha"},"content":{"rendered":"\n<figure class=\"wp-block-image\"><img decoding=\"async\" src=\"http:\/\/www.ibict.br\/media\/k2\/items\/cache\/e627ecab6be5503e3ad2715db14a659d_L.jpg\" alt=\"Ibict mapeia bibliotecas usu\u00e1rias do software livre Koha\"\/><figcaption><em>Divulga\u00e7\u00e3o<\/em><\/figcaption><\/figure>\n\n\n\n<p>Ao responder o formul\u00e1rio, as bibliotecas passam a integrar o mapa da comunidade Koha no Brasil<\/p>\n\n\n\n<p>O Instituto Brasileiro de Informa\u00e7\u00e3o em Ci\u00eancia e Tecnologia (Ibict) convida as bibliotecas brasileiras a participar de um levantamento sobre a presen\u00e7a do software Koha no Brasil. O objetivo \u00e9 formar uma rede integrada de bibliotecas usu\u00e1rias do gerenciador de bibliotecas (Koha), com vias a prestar apoio \u00e0s institui\u00e7\u00f5es, fortalecer a comunidade e verificar a influ\u00eancia e capilaridade do software dentro do Brasil.<\/p>\n\n\n\n<!--more-->\n\n\n\n<p>Para participar, basta que as bibliotecas usu\u00e1rias do Koha respondam a um&nbsp;<a href=\"https:\/\/docs.google.com\/forms\/d\/e\/1FAIpQLSeB58jxXimoqlP7JMFJdfUkO0em85wZRIcHBkno2YRWG3tkyQ\/viewform\">question\u00e1rio<\/a>&nbsp;de algumas etapas. A medida que as institui\u00e7\u00f5es preencherem a pesquisa, elas passam a constar em um mapa georreferenciado de atualiza\u00e7\u00e3o autom\u00e1tica, o software&nbsp;<a href=\"http:\/\/visao.ibict.br\/\">Vis\u00e3o<\/a>, desenvolvido pelo Ibict.&nbsp;&nbsp;<\/p>\n\n\n\n<p>Sobre o Koha<\/p>\n\n\n\n<p>Koha \u00e9 um software livre de c\u00f3digo aberto lan\u00e7ado na Nova Zel\u00e2ndia na virada do mil\u00eanio. O seu desenvolvimento foi patrocinado por bibliotecas de diferentes tipos e tamanhos, al\u00e9m de volunt\u00e1rios e empresas sediadas ao redor de todo o mundo.&nbsp;<\/p>\n\n\n\n<p>Em maori, idioma nativo da popula\u00e7\u00e3o ind\u00edgena da Nova Zel\u00e2ndia, Koha significa presente, ou d\u00e1diva. O software hom\u00f4nimo, por sua vez, \u00e9 considerado o primeiro sistema completo de gest\u00e3o de bibliotecas e de centros de documenta\u00e7\u00e3o em formato de software livre e aberto do mundo. Atualmente, uma comunidade de usu\u00e1rios trabalha para que o conjunto de recursos do Koha continue a evoluir para atender a novas demandas.<\/p>\n\n\n\n<p>Atua\u00e7\u00e3o do Ibict<\/p>\n\n\n\n<p>No Brasil, o Ibict desenvolveu uma s\u00e9rie de servi\u00e7os para apoiar a dissemina\u00e7\u00e3o do Koha. O&nbsp;<a href=\"https:\/\/forum.ibict.br\/t\/bem-vindos-ao-forum-do-koha\/293\">F\u00f3rum do Koha<\/a>, por exemplo, foi criado para responder a d\u00favidas de usu\u00e1rios sobre o processo de instala\u00e7\u00e3o, migra\u00e7\u00e3o de cole\u00e7\u00f5es e gerenciamento de sistemas. O Instituto tamb\u00e9m mobiliza equipes especializadas para ministrar treinamentos em institui\u00e7\u00f5es p\u00fablicas e privadas, al\u00e9m de auxiliar processos de migra\u00e7\u00e3o.&nbsp;<\/p>\n\n\n\n<p>Apesar de ter se popularizado em pa\u00edses de l\u00edngua inglesa, at\u00e9 2017 o Koha n\u00e3o contava com materiais de apoio em portugu\u00eas, dificultando sua dissemina\u00e7\u00e3o no pa\u00eds. Isso mudou com o lan\u00e7amento do&nbsp;<a href=\"https:\/\/livroaberto.ibict.br\/handle\/123456789\/1064\">Guia do Usu\u00e1rio do Koha<\/a>, uma produ\u00e7\u00e3o t\u00e9cnica do Ibict desenvolvida para instruir o p\u00fablico e promover a sua autonomia.&nbsp;<\/p>\n\n\n\n<p>Mariana Lozzi&nbsp;<\/p>\n\n\n\n<p>Coordena\u00e7\u00e3o de Articula\u00e7\u00e3o, Gera\u00e7\u00e3o e Aplica\u00e7\u00e3o de Tecnologia<\/p>\n","protected":false},"excerpt":{"rendered":"<p>Ao responder o formul\u00e1rio, as bibliotecas passam a integrar o mapa da comunidade Koha no Brasil O Instituto Brasileiro de Informa\u00e7\u00e3o em Ci\u00eancia e Tecnologia (Ibict) convida as bibliotecas brasileiras a participar de um levantamento sobre a presen\u00e7a do software Koha no Brasil. O objetivo \u00e9 formar uma rede integrada de bibliotecas usu\u00e1rias do gerenciador &#8230; <a title=\"Ibict mapeia bibliotecas usu\u00e1rias do software livre Koha\" class=\"read-more\" href=\"https:\/\/mundobibliotecario.com.br\/index.php\/2020\/08\/10\/ibict-mapeia-bibliotecas-usuarias-do-software-livre-koha\/\" aria-label=\"Read more about Ibict mapeia bibliotecas usu\u00e1rias do software livre Koha\">Ler mais<\/a><\/p>\n","protected":false},"author":1,"featured_media":0,"comment_status":"open","ping_status":"open","sticky":false,"template":"","format":"standard","meta":{"_mi_skip_tracking":false,"_exactmetrics_sitenote_active":false,"_exactmetrics_sitenote_note":"","_exactmetrics_sitenote_category":0,"_jetpack_newsletter_access":"","footnotes":""},"categories":[60],"tags":[1392,438,1116,657],"class_list":["post-7755","post","type-post","status-publish","format-standard","hentry","category-noticias","tag-bibliotecas","tag-ibict","tag-koha","tag-software"],"jetpack_featured_media_url":"","jetpack_sharing_enabled":true,"jetpack-related-posts":[{"id":3327,"url":"https:\/\/mundobibliotecario.com.br\/index.php\/2013\/11\/28\/o-lado-humano-da-automacao-de-bibliotecas\/","url_meta":{"origin":7755,"position":0},"title":"O lado humano da automa\u00e7\u00e3o de bibliotecas","author":"mundobibliotecario","date":"28\/11\/2013","format":false,"excerpt":"No \u00faltima 22\/11\/13, ocorreu no anfiteatro Bento Prado J\u00fanior da UFSCar o \"IV ConversA\u00c7\u00d5ES: Softwares para automa\u00e7\u00e3o de unidades de informa\u00e7\u00e3o\". Como se ver\u00e1, envolve muito mais o trabalho de pessoas, visto que o software \u00e9 o produto final. Como qualquer m\u00e1quina, \u00e9 o software que deve trabalhar para os\u2026","rel":"","context":"Em &quot;Eventos&quot;","block_context":{"text":"Eventos","link":"https:\/\/mundobibliotecario.com.br\/index.php\/category\/eventos\/"},"img":{"alt_text":"","src":"","width":0,"height":0},"classes":[]},{"id":2923,"url":"https:\/\/mundobibliotecario.com.br\/index.php\/2013\/02\/21\/ibict-faz-parceria-com-a-stanford-university-para-implementacao-de-servicos-de-preservacao-digital\/","url_meta":{"origin":7755,"position":1},"title":"IBICT faz parceria com a Stanford University para implementa\u00e7\u00e3o de servi\u00e7os de preserva\u00e7\u00e3o digital","author":"mundobibliotecario","date":"21\/02\/2013","format":false,"excerpt":"Para a cria\u00e7\u00e3o da Rede Brasileira de Servi\u00e7os de Preserva\u00e7\u00e3o Digital \u2013 Cariniana, o Instituto Brasileiro de Informa\u00e7\u00e3o em Ci\u00eancia e Tecnologia (IBICT) aderiu \u00e0 Alian\u00e7a Internacional LOCKSS (http:\/\/www.lockss.org), no m\u00eas de janeiro de 2013. Segundo Miguel \u00c1ngel Mardero Arellano, coordenador da Cariniana, a ideia \u00e9 de que o IBICT\u2026","rel":"","context":"Em &quot;Not\u00edcias&quot;","block_context":{"text":"Not\u00edcias","link":"https:\/\/mundobibliotecario.com.br\/index.php\/category\/noticias\/"},"img":{"alt_text":"","src":"","width":0,"height":0},"classes":[]},{"id":1573,"url":"https:\/\/mundobibliotecario.com.br\/index.php\/2010\/11\/25\/a-cara-da-biblioteca-na-proxima-geracao-do-opac\/","url_meta":{"origin":7755,"position":2},"title":"A cara da biblioteca na pr\u00f3xima gera\u00e7\u00e3o do OPAC","author":"mundobibliotecario","date":"25\/11\/2010","format":false,"excerpt":"Fiquei muito feliz ao ler o texto do Prof\u00ba Fernando Modesto no OFAJ e verificar que muitos das caracter\u00edsticas que ele apresenta para OPACs s\u00e3o bem pr\u00f3ximas de alguns resultados que estou obtendo na minha pesquisa de inicia\u00e7\u00e3o cient\u00edfica. Vale a pena investir nessa ferramenta, que considero a \"vitrine\" da\u2026","rel":"","context":"Em &quot;Not\u00edcias&quot;","block_context":{"text":"Not\u00edcias","link":"https:\/\/mundobibliotecario.com.br\/index.php\/category\/noticias\/"},"img":{"alt_text":"","src":"","width":0,"height":0},"classes":[]},{"id":2497,"url":"https:\/\/mundobibliotecario.com.br\/index.php\/2012\/03\/15\/materiais-de-estudo-gratuitos-sobre-biblioteca-digital\/","url_meta":{"origin":7755,"position":3},"title":"Materiais de estudo gratuitos sobre biblioteca digital","author":"mundobibliotecario","date":"15\/03\/2012","format":false,"excerpt":"Localizei alguns materiais gratuitos\u00a0sobre biblioteca digital que compartilho. Podem ser \u00fateis para concursos, pois tem sido um tema recorrente, e tamb\u00e9m para quem trabalha diretamente com o assunto. Bons estudos! Digital Libraries Wiki This wiki was constructed during fall 2009 by students in IST 676 (Digital Libraries) as part of\u2026","rel":"","context":"Em &quot;Not\u00edcias&quot;","block_context":{"text":"Not\u00edcias","link":"https:\/\/mundobibliotecario.com.br\/index.php\/category\/noticias\/"},"img":{"alt_text":"","src":"","width":0,"height":0},"classes":[]},{"id":5258,"url":"https:\/\/mundobibliotecario.com.br\/index.php\/2019\/08\/26\/secult-inaugura-a-primeira-rede-de-bibliotecas-publicas-do-brasil-a-disponibilizar-seu-acervo-no-software-biblivre\/","url_meta":{"origin":7755,"position":4},"title":"Secult inaugura a primeira rede de Bibliotecas P\u00fablicas do Brasil a disponibilizar seu acervo no software Biblivre","author":"mundobibliotecario","date":"26\/08\/2019","format":false,"excerpt":"A biblioteca p\u00fablica pensada em rede e com disponibiliza\u00e7\u00e3o do acervo para consulta online. A Secretaria da Cultura do Estado do Cear\u00e1 (Secult), inaugurou oficialmente nesta ter\u00e7a-feira (20) a primeira rede de Bibliotecas P\u00fablicas do Brasil a disponibilizar seu acervo no software Biblivre. Com a novidade, mais de 300 mil\u2026","rel":"","context":"Em &quot;Not\u00edcias&quot;","block_context":{"text":"Not\u00edcias","link":"https:\/\/mundobibliotecario.com.br\/index.php\/category\/noticias\/"},"img":{"alt_text":"","src":"","width":0,"height":0},"classes":[]},{"id":7753,"url":"https:\/\/mundobibliotecario.com.br\/index.php\/2020\/08\/09\/fundacao-biblioteca-nacional-adere-a-rede-cariniana-para-a-preservacao-digital-de-documentos\/","url_meta":{"origin":7755,"position":5},"title":"Funda\u00e7\u00e3o Biblioteca Nacional adere \u00e0 Rede Cariniana para a preserva\u00e7\u00e3o digital de documentos","author":"mundobibliotecario","date":"09\/08\/2020","format":false,"excerpt":"Fachada da bibliotecaCr\u00e9dito da foto: Funda\u00e7\u00e3o Biblioteca Nacional A Funda\u00e7\u00e3o Biblioteca Nacional (FBN) e o Instituto Brasileiro de Informa\u00e7\u00e3o em Ci\u00eancia e Tecnologia (Ibict\/MCTI) anunciam a ades\u00e3o da FBN \u00e0 Rede Brasileira de Servi\u00e7os de Preserva\u00e7\u00e3o Digital (Rede Cariniana\/Ibict). O acordo entre as institui\u00e7\u00f5es busca promover o arquivamento digital na\u2026","rel":"","context":"Em &quot;Not\u00edcias&quot;","block_context":{"text":"Not\u00edcias","link":"https:\/\/mundobibliotecario.com.br\/index.php\/category\/noticias\/"},"img":{"alt_text":"","src":"","width":0,"height":0},"classes":[]}],"jetpack_likes_enabled":true,"jetpack_shortlink":"https:\/\/wp.me\/pcbzwa-215","_links":{"self":[{"href":"https:\/\/mundobibliotecario.com.br\/index.php\/wp-json\/wp\/v2\/posts\/7755","targetHints":{"allow":["GET"]}}],"collection":[{"href":"https:\/\/mundobibliotecario.com.br\/index.php\/wp-json\/wp\/v2\/posts"}],"about":[{"href":"https:\/\/mundobibliotecario.com.br\/index.php\/wp-json\/wp\/v2\/types\/post"}],"author":[{"embeddable":true,"href":"https:\/\/mundobibliotecario.com.br\/index.php\/wp-json\/wp\/v2\/users\/1"}],"replies":[{"embeddable":true,"href":"https:\/\/mundobibliotecario.com.br\/index.php\/wp-json\/wp\/v2\/comments?post=7755"}],"version-history":[{"count":2,"href":"https:\/\/mundobibliotecario.com.br\/index.php\/wp-json\/wp\/v2\/posts\/7755\/revisions"}],"predecessor-version":[{"id":7766,"href":"https:\/\/mundobibliotecario.com.br\/index.php\/wp-json\/wp\/v2\/posts\/7755\/revisions\/7766"}],"wp:attachment":[{"href":"https:\/\/mundobibliotecario.com.br\/index.php\/wp-json\/wp\/v2\/media?parent=7755"}],"wp:term":[{"taxonomy":"category","embeddable":true,"href":"https:\/\/mundobibliotecario.com.br\/index.php\/wp-json\/wp\/v2\/categories?post=7755"},{"taxonomy":"post_tag","embeddable":true,"href":"https:\/\/mundobibliotecario.com.br\/index.php\/wp-json\/wp\/v2\/tags?post=7755"}],"curies":[{"name":"wp","href":"https:\/\/api.w.org\/{rel}","templated":true}]}}