{"id":7811,"date":"2020-08-27T10:00:00","date_gmt":"2020-08-27T13:00:00","guid":{"rendered":"http:\/\/mundobibliotecario.com.br\/?p=7811"},"modified":"2020-08-25T20:25:00","modified_gmt":"2020-08-25T23:25:00","slug":"hablatam-dinamicas-de-consumo-e-compartilhamento-de-informacoes-por-jovens-brasileiros","status":"publish","type":"post","link":"https:\/\/mundobibliotecario.com.br\/index.php\/2020\/08\/27\/hablatam-dinamicas-de-consumo-e-compartilhamento-de-informacoes-por-jovens-brasileiros\/","title":{"rendered":"Hablatam: din\u00e2micas de consumo e compartilhamento de informa\u00e7\u00f5es por jovens brasileiros"},"content":{"rendered":"\n<p>Tecnologias digitais permitem jovens participarem no consumo, dissemina\u00e7\u00e3o e cria\u00e7\u00e3o de conte\u00fado de formas inovadoras a partir da revolu\u00e7\u00e3o das tecnologias de informa\u00e7\u00e3o e comunica\u00e7\u00e3o. A fim de captar as din\u00e2micas do mal uso da informa\u00e7\u00e3o dentro das plataformas digitais, \u00e9 necess\u00e1rio ter uma postura proativa para verificar informa\u00e7\u00f5es e desenvolver as habilidades correspondentes para isso.&nbsp;<\/p>\n\n\n\n<p><strong>Neste contexto de desordem informacional, jovens e adolescentes t\u00eam um papel muito importante no combate \u00e0 desinforma\u00e7\u00e3o, mesmo n\u00e3o possuindo todas as habilidades necess\u00e1rias para tanto ou n\u00e3o se sentindo empoderados para faz\u00ea-lo.<\/strong><\/p>\n\n\n\n<p>Partindo desse problema,&nbsp;<strong>o Instituto de Tecnologia e Sociedade (ITS) junto ao cons\u00f3rcio de pesquisadores Conectados al Sur desenvolveram o projeto Hablatam, cujo objetivo \u00e9 entender quais as rela\u00e7\u00f5es da juventude com o ecossistema informacional e como os jovens podem ter um papel ativo na constru\u00e7\u00e3o de um ambiente online mais seguro e saud\u00e1vel.&nbsp;<\/strong><\/p>\n\n\n\n<p>O projeto tem como objetivo compreender tr\u00eas quest\u00f5es centrais:<\/p>\n\n\n\n<ol class=\"wp-block-list\"><li>quais as&nbsp; perspectivas e as pr\u00e1ticas cotidianas dos jovens com tecnologias digitais e que habilidades&nbsp; possuem, carecem e gostariam de adquirir;&nbsp;<\/li><li>que conte\u00fado est\u00e1 faltando ou n\u00e3o \u00e9 adequado para o desenvolvimento de suas habilidades digitais;&nbsp;<\/li><li>qual \u00e9 a din\u00e2mica usada para pesquisar, selecionar, verificar, consumir e compartilhar informa\u00e7\u00f5es, bem como explorar como eles percebem e entendem a no\u00e7\u00e3o de qualidade da informa\u00e7\u00e3o.<\/li><\/ol>\n\n\n\n<p>A metodologia da pesquisa Hablatam parte de uma abordagem n\u00e3o adulto-centrada, que inclui os jovens em todas as suas etapas de forma ativa. A mesma foi dividida em tr\u00eas fases: oficinas de cocria\u00e7\u00e3o, grupos focais e pesquisa quantitativa em diferentes regi\u00f5es metropolitanas do pa\u00eds. Tenha uma \u00f3tima leitura e fa\u00e7a bom proveito deste conhecimento produzido!&nbsp;<\/p>\n\n\n\n<p><a href=\"https:\/\/itsrio.org\/wp-content\/uploads\/2020\/08\/Relat%C3%B3rio-Hablatam.pdf\" target=\"_blank\" rel=\"noreferrer noopener\"><strong>ACESSE O RELAT\u00d3RIO<\/strong><\/a><\/p>\n\n\n\n<p>Dispon\u00edvel em: <a href=\"https:\/\/itsrio.org\/pt\/publicacoes\/hablatam-dinamicas-de-consumo-e-compartilhamento-de-informacoes-por-jovens-brasileiros\/\">https:\/\/itsrio.org\/pt\/publicacoes\/hablatam-dinamicas-de-consumo-e-compartilhamento-de-informacoes-por-jovens-brasileiros\/<\/a>. Acesso em: 25 ago. 2020.<\/p>\n","protected":false},"excerpt":{"rendered":"<p>Tecnologias digitais permitem jovens participarem no consumo, dissemina\u00e7\u00e3o e cria\u00e7\u00e3o de conte\u00fado de formas inovadoras a partir da revolu\u00e7\u00e3o das tecnologias de informa\u00e7\u00e3o e comunica\u00e7\u00e3o. A fim de captar as din\u00e2micas do mal uso da informa\u00e7\u00e3o dentro das plataformas digitais, \u00e9 necess\u00e1rio ter uma postura proativa para verificar informa\u00e7\u00f5es e desenvolver as habilidades correspondentes para &#8230; <a title=\"Hablatam: din\u00e2micas de consumo e compartilhamento de informa\u00e7\u00f5es por jovens brasileiros\" class=\"read-more\" href=\"https:\/\/mundobibliotecario.com.br\/index.php\/2020\/08\/27\/hablatam-dinamicas-de-consumo-e-compartilhamento-de-informacoes-por-jovens-brasileiros\/\" aria-label=\"Read more about Hablatam: din\u00e2micas de consumo e compartilhamento de informa\u00e7\u00f5es por jovens brasileiros\">Ler mais<\/a><\/p>\n","protected":false},"author":1,"featured_media":0,"comment_status":"open","ping_status":"open","sticky":false,"template":"","format":"standard","meta":{"_mi_skip_tracking":false,"_exactmetrics_sitenote_active":false,"_exactmetrics_sitenote_note":"","_exactmetrics_sitenote_category":0,"_jetpack_newsletter_access":"","footnotes":""},"categories":[60],"tags":[1854,1447],"class_list":["post-7811","post","type-post","status-publish","format-standard","hentry","category-noticias","tag-compartilhamento-de-informacao","tag-consumo-de-informacao"],"jetpack_featured_media_url":"","jetpack_sharing_enabled":true,"jetpack-related-posts":[{"id":4455,"url":"https:\/\/mundobibliotecario.com.br\/index.php\/2017\/01\/09\/guarda-roupa-compartilhado-e-solucao-para-consumo-consciente\/","url_meta":{"origin":7811,"position":0},"title":"Guarda-roupa compartilhado \u00e9 solu\u00e7\u00e3o para consumo consciente","author":"mundobibliotecario","date":"09\/01\/2017","format":false,"excerpt":"Repensar o papel do consumismo nas nossas vidas \u00e9 uma das respostas mais efetivas para a pergunta: como minimizar o nosso impacto no mundo? O consumo consciente n\u00e3o \u00e9 s\u00f3 mais uma tend\u00eancia bem-comportada com cara de greenwash populando discursos de marcas que querem parecer legais. Tudo bem, \u00e0s vezes\u2026","rel":"","context":"Em &quot;Not\u00edcias&quot;","block_context":{"text":"Not\u00edcias","link":"https:\/\/mundobibliotecario.com.br\/index.php\/category\/noticias\/"},"img":{"alt_text":"jovens comemorando na cal\u00c3\u00a7ada","src":"https:\/\/i0.wp.com\/www.freetheessence.com.br\/lib\/uploads\/2016\/04\/12932626_1014316018616782_6973417667396191883_n.jpg?resize=350%2C200&ssl=1","width":350,"height":200},"classes":[]},{"id":458,"url":"https:\/\/mundobibliotecario.com.br\/index.php\/2009\/03\/11\/arquivamento-a-longo-prazo\/","url_meta":{"origin":7811,"position":1},"title":"Arquivamento a longo prazo","author":"mundobibliotecario","date":"11\/03\/2009","format":false,"excerpt":"JB Online Ter\u00e7a-feira, 03 de Mar\u00e7o de 2009 - 00:00 Sinuca digital Paulo Pacini - Psic\u00f3logo e pesquisador Quando, em 1999, o neurobi\u00f3logo Joseph Miller pediu \u00e0 Nasa acesso aos dados das miss\u00f5es Viking, que aterrissaram em Marte em 1976, sua solicita\u00e7\u00e3o foi prontamente atendida. As fitas magn\u00e9ticas, corretamente armazenadas,\u2026","rel":"","context":"Em &quot;Not\u00edcias&quot;","block_context":{"text":"Not\u00edcias","link":"https:\/\/mundobibliotecario.com.br\/index.php\/category\/noticias\/"},"img":{"alt_text":"","src":"","width":0,"height":0},"classes":[]},{"id":4389,"url":"https:\/\/mundobibliotecario.com.br\/index.php\/2016\/10\/27\/como-identificar-a-veracidade-de-uma-informacao-e-nao-espalhar-boatos\/","url_meta":{"origin":7811,"position":2},"title":"Como identificar a veracidade de uma informa\u00e7\u00e3o e n\u00e3o espalhar boatos","author":"mundobibliotecario","date":"27\/10\/2016","format":false,"excerpt":"Ana Freitas -\u00a011 Out 2016 - (atualizado 21\/Out 14h17) Not\u00edcias falsas t\u00eam potencial devastador. H\u00e1 algumas t\u00e9cnicas para tentar evit\u00e1-las. Aqui est\u00e3o elas FOTO: YUKIKO MATSUOKA\/FLICKR\/ALGUNS DIREITOS RESERVADOS 'NA D\u00daVIDA, ACHEI MELHOR COMPARTILHAR': SER\u00c1 QUE ESSA \u00c9 A MELHOR ABORDAGEM? O serralheiro carioca Carlos Luiz Batista, de 39 anos, viu\u2026","rel":"","context":"Em &quot;Not\u00edcias&quot;","block_context":{"text":"Not\u00edcias","link":"https:\/\/mundobibliotecario.com.br\/index.php\/category\/noticias\/"},"img":{"alt_text":"","src":"","width":0,"height":0},"classes":[]},{"id":3268,"url":"https:\/\/mundobibliotecario.com.br\/index.php\/2013\/10\/15\/i-seminario-em-humanidades-digitais-no-brasil\/","url_meta":{"origin":7811,"position":3},"title":"I Semin\u00e1rio em Humanidades Digitais no Brasil","author":"mundobibliotecario","date":"15\/10\/2013","format":false,"excerpt":"Contribui\u00e7\u00e3o de Daniela Pires. *** O I Semin\u00e1rio em Humanidades Digitais no Brasil prop\u00f5e uma reflex\u00e3o em torno da rela\u00e7\u00e3o entre as humanidades e as tecnologias digitais na atualidade, lan\u00e7ando o debate sobre as \u201cHumanidades Digitais\u201d na comunidade de pesquisas brasileira. O Semin\u00e1rio conta com o apoio da Alliance of\u2026","rel":"","context":"Em &quot;Eventos&quot;","block_context":{"text":"Eventos","link":"https:\/\/mundobibliotecario.com.br\/index.php\/category\/eventos\/"},"img":{"alt_text":"","src":"","width":0,"height":0},"classes":[]},{"id":3716,"url":"https:\/\/mundobibliotecario.com.br\/index.php\/2015\/05\/11\/jovens-da-geracao-y-nao-sabem-usar-o-google-da-maneira-correta\/","url_meta":{"origin":7811,"position":4},"title":"Jovens da &#039;&#039;gera\u00e7\u00e3o Y&#039;&#039; n\u00e3o sabem usar o Google da maneira correta","author":"mundobibliotecario","date":"11\/05\/2015","format":false,"excerpt":"Jovens da ''gera\u00e7\u00e3o Y'' n\u00e3o sabem usar o Google da maneira correta A gera\u00e7\u00e3o que nasceu com o Google, os \u201cmillennials\u201d ou gera\u00e7\u00e3o Y, n\u00e3o sabe us\u00e1-lo corretamente. Pode parecer contradit\u00f3rio ou at\u00e9 uma brincadeira, mas essa \u00e9 a conclus\u00e3o de uma pesquisa feita por estudantes da Illinois Wesleyan, segundo\u2026","rel":"","context":"Em &quot;N\u00e3o classificado&quot;","block_context":{"text":"N\u00e3o classificado","link":"https:\/\/mundobibliotecario.com.br\/index.php\/category\/nao-classificado\/"},"img":{"alt_text":"","src":"https:\/\/mundobibliotecario.files.wordpress.com\/2015\/05\/082fe-5124_2_l.jpg?w=350&h=200&crop=1","width":350,"height":200},"classes":[]},{"id":8758,"url":"https:\/\/mundobibliotecario.com.br\/index.php\/2021\/04\/26\/mba-de-inovacao-em-unidades-de-informacao\/","url_meta":{"origin":7811,"position":5},"title":"MBA de Inova\u00e7\u00e3o em Unidades de Informa\u00e7\u00e3o","author":"mundobibliotecario","date":"26\/04\/2021","format":false,"excerpt":"A UFSCar est\u00e1 com as \u00faltimas vagas abertas para o MBA em Inova\u00e7\u00e3o em Unidades de Informa\u00e7\u00e3o, oferecido pelo\u00a0ITI UFSCar. Conhe\u00e7a mais sobre o curso: O\u00a0MBA de Inova\u00e7\u00e3o em Unidades de Informa\u00e7\u00e3o (IUI)\u00a0foi concebido a partir de uma\u00a0Proposta Pedag\u00f3gica Inovadora\u00a0baseada em um formato h\u00edbrido que harmoniza\u00a0intera\u00e7\u00f5es online ao vivo e\u2026","rel":"","context":"Em &quot;Curso de P\u00f3s-Gradua\u00e7\u00e3o&quot;","block_context":{"text":"Curso de P\u00f3s-Gradua\u00e7\u00e3o","link":"https:\/\/mundobibliotecario.com.br\/index.php\/category\/curso-de-pos-graduacao\/"},"img":{"alt_text":"MBA Inova\u00c3\u00a7\u00c3\u00a3o em Unidades de Informa\u00c3\u00a7\u00c3\u00a3o","src":"https:\/\/i0.wp.com\/mundobibliotecario.com.br\/wp-content\/uploads\/2021\/04\/1080x1080-1024x1024.png?resize=350%2C200&ssl=1","width":350,"height":200},"classes":[]}],"jetpack_likes_enabled":true,"jetpack_shortlink":"https:\/\/wp.me\/pcbzwa-21Z","_links":{"self":[{"href":"https:\/\/mundobibliotecario.com.br\/index.php\/wp-json\/wp\/v2\/posts\/7811","targetHints":{"allow":["GET"]}}],"collection":[{"href":"https:\/\/mundobibliotecario.com.br\/index.php\/wp-json\/wp\/v2\/posts"}],"about":[{"href":"https:\/\/mundobibliotecario.com.br\/index.php\/wp-json\/wp\/v2\/types\/post"}],"author":[{"embeddable":true,"href":"https:\/\/mundobibliotecario.com.br\/index.php\/wp-json\/wp\/v2\/users\/1"}],"replies":[{"embeddable":true,"href":"https:\/\/mundobibliotecario.com.br\/index.php\/wp-json\/wp\/v2\/comments?post=7811"}],"version-history":[{"count":2,"href":"https:\/\/mundobibliotecario.com.br\/index.php\/wp-json\/wp\/v2\/posts\/7811\/revisions"}],"predecessor-version":[{"id":7813,"href":"https:\/\/mundobibliotecario.com.br\/index.php\/wp-json\/wp\/v2\/posts\/7811\/revisions\/7813"}],"wp:attachment":[{"href":"https:\/\/mundobibliotecario.com.br\/index.php\/wp-json\/wp\/v2\/media?parent=7811"}],"wp:term":[{"taxonomy":"category","embeddable":true,"href":"https:\/\/mundobibliotecario.com.br\/index.php\/wp-json\/wp\/v2\/categories?post=7811"},{"taxonomy":"post_tag","embeddable":true,"href":"https:\/\/mundobibliotecario.com.br\/index.php\/wp-json\/wp\/v2\/tags?post=7811"}],"curies":[{"name":"wp","href":"https:\/\/api.w.org\/{rel}","templated":true}]}}