{"id":7870,"date":"2020-10-04T15:27:13","date_gmt":"2020-10-04T18:27:13","guid":{"rendered":"http:\/\/mundobibliotecario.com.br\/?p=7870"},"modified":"2020-10-04T15:27:16","modified_gmt":"2020-10-04T18:27:16","slug":"unesp-realiza-semana-do-livro-com-atividades-gratuitas-online","status":"publish","type":"post","link":"https:\/\/mundobibliotecario.com.br\/index.php\/2020\/10\/04\/unesp-realiza-semana-do-livro-com-atividades-gratuitas-online\/","title":{"rendered":"Unesp realiza Semana do Livro com atividades gratuitas online"},"content":{"rendered":"\n<p>Programa\u00e7\u00e3o come\u00e7a nesta segunda-feira (5) e vai at\u00e9 dia 9. Tamb\u00e9m est\u00e3o abertas as inscri\u00e7\u00f5es para o Pr\u00eamio S\u00e3o Paulo de Literatura; veja como participar.<\/p>\n\n\n\n<p>Por G1 Bauru e Mar\u00edlia<\/p>\n\n\n\n<p>03\/10\/2020 12h16\u00a0\u00a0Atualizado\u00a0h\u00e1 um dia<\/p>\n\n\n\n<figure class=\"wp-block-image\"><img decoding=\"async\" src=\"https:\/\/s2.glbimg.com\/5e_qbIDWI5PNLjlAvCdDx30g_60=\/0x0:1440x790\/984x0\/smart\/filters:strip_icc()\/i.s3.glbimg.com\/v1\/AUTH_59edd422c0c84a879bd37670ae4f538a\/internal_photos\/bs\/2018\/O\/D\/F1TTmASKGmwxm4n8O05Q\/cotas.jpg\" alt=\"Unesp realiza 'Semana do Livro' com atividades gratuitas online \u2014 Foto: Reprodu\u00e7\u00e3o\/TV TEM\"\/><figcaption>Unesp realiza &#8216;Semana do Livro&#8217; com atividades gratuitas online \u2014 Foto: Reprodu\u00e7\u00e3o\/TV TEM<\/figcaption><\/figure>\n\n\n\n<p>A rede de bibliotecas da Unesp est\u00e1 organizando a Semana do Livro, repleta de atividades gratuitas que v\u00e3o ser disponibilizadas de forma online.<\/p>\n\n\n\n<p>Todos os anos, as bibliotecas realizam a Semana Nacional do Livro com programa\u00e7\u00e3o presencial em suas unidades. Desta vez, durante a pandemia de coronav\u00edrus, a semana ser\u00e1 conjunta e com atividades remotas.<\/p>\n\n\n\n<p>O evento come\u00e7a nesta segunda-feira (5) e segue at\u00e9 sexta-feira (9). As atividades incluem gincana liter\u00e1ria, torneio online de xadrez e hora do conto. A programa\u00e7\u00e3o completa pode ser acessada no&nbsp;<a href=\"https:\/\/www2.unesp.br\/portal#!\/cgb\/semana-nacional-do-livro-e-da-biblioteca\" target=\"_blank\" rel=\"noreferrer noopener\">site da Unesp<\/a>.<\/p>\n\n\n\n<h2 class=\"wp-block-heading\">Pr\u00eamio de Literatura<\/h2>\n\n\n\n<div class=\"wp-block-image\"><figure class=\"aligncenter\"><a href=\"https:\/\/g1.globo.com\/sp\/bauru-marilia\/noticia\/2020\/10\/03\/unesp-realiza-semana-do-livro-com-atividades-gratuitas-online.ghtml\"><img decoding=\"async\" src=\"https:\/\/s02.video.glbimg.com\/x240\/8910009.jpg\" alt=\"Pr\u00eamio S\u00e3o Paulo de Literatura est\u00e1 com inscri\u00e7\u00f5es abertas; Unesp promove Semana do Livro\" title=\"Pr\u00eamio S\u00e3o Paulo de Literatura est\u00e1 com inscri\u00e7\u00f5es abertas; Unesp promove Semana do Livro\"\/><\/a><figcaption>Pr\u00eamio S\u00e3o Paulo de Literatura est\u00e1 com inscri\u00e7\u00f5es abertas; Unesp promove Semana do Livro<\/figcaption><\/figure><\/div>\n\n\n\n<p>Pr\u00eamio S\u00e3o Paulo de Literatura est\u00e1 com inscri\u00e7\u00f5es abertas; Unesp promove Semana do Livro<\/p>\n\n\n\n<p>Tamb\u00e9m est\u00e3o abertas as inscri\u00e7\u00f5es para a 13\u00aa edi\u00e7\u00e3o do Pr\u00eamio S\u00e3o Paulo de Literatura, organizado pela Secretaria de Cultura e Economia Criativa do estado de S\u00e3o Paulo. Os autores dos melhores romances de fic\u00e7\u00e3o ir\u00e3o receber um pr\u00eamio de R$ 200 mil.<\/p>\n\n\n\n<p>Criado em 2008, o pr\u00eamio tem como objetivo estimular a produ\u00e7\u00e3o liter\u00e1ria de qualidade, valorizar o setor e favorecer a forma\u00e7\u00e3o de leitores e escritores, reconhecendo grandes nomes e tamb\u00e9m novos talentos.<\/p>\n\n\n\n<p>As inscri\u00e7\u00f5es podem ser feitas at\u00e9 as 18h de quinta-feira (8). As obras devem ser do g\u00eanero romance de fic\u00e7\u00e3o, escritas originalmente em portugu\u00eas e ter sua primeira edi\u00e7\u00e3o e impress\u00e3o no Brasil em 2019.<\/p>\n\n\n\n<p>Na categoria &#8220;melhor livro do ano&#8221;, poder\u00e3o se inscrever autores que j\u00e1 publicaram romances anteriormente. J\u00e1 na categoria &#8220;melhor romance de fic\u00e7\u00e3o de estreia do ano de 2020&#8221;, os escritores podem ter obras publicadas em outros g\u00eaneros, desde que o livro inscrito seja o seu primeiro romance de fic\u00e7\u00e3o.<\/p>\n\n\n\n<p>Os finalistas ser\u00e3o anunciados at\u00e9 a primeira quinzena de dezembro. O edital est\u00e1 dispon\u00edvel no&nbsp;<a href=\"http:\/\/premiosaopaulodeliteratura.org.br\/\" target=\"_blank\" rel=\"noreferrer noopener\">site do programa<\/a>&nbsp;e os candidatos podem inscrever suas obras nos seguintes links:<\/p>\n\n\n\n<ul class=\"wp-block-list\"><li><a href=\"https:\/\/prosas.com.br\/editais\/7646-premio-sao-paulo-de-literatura-2020-editoras-pessoa-juridica\" target=\"_blank\" rel=\"noreferrer noopener\">proponente pessoa jur\u00eddica (editoras)<\/a><\/li><li><a href=\"https:\/\/prosas.com.br\/editais\/7678-premio-sao-paulo-de-literatura-2020-autores-pessoa-fisica\" target=\"_blank\" rel=\"noreferrer noopener\">proponente pessoa f\u00edsica (autores)<\/a><\/li><\/ul>\n","protected":false},"excerpt":{"rendered":"<p>Programa\u00e7\u00e3o come\u00e7a nesta segunda-feira (5) e vai at\u00e9 dia 9. Tamb\u00e9m est\u00e3o abertas as inscri\u00e7\u00f5es para o Pr\u00eamio S\u00e3o Paulo de Literatura; veja como participar.<\/p>\n","protected":false},"author":1,"featured_media":0,"comment_status":"open","ping_status":"open","sticky":false,"template":"","format":"standard","meta":{"_mi_skip_tracking":false,"_exactmetrics_sitenote_active":false,"_exactmetrics_sitenote_note":"","_exactmetrics_sitenote_category":0,"_jetpack_newsletter_access":"","footnotes":""},"categories":[60],"tags":[1873,636,144],"class_list":["post-7870","post","type-post","status-publish","format-standard","hentry","category-noticias","tag-premio-sao-paulo-de-literatura","tag-semana-do-livro-e-da-biblioteca","tag-unesp"],"jetpack_featured_media_url":"","jetpack_sharing_enabled":true,"jetpack-related-posts":[{"id":10112,"url":"https:\/\/mundobibliotecario.com.br\/index.php\/2022\/10\/03\/semana-do-livro-e-das-bibliotecas-da-unesp-2022\/","url_meta":{"origin":7870,"position":0},"title":"Semana do Livro e das Bibliotecas da Unesp 2022","author":"mundobibliotecario","date":"03\/10\/2022","format":false,"excerpt":"Este ano a Rede de Bibliotecas da Unesp, em conjunto com a Coordenadoria Geral de Bibliotecas - CGB, promover\u00e1 durante o m\u00eas de Outubro a Semana do Livro e das Bibliotecas da Unesp 2022. Com o tema \u201cCenten\u00e1rio da Semana de Arte Moderna\u201d ser\u00e3o apresentadas diversas atividades, desde capacita\u00e7\u00f5es, programa\u00e7\u00f5es\u2026","rel":"","context":"Em &quot;Eventos&quot;","block_context":{"text":"Eventos","link":"https:\/\/mundobibliotecario.com.br\/index.php\/category\/eventos\/"},"img":{"alt_text":"","src":"https:\/\/i0.wp.com\/mundobibliotecario.com.br\/wp-content\/uploads\/2022\/10\/banner-capa-1024x341.png?resize=350%2C200&ssl=1","width":350,"height":200},"classes":[]},{"id":9489,"url":"https:\/\/mundobibliotecario.com.br\/index.php\/2021\/09\/17\/ii-semana-nacional-do-livro-e-das-bibliotecas-da-unesp\/","url_meta":{"origin":7870,"position":1},"title":"II Semana Nacional do Livro e das Bibliotecas da Unesp","author":"mundobibliotecario","date":"17\/09\/2021","format":false,"excerpt":"A Universidade Estadual Paulista \"J\u00falio de Mesquita Filho\" (Unesp) promove, de 4 a 8 de outubro, a II Semana Nacional do Livro e das Bibliotecas da Unesp. Neste ano, o evento ser\u00e1 realizado novamente em formato virtual. Confira a programa\u00e7\u00e3o!","rel":"","context":"Em &quot;Not\u00edcias&quot;","block_context":{"text":"Not\u00edcias","link":"https:\/\/mundobibliotecario.com.br\/index.php\/category\/noticias\/"},"img":{"alt_text":"","src":"https:\/\/i0.wp.com\/mundobibliotecario.com.br\/wp-content\/uploads\/2021\/09\/agenda-da-semana-virtual-2021-724x1024.png?resize=350%2C200&ssl=1","width":350,"height":200},"classes":[]},{"id":10309,"url":"https:\/\/mundobibliotecario.com.br\/index.php\/2023\/04\/12\/com-mais-de-130-participantes-feira-do-livro-da-unesp-se-inicia-na-proxima-quarta\/","url_meta":{"origin":7870,"position":2},"title":"Com mais de 130 participantes, Feira do Livro da Unesp se inicia na pr\u00f3xima quarta","author":"mundobibliotecario","date":"12\/04\/2023","format":false,"excerpt":"uinta edi\u00e7\u00e3o do evento, que combina modalidades virtual e presencial, oferece descontos de no m\u00ednimo 50% nas obras. Presidente da Editora Unesp destaca oportunidade de democratiza\u00e7\u00e3o \u00e0 cultura do livro. H\u00e1bito de leitura \u201cgarante uma vida mais plena\u201d, diz. Nathan Sampaio \u201cA leitura \u00e9 uma fonte inesgot\u00e1vel de prazer, mas\u2026","rel":"","context":"Em &quot;Eventos&quot;","block_context":{"text":"Eventos","link":"https:\/\/mundobibliotecario.com.br\/index.php\/category\/eventos\/"},"img":{"alt_text":"","src":"","width":0,"height":0},"classes":[]},{"id":5562,"url":"https:\/\/mundobibliotecario.com.br\/index.php\/2020\/04\/16\/biblioteca-de-sao-paulo-disponibiliza-conteudo-diversificado-no-site-e-redes-sociais\/","url_meta":{"origin":7870,"position":3},"title":"Biblioteca de S\u00e3o Paulo disponibiliza conte\u00fado diversificado no site e redes sociais","author":"mundobibliotecario","date":"16\/04\/2020","format":false,"excerpt":"Iniciativa tem o objetivo de levar entretenimento e informa\u00e7\u00e3o para as fam\u00edlias que est\u00e3o no per\u00edodo de quarentena A Biblioteca de S\u00e3o Paulo (BSP) est\u00e1 com o funcionamento ao p\u00fablico suspenso desde o dia 17 de mar\u00e7o. Por\u00e9m, o equipamento tem disponibilizado sugest\u00f5es de atividades e conte\u00fados em no e\u2026","rel":"","context":"Em &quot;Not\u00edcias&quot;","block_context":{"text":"Not\u00edcias","link":"https:\/\/mundobibliotecario.com.br\/index.php\/category\/noticias\/"},"img":{"alt_text":"","src":"","width":0,"height":0},"classes":[]},{"id":207,"url":"https:\/\/mundobibliotecario.com.br\/index.php\/2008\/12\/07\/biblioteca-chinesa-em-sao-paulo\/","url_meta":{"origin":7870,"position":4},"title":"Biblioteca chinesa em S\u00e3o Paulo","author":"mundobibliotecario","date":"07\/12\/2008","format":false,"excerpt":"Foi inaugurado, na \u00faltima quarta-feira, dia 26, o Instituto Conf\u00facio na Unesp. Resultado de uma parceria entre a Unesp e a Universidade de Hubei, com a chancela do governo chin\u00eas, o projeto vai possibilitar novas formas de coopera\u00e7\u00e3o acad\u00eamica e cient\u00edfica entre os dois pa\u00edses, como o ensino do idioma\u2026","rel":"","context":"Em &quot;Not\u00edcias&quot;","block_context":{"text":"Not\u00edcias","link":"https:\/\/mundobibliotecario.com.br\/index.php\/category\/noticias\/"},"img":{"alt_text":"","src":"","width":0,"height":0},"classes":[]},{"id":7947,"url":"https:\/\/mundobibliotecario.com.br\/index.php\/2020\/12\/02\/com-um-olho-no-mercado-e-o-outro-no-publico-final-bienal-virtual-de-sp-comeca-na-proxima-segunda\/","url_meta":{"origin":7870,"position":5},"title":"Com um olho no mercado e o outro no p\u00fablico final, Bienal Virtual de SP come\u00e7a na pr\u00f3xima segunda","author":"mundobibliotecario","date":"02\/12\/2020","format":false,"excerpt":"Programa\u00e7\u00e3o foi dividida em tr\u00eas espa\u00e7os: a Arena Virtual, o Sal\u00e3o de Ideias e o Papo de Mercado e o PN destacou algumas das mesas que acontecer\u00e3o nos pr\u00f3ximos dias Com a edi\u00e7\u00e3o presencial da Bienal Internacional do Livro de S\u00e3o Paulo adiada para 2022, este ano a C\u00e2mara Brasileira\u2026","rel":"","context":"Em &quot;Not\u00edcias&quot;","block_context":{"text":"Not\u00edcias","link":"https:\/\/mundobibliotecario.com.br\/index.php\/category\/noticias\/"},"img":{"alt_text":"","src":"https:\/\/i0.wp.com\/www.publishnews.com.br\/estaticos\/uploads\/2020\/12\/vfudJqLrHJ9n3Bq5zmxy7KMotbdG23OCY7o2kFPkuAUOLHWMKYAPlzQ06mxWqXJRzMmDXovGGF3q4S9r.jpg?resize=350%2C200&ssl=1","width":350,"height":200},"classes":[]}],"jetpack_likes_enabled":true,"jetpack_shortlink":"https:\/\/wp.me\/pcbzwa-22W","_links":{"self":[{"href":"https:\/\/mundobibliotecario.com.br\/index.php\/wp-json\/wp\/v2\/posts\/7870","targetHints":{"allow":["GET"]}}],"collection":[{"href":"https:\/\/mundobibliotecario.com.br\/index.php\/wp-json\/wp\/v2\/posts"}],"about":[{"href":"https:\/\/mundobibliotecario.com.br\/index.php\/wp-json\/wp\/v2\/types\/post"}],"author":[{"embeddable":true,"href":"https:\/\/mundobibliotecario.com.br\/index.php\/wp-json\/wp\/v2\/users\/1"}],"replies":[{"embeddable":true,"href":"https:\/\/mundobibliotecario.com.br\/index.php\/wp-json\/wp\/v2\/comments?post=7870"}],"version-history":[{"count":1,"href":"https:\/\/mundobibliotecario.com.br\/index.php\/wp-json\/wp\/v2\/posts\/7870\/revisions"}],"predecessor-version":[{"id":7871,"href":"https:\/\/mundobibliotecario.com.br\/index.php\/wp-json\/wp\/v2\/posts\/7870\/revisions\/7871"}],"wp:attachment":[{"href":"https:\/\/mundobibliotecario.com.br\/index.php\/wp-json\/wp\/v2\/media?parent=7870"}],"wp:term":[{"taxonomy":"category","embeddable":true,"href":"https:\/\/mundobibliotecario.com.br\/index.php\/wp-json\/wp\/v2\/categories?post=7870"},{"taxonomy":"post_tag","embeddable":true,"href":"https:\/\/mundobibliotecario.com.br\/index.php\/wp-json\/wp\/v2\/tags?post=7870"}],"curies":[{"name":"wp","href":"https:\/\/api.w.org\/{rel}","templated":true}]}}