{"id":7876,"date":"2020-10-14T10:00:35","date_gmt":"2020-10-14T13:00:35","guid":{"rendered":"http:\/\/mundobibliotecario.com.br\/?p=7876"},"modified":"2020-10-14T09:41:54","modified_gmt":"2020-10-14T12:41:54","slug":"14a-semana-de-biblioteconomia-eca-usp","status":"publish","type":"post","link":"https:\/\/mundobibliotecario.com.br\/index.php\/2020\/10\/14\/14a-semana-de-biblioteconomia-eca-usp\/","title":{"rendered":"14\u00aa Semana de Biblioteconomia ECA-USP"},"content":{"rendered":"<figure id=\"attachment_7877\" aria-describedby=\"caption-attachment-7877\" style=\"width: 290px\" class=\"wp-caption aligncenter\"><a href=\"http:\/\/mundobibliotecario.com.br\/wp-content\/uploads\/2020\/10\/paolo-nicolello-8l1IFXFUtvs-unsplash-scaled.jpg\"><img loading=\"lazy\" decoding=\"async\" class=\"size-medium wp-image-7877\" src=\"http:\/\/mundobibliotecario.com.br\/wp-content\/uploads\/2020\/10\/paolo-nicolello-8l1IFXFUtvs-unsplash-300x200.jpg\" alt=\"\" width=\"300\" height=\"200\" srcset=\"https:\/\/mundobibliotecario.com.br\/wp-content\/uploads\/2020\/10\/paolo-nicolello-8l1IFXFUtvs-unsplash-300x200.jpg 300w, https:\/\/mundobibliotecario.com.br\/wp-content\/uploads\/2020\/10\/paolo-nicolello-8l1IFXFUtvs-unsplash-1024x683.jpg 1024w, https:\/\/mundobibliotecario.com.br\/wp-content\/uploads\/2020\/10\/paolo-nicolello-8l1IFXFUtvs-unsplash-768x512.jpg 768w, https:\/\/mundobibliotecario.com.br\/wp-content\/uploads\/2020\/10\/paolo-nicolello-8l1IFXFUtvs-unsplash-1536x1024.jpg 1536w, https:\/\/mundobibliotecario.com.br\/wp-content\/uploads\/2020\/10\/paolo-nicolello-8l1IFXFUtvs-unsplash-2048x1365.jpg 2048w\" sizes=\"auto, (max-width: 300px) 100vw, 300px\" \/><\/a><figcaption id=\"caption-attachment-7877\" class=\"wp-caption-text\">Fonte:\u00a0<a href=\"https:\/\/unsplash.com\/photos\/8l1IFXFUtvs\" target=\"_blank\" rel=\"noopener noreferrer\">Unsplash<\/a><\/figcaption><\/figure>\n<p>A Semana de Biblioteconomia da Escola de Comunica\u00e7\u00f5es e Artes da Universidade de S\u00e3o Paulo \u00e9 um evento organizado por alunos do curso de Biblioteconomia da ECA\/USP, sob a orienta\u00e7\u00e3o dos docentes Prof\u00aa Dr\u00aa Cibele Araujo Camargo Marques dos Santos e Prof\u00ba Dr. Rog\u00e9rio Mugnaini e com o apoio do Departamento de Informa\u00e7\u00e3o e Cultura (CBD).<\/p>\n<p>Esta edi\u00e7\u00e3o de 2020 ser\u00e1 um pouco diferente, pois ser\u00e1 totalmente online atrav\u00e9s de nossas redes. Mas ser\u00e3o promovidas palestras, debates e relatos de experi\u00eancia com professores, profissionais convidados e ex-alunos do pr\u00f3prio curso &#8211; no BiblioLab, que segue o modelo do TED (Technology, Entertaiment e Design).<\/p>\n<p>As atividades ocorrer\u00e3o de 19 a 23 de outubro de 2020.<\/p>\n<p>***<\/p>\n<p>Fa\u00e7a sua inscri\u00e7\u00e3o e consulte a programa\u00e7\u00e3o no <a href=\"https:\/\/www.even3.com.br\/14semanabiblio\/\" target=\"_blank\" rel=\"noopener noreferrer\">site da Semana<\/a>!<\/p>\n<p>Bom evento!<\/p>\n","protected":false},"excerpt":{"rendered":"<p>A Semana de Biblioteconomia da Escola de Comunica\u00e7\u00f5es e Artes da Universidade de S\u00e3o Paulo \u00e9 um evento organizado por alunos do curso de Biblioteconomia da ECA\/USP, sob a orienta\u00e7\u00e3o dos docentes Prof\u00aa Dr\u00aa Cibele Araujo Camargo Marques dos Santos e Prof\u00ba Dr. Rog\u00e9rio Mugnaini e com o apoio do Departamento de Informa\u00e7\u00e3o e Cultura &#8230; <a title=\"14\u00aa Semana de Biblioteconomia ECA-USP\" class=\"read-more\" href=\"https:\/\/mundobibliotecario.com.br\/index.php\/2020\/10\/14\/14a-semana-de-biblioteconomia-eca-usp\/\" aria-label=\"Read more about 14\u00aa Semana de Biblioteconomia ECA-USP\">Ler mais<\/a><\/p>\n","protected":false},"author":1,"featured_media":0,"comment_status":"open","ping_status":"open","sticky":false,"template":"","format":"standard","meta":{"_mi_skip_tracking":false,"_exactmetrics_sitenote_active":false,"_exactmetrics_sitenote_note":"","_exactmetrics_sitenote_category":0,"_jetpack_newsletter_access":"","footnotes":""},"categories":[27],"tags":[63,325],"class_list":["post-7876","post","type-post","status-publish","format-standard","hentry","category-eventos","tag-biblioteconomia","tag-eca-usp"],"jetpack_featured_media_url":"","jetpack_sharing_enabled":true,"jetpack-related-posts":[{"id":1469,"url":"https:\/\/mundobibliotecario.com.br\/index.php\/2010\/09\/24\/v-semana-de-biblioteconomia-da-ecausp\/","url_meta":{"origin":7876,"position":0},"title":"V Semana de Biblioteconomia da ECA\/USP","author":"mundobibliotecario","date":"24\/09\/2010","format":false,"excerpt":"V Semana de Biblioteconomia da Escola de Comunica\u00e7\u00f5es e Artes (ECA) da Universidade de S\u00e3o Paulo (USP) De 27\/09 a 01\/10 A Semana de Biblioteconomia da Escola de Comunica\u00e7\u00f5es e Artes (ECA) da Universidade de S\u00e3o Paulo (USP) \u00e9 em evento acad\u00eamico que objetiva estimular e promover o esp\u00edrito cr\u00edtico\u2026","rel":"","context":"Em &quot;Eventos&quot;","block_context":{"text":"Eventos","link":"https:\/\/mundobibliotecario.com.br\/index.php\/category\/eventos\/"},"img":{"alt_text":"","src":"","width":0,"height":0},"classes":[]},{"id":501,"url":"https:\/\/mundobibliotecario.com.br\/index.php\/2009\/03\/26\/aula-inaugural-reflexoes-contemporaneas-sobre-a-ciencia-da-informacao\/","url_meta":{"origin":7876,"position":1},"title":"Aula inaugural &#8211; &quot;Reflex\u00f5es contempor\u00e2neas sobre a ci\u00eancia da informa\u00e7\u00e3o&quot;","author":"mundobibliotecario","date":"26\/03\/2009","format":false,"excerpt":"Nesta quinta, 16hs, o Prof. Aldo Barreto (IBICT) ministrar\u00e1 a aula inaugural do Programa de P\u00f3s Gradua\u00e7\u00e3o em Ci\u00eancia da Informa\u00e7\u00e3o da ECA\/USP. O t\u00edtulo do encontro ser\u00e1 \"Reflex\u00f5es contempor\u00e2neas sobre a ci\u00eancia da informa\u00e7\u00e3o\". Todos alunos podem participar deste evento. Para aqueles que n\u00e3o puderem vir, ou estejam em\u2026","rel":"","context":"Em &quot;Eventos&quot;","block_context":{"text":"Eventos","link":"https:\/\/mundobibliotecario.com.br\/index.php\/category\/eventos\/"},"img":{"alt_text":"","src":"","width":0,"height":0},"classes":[]},{"id":4838,"url":"https:\/\/mundobibliotecario.com.br\/index.php\/2009\/03\/26\/aula-inaugural-reflexoes-contemporaneas-sobre-a-ciencia-da-informacao-2\/","url_meta":{"origin":7876,"position":2},"title":"Aula inaugural &#8211; &#034;Reflex\u00f5es contempor\u00e2neas sobre a ci\u00eancia da informa\u00e7\u00e3o&#034;","author":"mundobibliotecario","date":"26\/03\/2009","format":false,"excerpt":"Nesta quinta, 16hs, o Prof. Aldo Barreto (IBICT) ministrar\u00e1 a aula inaugural do Programa de P\u00f3s Gradua\u00e7\u00e3o em Ci\u00eancia da Informa\u00e7\u00e3o da ECA\/USP. O t\u00edtulo do encontro ser\u00e1 \"Reflex\u00f5es contempor\u00e2neas sobre a ci\u00eancia da informa\u00e7\u00e3o\". Todos alunos podem participar deste evento. Para aqueles que n\u00e3o puderem vir, ou estejam em\u2026","rel":"","context":"Em &quot;Eventos&quot;","block_context":{"text":"Eventos","link":"https:\/\/mundobibliotecario.com.br\/index.php\/category\/eventos\/"},"img":{"alt_text":"","src":"","width":0,"height":0},"classes":[]},{"id":2765,"url":"https:\/\/mundobibliotecario.com.br\/index.php\/2012\/12\/08\/pos-graduacao-gestao-da-informacao-digital\/","url_meta":{"origin":7876,"position":3},"title":"P\u00f3s-gradua\u00e7\u00e3o &#8211; Gest\u00e3o da Informa\u00e7\u00e3o Digital","author":"mundobibliotecario","date":"08\/12\/2012","format":false,"excerpt":"Porque escolher este curso Os cursos de p\u00f3s-gradua\u00e7\u00e3o\u00a0lato sensu\u00a0em Ci\u00eancia da Informa\u00e7\u00e3o da EPG\/FESPSP s\u00e3o correlacionados e contam com disciplinas interligadas, permitindo ao aluno uma no\u00e7\u00e3o clara do seu aprendizado, desde os elementos gerais at\u00e9 os mais espec\u00edficos, construindo seu conhecimento de forma estruturada e paulatina, de acordo com suas\u2026","rel":"","context":"Em &quot;Curso de P\u00f3s-Gradua\u00e7\u00e3o&quot;","block_context":{"text":"Curso de P\u00f3s-Gradua\u00e7\u00e3o","link":"https:\/\/mundobibliotecario.com.br\/index.php\/category\/curso-de-pos-graduacao\/"},"img":{"alt_text":"","src":"","width":0,"height":0},"classes":[]},{"id":902,"url":"https:\/\/mundobibliotecario.com.br\/index.php\/2009\/10\/07\/usp-concurso-para-descritiva-e-informatica\/","url_meta":{"origin":7876,"position":4},"title":"USP &#8211; Concurso para Descritiva e Inform\u00e1tica","author":"mundobibliotecario","date":"07\/10\/2009","format":false,"excerpt":"Est\u00e3o abertas inscri\u00e7\u00f5es para sele\u00e7\u00e3o de professor doutor, na \u00e1rea de\u00a0 Descritiva e Inform\u00e1tica, para o curso de Biblioteconomia e Documenta\u00e7\u00e3o da ECA\/USP - campus Butant\u00e3, S\u00e3o Paulo. A vaga exige conhecimento de inform\u00e1tica, banco de dados, redes eletr\u00f4nicas, softwares aplicados \u00e0 documenta\u00e7\u00e3o e independe de gradua\u00e7\u00e3o. O edital foi\u2026","rel":"","context":"Em &quot;Concurso&quot;","block_context":{"text":"Concurso","link":"https:\/\/mundobibliotecario.com.br\/index.php\/category\/concurso\/"},"img":{"alt_text":"","src":"","width":0,"height":0},"classes":[]},{"id":974,"url":"https:\/\/mundobibliotecario.com.br\/index.php\/2009\/11\/08\/biblioteconomia-evento-comemora-os-50-anos-do-curso-em-sao-carlos\/","url_meta":{"origin":7876,"position":5},"title":"Biblioteconomia &#8211; Evento comemora os 50 anos do curso em S\u00e3o Carlos","author":"mundobibliotecario","date":"08\/11\/2009","format":false,"excerpt":"06\/11\/2009 - 14:49 Entre os dias 9 e 14 de novembro, a UFSCar realiza a IV Semana de Biblioteconomia e Ci\u00eancia da Informa\u00e7\u00e3o. O evento \u00e9 organizado por alunos e pela coordena\u00e7\u00e3o do curso de Biblioteconomia da UFSCar e conta com o apoio do Departamento de Ci\u00eancia da Informa\u00e7\u00e3o (DCI)\u2026","rel":"","context":"Em &quot;Eventos&quot;","block_context":{"text":"Eventos","link":"https:\/\/mundobibliotecario.com.br\/index.php\/category\/eventos\/"},"img":{"alt_text":"","src":"","width":0,"height":0},"classes":[]}],"jetpack_likes_enabled":true,"jetpack_shortlink":"https:\/\/wp.me\/pcbzwa-232","_links":{"self":[{"href":"https:\/\/mundobibliotecario.com.br\/index.php\/wp-json\/wp\/v2\/posts\/7876","targetHints":{"allow":["GET"]}}],"collection":[{"href":"https:\/\/mundobibliotecario.com.br\/index.php\/wp-json\/wp\/v2\/posts"}],"about":[{"href":"https:\/\/mundobibliotecario.com.br\/index.php\/wp-json\/wp\/v2\/types\/post"}],"author":[{"embeddable":true,"href":"https:\/\/mundobibliotecario.com.br\/index.php\/wp-json\/wp\/v2\/users\/1"}],"replies":[{"embeddable":true,"href":"https:\/\/mundobibliotecario.com.br\/index.php\/wp-json\/wp\/v2\/comments?post=7876"}],"version-history":[{"count":2,"href":"https:\/\/mundobibliotecario.com.br\/index.php\/wp-json\/wp\/v2\/posts\/7876\/revisions"}],"predecessor-version":[{"id":7879,"href":"https:\/\/mundobibliotecario.com.br\/index.php\/wp-json\/wp\/v2\/posts\/7876\/revisions\/7879"}],"wp:attachment":[{"href":"https:\/\/mundobibliotecario.com.br\/index.php\/wp-json\/wp\/v2\/media?parent=7876"}],"wp:term":[{"taxonomy":"category","embeddable":true,"href":"https:\/\/mundobibliotecario.com.br\/index.php\/wp-json\/wp\/v2\/categories?post=7876"},{"taxonomy":"post_tag","embeddable":true,"href":"https:\/\/mundobibliotecario.com.br\/index.php\/wp-json\/wp\/v2\/tags?post=7876"}],"curies":[{"name":"wp","href":"https:\/\/api.w.org\/{rel}","templated":true}]}}