{"id":7886,"date":"2020-10-18T15:00:06","date_gmt":"2020-10-18T18:00:06","guid":{"rendered":"http:\/\/mundobibliotecario.com.br\/?p=7886"},"modified":"2020-10-17T21:11:14","modified_gmt":"2020-10-18T00:11:14","slug":"biblioteca-publica-poe-no-ar-nova-edicao-do-projeto-era-uma-zine","status":"publish","type":"post","link":"https:\/\/mundobibliotecario.com.br\/index.php\/2020\/10\/18\/biblioteca-publica-poe-no-ar-nova-edicao-do-projeto-era-uma-zine\/","title":{"rendered":"Biblioteca P\u00fablica p\u00f5e no ar nova edi\u00e7\u00e3o do projeto Era Uma Zine"},"content":{"rendered":"<article class=\"content\">J\u00e1 est\u00e1 no ar mais uma edi\u00e7\u00e3o do projeto Era Uma Zine, desenvolvido pela Biblioteca P\u00fablica do Paran\u00e1 para atender o p\u00fablico infantil de forma remota durante a quarentena. Nesta semana, o fanzine eletr\u00f4nico gratuito apresenta a segunda parte da s\u00e9rie sobre as urg\u00eancias do mundo atual.<\/p>\n<p>As pequenas necessidades (da casa, da sociedade, do homem e do mundo) s\u00e3o o tema deste n\u00famero, que traz uma pr\u00e1tica para refletir sobre o tempo e a natureza e prop\u00f5e aos leitores o desafio\u00a0<em>Inktober<\/em>\u00a0\u2014 que consiste em fazer um desenho por dia seguindo temas predefinidos. Baixe\u00a0<strong><a href=\"https:\/\/drive.google.com\/file\/d\/1WVay0LMPJAUUecGPiHYNBJROEoylrF75\/view\" target=\"_blank\" rel=\"noopener noreferrer\">aqui<\/a><\/strong>.<\/p>\n<p>A Biblioteca segue a orienta\u00e7\u00e3o do Governo do Estado para o enfrentamento ao coronav\u00edrus e est\u00e1 fechada por tempo indeterminado.<\/p>\n<p>Saiba mais sobre o trabalho do Governo do Estado em:<br \/>\n<a href=\"http:\/\/www.facebook.com\/governoparana\">http:\/\/\/www.facebook.com\/governoparana<\/a>\u00a0e\u00a0<a href=\"http:\/\/www.pr.gov.br\/\">www.pr.gov.br<\/a><\/article>\n<dl id=\"galeria-noticia\">\n<dt><a href=\"http:\/\/www.aen.pr.gov.br\/modules\/galeria\/uploads\/63264\/Zine_outubro1.jpg\" target=\"_blank\" rel=\"noopener noreferrer\"><img decoding=\"async\" src=\"http:\/\/www.aen.pr.gov.br\/modules\/galeria\/uploads\/63264\/normal_Zine_outubro1.jpg\" alt=\"Biblioteca P\u00fablica p\u00f5e no ar nova edi\u00e7\u00e3o do projeto Era Uma Zine\" border=\"0\" \/><\/a><\/dt>\n<dt>Dispon\u00edvel em: <a href=\"http:\/\/www.aen.pr.gov.br\/modules\/noticias\/article.php?storyid=109237\" target=\"_blank\" rel=\"noopener noreferrer\">http:\/\/www.aen.pr.gov.br\/modules\/noticias\/article.php?storyid=109237<\/a>. Acesso em: 17 out. 2020.<\/dt>\n<\/dl>\n","protected":false},"excerpt":{"rendered":"<p>J\u00e1 est\u00e1 no ar mais uma edi\u00e7\u00e3o do projeto Era Uma Zine, desenvolvido pela Biblioteca P\u00fablica do Paran\u00e1 para atender o p\u00fablico infantil de forma remota durante a quarentena. Nesta semana, o fanzine eletr\u00f4nico gratuito apresenta a segunda parte da s\u00e9rie sobre as urg\u00eancias do mundo atual. As pequenas necessidades (da casa, da sociedade, do &#8230; <a title=\"Biblioteca P\u00fablica p\u00f5e no ar nova edi\u00e7\u00e3o do projeto Era Uma Zine\" class=\"read-more\" href=\"https:\/\/mundobibliotecario.com.br\/index.php\/2020\/10\/18\/biblioteca-publica-poe-no-ar-nova-edicao-do-projeto-era-uma-zine\/\" aria-label=\"Read more about Biblioteca P\u00fablica p\u00f5e no ar nova edi\u00e7\u00e3o do projeto Era Uma Zine\">Ler mais<\/a><\/p>\n","protected":false},"author":1,"featured_media":0,"comment_status":"open","ping_status":"open","sticky":false,"template":"","format":"standard","meta":{"_mi_skip_tracking":false,"_exactmetrics_sitenote_active":false,"_exactmetrics_sitenote_note":"","_exactmetrics_sitenote_category":0,"_jetpack_newsletter_access":"","footnotes":""},"categories":[60],"tags":[1071,1875],"class_list":["post-7886","post","type-post","status-publish","format-standard","hentry","category-noticias","tag-biblioteca-publica-do-parana","tag-fanzine"],"jetpack_featured_media_url":"","jetpack_sharing_enabled":true,"jetpack-related-posts":[{"id":3048,"url":"https:\/\/mundobibliotecario.com.br\/index.php\/2013\/03\/30\/uma-biblioteca-por-dia-ate-2020\/","url_meta":{"origin":7886,"position":0},"title":"Uma biblioteca por dia at\u00e9 2020","author":"mundobibliotecario","date":"30\/03\/2013","format":false,"excerpt":"O Brasil precisa construir 39 bibliotecas por dia nos pr\u00f3ximos sete anos para cumprir a Lei n.\u00ba 12.244\/2010, que prev\u00ea que toda escola p\u00fablica ou privada tenha o seu pr\u00f3prio espa\u00e7o de leitura at\u00e9 2020. A defasagem total do pa\u00eds \u00e9 de 128 mil bibliotecas. No Paran\u00e1, segundo informa\u00e7\u00f5es do\u2026","rel":"","context":"Em &quot;Not\u00edcias&quot;","block_context":{"text":"Not\u00edcias","link":"https:\/\/mundobibliotecario.com.br\/index.php\/category\/noticias\/"},"img":{"alt_text":"","src":"","width":0,"height":0},"classes":[]},{"id":7958,"url":"https:\/\/mundobibliotecario.com.br\/index.php\/2020\/12\/07\/biblioteca-publica-promove-4o-festa-literaria\/","url_meta":{"origin":7886,"position":1},"title":"Biblioteca P\u00fablica promove 4\u00ba Festa Liter\u00e1ria","author":"mundobibliotecario","date":"07\/12\/2020","format":false,"excerpt":"\u00a0Biblioteca P\u00fablica do Paran\u00e1\u00a0(BPP) promove entre os dias 8 e 11 de dezembro a quarta edi\u00e7\u00e3o de sua festa liter\u00e1ria, a Flibi. Devido \u00e0 pandemia da Covid-19, a programa\u00e7\u00e3o deste ano acontece totalmente\u00a0online. A diretora da BPP, Ilana Lerner, falou ao vivo sobre a programa\u00e7\u00e3o, no\u00a0CBN Curitiba\u00a0deste s\u00e1bado (5). Confira\u2026","rel":"","context":"Em &quot;Eventos&quot;","block_context":{"text":"Eventos","link":"https:\/\/mundobibliotecario.com.br\/index.php\/category\/eventos\/"},"img":{"alt_text":"","src":"","width":0,"height":0},"classes":[]},{"id":3108,"url":"https:\/\/mundobibliotecario.com.br\/index.php\/2013\/05\/07\/concurso-de-literatura-da-premio-de-r-40-mil-a-tres-escritores\/","url_meta":{"origin":7886,"position":2},"title":"Concurso de literatura d\u00e1 pr\u00eamio de R$ 40 mil a tr\u00eas escritores","author":"mundobibliotecario","date":"07\/05\/2013","format":false,"excerpt":"Al\u00e9m do pr\u00eamio em dinheiro, autores selecionados ter\u00e3o obra publicada TAGS:\u00a0Biblioteca P\u00fablica do Paran\u00e1,\u00a0Concurso,\u00a0conto,\u00a0Livros,\u00a0Poesia,\u00a0pr\u00eamio,\u00a0Pr\u00eamio Paran\u00e1 de Literatura,romance Est\u00e3o abertas as inscri\u00e7\u00f5es para o\u00a0Pr\u00eamio\u00a0Paran\u00e1 de Literatura 2013. Lan\u00e7ado pela Biblioteca P\u00fablica do Paran\u00e1, o concurso selecionar\u00e1 tr\u00eas livros in\u00e9ditos em tr\u00eas categorias: romance, contos e poesia Al\u00e9m de receber R$ 40\u2026","rel":"","context":"Em &quot;Concurso&quot;","block_context":{"text":"Concurso","link":"https:\/\/mundobibliotecario.com.br\/index.php\/category\/concurso\/"},"img":{"alt_text":"","src":"https:\/\/i0.wp.com\/revistacult.uol.com.br\/home\/wp-content\/uploads\/2013\/05\/Library-Books.jpg?resize=350%2C200","width":350,"height":200},"classes":[]},{"id":4484,"url":"https:\/\/mundobibliotecario.com.br\/index.php\/2017\/03\/04\/biblioteca-comemora-160-anos-com-atividade-cultural\/","url_meta":{"origin":7886,"position":3},"title":"Biblioteca comemora 160 anos com atividade cultural","author":"mundobibliotecario","date":"04\/03\/2017","format":false,"excerpt":"A Biblioteca P\u00fablica do Paran\u00e1 (BPP) completa 160 anos nesta ter\u00e7a-feira (7) e promove uma programa\u00e7\u00e3o especial durante todo o dia. As atividades come\u00e7am \u00e0s 10h30, com a abertura da exposi\u00e7\u00e3o Retrato de um Artista, que re\u00fane ilustra\u00e7\u00f5es publicadas no C\u00e2ndido, o jornal mensal da BPP. A partir das 16h,\u2026","rel":"","context":"Em &quot;Not\u00edcias&quot;","block_context":{"text":"Not\u00edcias","link":"https:\/\/mundobibliotecario.com.br\/index.php\/category\/noticias\/"},"img":{"alt_text":"","src":"","width":0,"height":0},"classes":[]},{"id":5734,"url":"https:\/\/mundobibliotecario.com.br\/index.php\/2020\/07\/20\/painel-funesc-debate-a-biblioteca-publica-antes-e-depois-da-pandemia\/","url_meta":{"origin":7886,"position":4},"title":"Painel Funesc debate \u2018A Biblioteca P\u00fablica antes e depois da pandemia","author":"mundobibliotecario","date":"20\/07\/2020","format":false,"excerpt":"Para a bibliotec\u00e1ria Cybelle Macedo, levar\u00e1 um tempo at\u00e9 que as bibliotecas voltem a ser pontos de converg\u00eancia A Funda\u00e7\u00e3o Espa\u00e7o Cultural da Para\u00edba (Funesc) realiza, nesta ter\u00e7a-feira (21), a segunda edi\u00e7\u00e3o do \u2018Painel Funesc\u2019, a partir das 19h. O tema em debate vai ser \u2018A Biblioteca P\u00fablica antes e\u2026","rel":"","context":"Em &quot;Not\u00edcias&quot;","block_context":{"text":"Not\u00edcias","link":"https:\/\/mundobibliotecario.com.br\/index.php\/category\/noticias\/"},"img":{"alt_text":"","src":"","width":0,"height":0},"classes":[]},{"id":2862,"url":"https:\/\/mundobibliotecario.com.br\/index.php\/2013\/02\/08\/a-biblioteca-pensada-como-um-espaco-vivo\/","url_meta":{"origin":7886,"position":5},"title":"A biblioteca pensada como um espa\u00e7o vivo","author":"mundobibliotecario","date":"08\/02\/2013","format":false,"excerpt":"Confira entrevista de Rog\u00e9rio Pereira \u00e0 Gazeta de Alagoas 12\/11\/2012 Para o gestor, a institui\u00e7\u00e3o deve acompanhar seu tempo \u2013 e viver em transforma\u00e7\u00e3o Carla Castellotti O jornalista Rog\u00e9rio Pereira, 39, guarda boas lembran\u00e7as da biblioteca que frequentava quando crian\u00e7a. Aos 13 anos, o ainda garoto j\u00e1 trabalhava como office\u2026","rel":"","context":"Em &quot;Not\u00edcias&quot;","block_context":{"text":"Not\u00edcias","link":"https:\/\/mundobibliotecario.com.br\/index.php\/category\/noticias\/"},"img":{"alt_text":"","src":"","width":0,"height":0},"classes":[]}],"jetpack_likes_enabled":true,"jetpack_shortlink":"https:\/\/wp.me\/pcbzwa-23c","_links":{"self":[{"href":"https:\/\/mundobibliotecario.com.br\/index.php\/wp-json\/wp\/v2\/posts\/7886","targetHints":{"allow":["GET"]}}],"collection":[{"href":"https:\/\/mundobibliotecario.com.br\/index.php\/wp-json\/wp\/v2\/posts"}],"about":[{"href":"https:\/\/mundobibliotecario.com.br\/index.php\/wp-json\/wp\/v2\/types\/post"}],"author":[{"embeddable":true,"href":"https:\/\/mundobibliotecario.com.br\/index.php\/wp-json\/wp\/v2\/users\/1"}],"replies":[{"embeddable":true,"href":"https:\/\/mundobibliotecario.com.br\/index.php\/wp-json\/wp\/v2\/comments?post=7886"}],"version-history":[{"count":1,"href":"https:\/\/mundobibliotecario.com.br\/index.php\/wp-json\/wp\/v2\/posts\/7886\/revisions"}],"predecessor-version":[{"id":7887,"href":"https:\/\/mundobibliotecario.com.br\/index.php\/wp-json\/wp\/v2\/posts\/7886\/revisions\/7887"}],"wp:attachment":[{"href":"https:\/\/mundobibliotecario.com.br\/index.php\/wp-json\/wp\/v2\/media?parent=7886"}],"wp:term":[{"taxonomy":"category","embeddable":true,"href":"https:\/\/mundobibliotecario.com.br\/index.php\/wp-json\/wp\/v2\/categories?post=7886"},{"taxonomy":"post_tag","embeddable":true,"href":"https:\/\/mundobibliotecario.com.br\/index.php\/wp-json\/wp\/v2\/tags?post=7886"}],"curies":[{"name":"wp","href":"https:\/\/api.w.org\/{rel}","templated":true}]}}