{"id":7891,"date":"2020-10-20T21:00:03","date_gmt":"2020-10-21T00:00:03","guid":{"rendered":"http:\/\/mundobibliotecario.com.br\/?p=7891"},"modified":"2020-10-17T21:18:44","modified_gmt":"2020-10-18T00:18:44","slug":"ranking-de-repositorios-coloca-sistema-de-bibliotecas-da-fgv-no-top-5-brasileiro","status":"publish","type":"post","link":"https:\/\/mundobibliotecario.com.br\/index.php\/2020\/10\/20\/ranking-de-repositorios-coloca-sistema-de-bibliotecas-da-fgv-no-top-5-brasileiro\/","title":{"rendered":"Ranking de reposit\u00f3rios coloca Sistema de Bibliotecas da FGV no top 5 brasileiro"},"content":{"rendered":"<p>O objetivo do Ranking \u00e9 apoiar as iniciativas de Acesso Aberto e, consequentemente, o acesso gratuito \u00e0s publica\u00e7\u00f5es cient\u00edficas em formato eletr\u00f4nico e a outros materiais acad\u00eamicos. O ranking avalia crit\u00e9rios como a visibilidade global e o impacto dos reposit\u00f3rios cient\u00edficos.<\/p>\n<p>&nbsp;<\/p>\n<p><img decoding=\"async\" class=\"aligncenter\" src=\"https:\/\/portal.fgv.br\/sites\/portal.fgv.br\/files\/styles\/noticia_geral\/public\/noticias\/10\/20\/biblioteca-digital.jpg?itok=kaIZKPTe\" alt=\"Ranking de reposit\u00f3rios coloca Sistema de Bibliotecas da FGV no top 5 brasileiro\" \/><\/p>\n<div class=\"field field-name-field-noticia-conteudo field-type-text-long field-label-hidden view-mode-full\">\n<div class=\"field-items\">\n<div class=\"field-item even\">\n<p>O Sistema de Bibliotecas da FGV est\u00e1 no top 5 do ranking de reposit\u00f3rios brasileiros, de acordo com \u201cRanking web of repositories 2020\u201d, na categoria reposit\u00f3rios institucionais. Com esse resultado, a FGV \u00e9 a \u00fanica institui\u00e7\u00e3o privada entre as 10 primeiras colocadas.<\/p>\n<p>O objetivo do Ranking \u00e9 apoiar as iniciativas de Acesso Aberto e, consequentemente, o acesso gratuito \u00e0s publica\u00e7\u00f5es cient\u00edficas em formato eletr\u00f4nico e a outros materiais acad\u00eamicos. O ranking avalia crit\u00e9rios como a visibilidade global e o impacto dos reposit\u00f3rios cient\u00edficos.<\/p>\n<p>A Biblioteca Digital FGV foi criada em 2008 com o objetivo de preservar e promover a visibilidade nacional e internacional da produ\u00e7\u00e3o cient\u00edfica da Funda\u00e7\u00e3o Get\u00falio Vargas. Atualmente conta com quatro canais distintos: FGV Peri\u00f3dicos Cient\u00edficos e Revistas; FGV Reposit\u00f3rio Institucional Acad\u00eamico; Bases de dados; Cole\u00e7\u00f5es e E-books.<\/p>\n<p>O ranking completo est\u00e1\u00a0<a href=\"http:\/\/repositories.webometrics.info\/en\" target=\"_blank\" rel=\"noopener noreferrer\">dispon\u00edvel no site<\/a>.<\/p>\n<p>Conhe\u00e7a a\u00a0<a href=\"https:\/\/sistema.bibliotecas.fgv.br\/\" target=\"_blank\" rel=\"noopener noreferrer\">Biblioteca Digital FGV<\/a>.<\/p>\n<p>Dispon\u00edvel em: <a href=\"https:\/\/portal.fgv.br\/noticias\/ranking-repositorios-coloca-sistema-bibliotecas-fgv-top-5-brasileiro\" target=\"_blank\" rel=\"noopener noreferrer\">https:\/\/portal.fgv.br\/noticias\/ranking-repositorios-coloca-sistema-bibliotecas-fgv-top-5-brasileiro<\/a>. Acesso em: 17 out. 2020.<\/p>\n<\/div>\n<\/div>\n<\/div>\n","protected":false},"excerpt":{"rendered":"<p>O objetivo do Ranking \u00e9 apoiar as iniciativas de Acesso Aberto e, consequentemente, o acesso gratuito \u00e0s publica\u00e7\u00f5es cient\u00edficas em formato eletr\u00f4nico e a outros materiais acad\u00eamicos. O ranking avalia crit\u00e9rios como a visibilidade global e o impacto dos reposit\u00f3rios cient\u00edficos. &nbsp; O Sistema de Bibliotecas da FGV est\u00e1 no top 5 do ranking de &#8230; <a title=\"Ranking de reposit\u00f3rios coloca Sistema de Bibliotecas da FGV no top 5 brasileiro\" class=\"read-more\" href=\"https:\/\/mundobibliotecario.com.br\/index.php\/2020\/10\/20\/ranking-de-repositorios-coloca-sistema-de-bibliotecas-da-fgv-no-top-5-brasileiro\/\" aria-label=\"Read more about Ranking de reposit\u00f3rios coloca Sistema de Bibliotecas da FGV no top 5 brasileiro\">Ler mais<\/a><\/p>\n","protected":false},"author":1,"featured_media":0,"comment_status":"open","ping_status":"open","sticky":false,"template":"","format":"standard","meta":{"_mi_skip_tracking":false,"_exactmetrics_sitenote_active":false,"_exactmetrics_sitenote_note":"","_exactmetrics_sitenote_category":0,"_jetpack_newsletter_access":"","footnotes":""},"categories":[60],"tags":[1881,733,1880],"class_list":["post-7891","post","type-post","status-publish","format-standard","hentry","category-noticias","tag-biblioteca-digital-fgv","tag-repositorio-institucional","tag-sistema-de-bibliotecas-da-fgv"],"jetpack_featured_media_url":"","jetpack_sharing_enabled":true,"jetpack-related-posts":[{"id":1883,"url":"https:\/\/mundobibliotecario.com.br\/index.php\/2011\/03\/16\/scielo-no-topo-de-ranking-mundial\/","url_meta":{"origin":7891,"position":0},"title":"SciELO no topo de ranking mundial","author":"mundobibliotecario","date":"16\/03\/2011","format":false,"excerpt":"Especiais 15\/3\/2011 Por Fabr\u00edcio Marques Pesquisa FAPESP \u2013 A biblioteca eletr\u00f4nica SciELO Brasil foi classificada em 1\u00ba lugar no ranking mundial de portais de acesso aberto Webometrics, divulgado pelo laborat\u00f3rio Cybermetrics, grupo de pesquisa vinculado ao Conselho Superior de Pesquisas Cient\u00edficas da Espanha. Curiosamente, a SciELO Brasil n\u00e3o estava em\u2026","rel":"","context":"Em &quot;Not\u00edcias&quot;","block_context":{"text":"Not\u00edcias","link":"https:\/\/mundobibliotecario.com.br\/index.php\/category\/noticias\/"},"img":{"alt_text":"","src":"","width":0,"height":0},"classes":[]},{"id":1553,"url":"https:\/\/mundobibliotecario.com.br\/index.php\/2010\/11\/09\/1%c2%aa-conferencia-luso-brasileira-sobre-acesso-aberto\/","url_meta":{"origin":7891,"position":1},"title":"1\u00aa Confer\u00eancia Luso-Brasileira sobre Acesso Aberto","author":"mundobibliotecario","date":"09\/11\/2010","format":false,"excerpt":"PROGRAMA PROVIS\u00d3RIO Quinta-feira, 25 de Novembro Recep\u00e7\u00e3o \/ Registo dos Participantes 9h00 - 11h00 Sess\u00e3o de Abertura 10H00m - 10H30m Boas vindas e interven\u00e7\u00e3o de abertura - Reitor da Universidade do Minho, Prof. Doutor Ant\u00f3nio M. Cunha Interven\u00e7\u00e3o do Presidente da UMIC, Ag\u00eancia para a Sociedade do Conhecimento, Prof. Doutor\u2026","rel":"","context":"Em &quot;Eventos&quot;","block_context":{"text":"Eventos","link":"https:\/\/mundobibliotecario.com.br\/index.php\/category\/eventos\/"},"img":{"alt_text":"","src":"","width":0,"height":0},"classes":[]},{"id":4007,"url":"https:\/\/mundobibliotecario.com.br\/index.php\/2015\/10\/21\/o-brasil-e-lider-em-producao-cientifica-e-disseminacao-em-acesso-aberto-na-america-latina\/","url_meta":{"origin":7891,"position":2},"title":"\u2018O Brasil \u00e9 l\u00edder em produ\u00e7\u00e3o cient\u00edfica e dissemina\u00e7\u00e3o em acesso aberto na Am\u00e9rica Latina\u2019","author":"mundobibliotecario","date":"21\/10\/2015","format":false,"excerpt":"Setembro\/2015 Juliana Reis e Roberta Cardoso Cerqueira |\u00a0Portal de Peri\u00f3dicos Fiocruz Dominque Babini \u00e9 coordenadora do Programa de Acesso Aberto do Conselho Latino-Americano de Ci\u00eancias Sociais (Clacso). P\u00f3s-graduada em documenta\u00e7\u00e3o, ci\u00eancias da computa\u00e7\u00e3o e informa\u00e7\u00e3o pela Universidade de Buenos Aires (Argentina), ela participa de diversos projetos na \u00e1rea de acesso\u2026","rel":"","context":"Em &quot;Not\u00edcias&quot;","block_context":{"text":"Not\u00edcias","link":"https:\/\/mundobibliotecario.com.br\/index.php\/category\/noticias\/"},"img":{"alt_text":"","src":"https:\/\/i0.wp.com\/www.revistahcsm.coc.fiocruz.br\/wp-content\/uploads\/2015\/09\/Dominique-Babini.jpg?resize=350%2C200","width":350,"height":200},"classes":[]},{"id":10313,"url":"https:\/\/mundobibliotecario.com.br\/index.php\/2023\/05\/10\/tese-o-escritorio-de-comunicacao-cientifica-como-perspectiva-de-atuacao-para-bibliotecas-universitarias-brasileiras\/","url_meta":{"origin":7891,"position":3},"title":"Tese &#8220;O escrit\u00f3rio de comunica\u00e7\u00e3o cient\u00edfica como perspectiva de atua\u00e7\u00e3o para bibliotecas universit\u00e1rias brasileiras&#8221;","author":"mundobibliotecario","date":"10\/05\/2023","format":false,"excerpt":"Informo que minha tese, intitulada \"O escrit\u00f3rio de comunica\u00e7\u00e3o cient\u00edfica como perspectiva de atua\u00e7\u00e3o para bibliotecas universit\u00e1rias brasileiras\" e orientada pelo Prof. Dr. Jos\u00e9 Augusto Chaves Guimar\u00e3es, est\u00e1 dispon\u00edvel para leitura e download no Reposit\u00f3rio Institucional da UNESP no link https:\/\/repositorio.unesp.br\/handle\/11449\/243319. Fonte: Canva Segue o resumo: As mudan\u00e7as ocorridas na\u2026","rel":"","context":"Em &quot;Not\u00edcias&quot;","block_context":{"text":"Not\u00edcias","link":"https:\/\/mundobibliotecario.com.br\/index.php\/category\/noticias\/"},"img":{"alt_text":"","src":"https:\/\/i0.wp.com\/mundobibliotecario.com.br\/wp-content\/uploads\/2023\/05\/tese-1.jpg?resize=350%2C200&ssl=1","width":350,"height":200},"classes":[]},{"id":4554,"url":"https:\/\/mundobibliotecario.com.br\/index.php\/2017\/07\/16\/onu-lanca-biblioteca-digital-com-900-mil-documentos-a-disposicao-do-publico\/","url_meta":{"origin":7891,"position":4},"title":"ONU lan\u00e7a biblioteca digital com 900 mil documentos \u00e0 disposi\u00e7\u00e3o do p\u00fablico","author":"mundobibliotecario","date":"16\/07\/2017","format":false,"excerpt":"Plataforma ser\u00e1 o ponto de acesso global \u00e0 informa\u00e7\u00e3o das Na\u00e7\u00f5es Unidas, incluindo material hist\u00f3rico e registros contempor\u00e2neos. Biblioteca foi desenvolvida por meio de tecnologia de c\u00f3digo aberto pela Organiza\u00e7\u00e3o Europeia para a Pesquisa Nuclear (CERN). Uma das salas da Biblioteca Dag Hammarskj\u00f6ld, na sede da ONU em Nova Iorque.\u2026","rel":"","context":"Em &quot;Not\u00edcias&quot;","block_context":{"text":"Not\u00edcias","link":"https:\/\/mundobibliotecario.com.br\/index.php\/category\/noticias\/"},"img":{"alt_text":"Uma das salas da Biblioteca Dag Hammarskj\u00c3\u00b6ld, na sede da ONU em Nova Iorque. Foto: ONU","src":"https:\/\/i0.wp.com\/nacoesunidas.org\/wp-content\/uploads\/2017\/07\/featured-image-resources-sm.jpg?resize=350%2C200&ssl=1","width":350,"height":200},"classes":[]},{"id":4364,"url":"https:\/\/mundobibliotecario.com.br\/index.php\/2016\/10\/06\/ibict-lanca-manifesto-de-acesso-aberto-a-dados-da-pesquisa-brasileira-para-ciencia-cidada\/","url_meta":{"origin":7891,"position":5},"title":"Ibict lan\u00e7a Manifesto de Acesso Aberto a Dados da Pesquisa Brasileira para Ci\u00eancia Cidad\u00e3","author":"mundobibliotecario","date":"06\/10\/2016","format":false,"excerpt":"No \u00faltimo dia 28 de setembro foi celebrado o Dia Internacional do Acesso Universal \u00e0 Informa\u00e7\u00e3o, no Museu do Amanh\u00e3, no Rio de Janeiro. A cerim\u00f4nia foi uma parceria da Unesco no Brasil com o Instituto Brasileiro de Informa\u00e7\u00e3o em Ci\u00eancia e Tecnologia (Ibict). Na ocasi\u00e3o, foi lan\u00e7ado, pelo instituto,\u2026","rel":"","context":"Em &quot;Not\u00edcias&quot;","block_context":{"text":"Not\u00edcias","link":"https:\/\/mundobibliotecario.com.br\/index.php\/category\/noticias\/"},"img":{"alt_text":"","src":"","width":0,"height":0},"classes":[]}],"jetpack_likes_enabled":true,"jetpack_shortlink":"https:\/\/wp.me\/pcbzwa-23h","_links":{"self":[{"href":"https:\/\/mundobibliotecario.com.br\/index.php\/wp-json\/wp\/v2\/posts\/7891","targetHints":{"allow":["GET"]}}],"collection":[{"href":"https:\/\/mundobibliotecario.com.br\/index.php\/wp-json\/wp\/v2\/posts"}],"about":[{"href":"https:\/\/mundobibliotecario.com.br\/index.php\/wp-json\/wp\/v2\/types\/post"}],"author":[{"embeddable":true,"href":"https:\/\/mundobibliotecario.com.br\/index.php\/wp-json\/wp\/v2\/users\/1"}],"replies":[{"embeddable":true,"href":"https:\/\/mundobibliotecario.com.br\/index.php\/wp-json\/wp\/v2\/comments?post=7891"}],"version-history":[{"count":2,"href":"https:\/\/mundobibliotecario.com.br\/index.php\/wp-json\/wp\/v2\/posts\/7891\/revisions"}],"predecessor-version":[{"id":7893,"href":"https:\/\/mundobibliotecario.com.br\/index.php\/wp-json\/wp\/v2\/posts\/7891\/revisions\/7893"}],"wp:attachment":[{"href":"https:\/\/mundobibliotecario.com.br\/index.php\/wp-json\/wp\/v2\/media?parent=7891"}],"wp:term":[{"taxonomy":"category","embeddable":true,"href":"https:\/\/mundobibliotecario.com.br\/index.php\/wp-json\/wp\/v2\/categories?post=7891"},{"taxonomy":"post_tag","embeddable":true,"href":"https:\/\/mundobibliotecario.com.br\/index.php\/wp-json\/wp\/v2\/tags?post=7891"}],"curies":[{"name":"wp","href":"https:\/\/api.w.org\/{rel}","templated":true}]}}