{"id":79,"date":"2008-09-07T10:05:54","date_gmt":"2008-09-07T13:05:54","guid":{"rendered":"http:\/\/mundobibliotecario.wordpress.com\/?p=79"},"modified":"2020-07-21T23:23:14","modified_gmt":"2020-07-22T02:23:14","slug":"a-reference-renaissance-current-and-future-trends","status":"publish","type":"post","link":"https:\/\/mundobibliotecario.com.br\/index.php\/2008\/09\/07\/a-reference-renaissance-current-and-future-trends\/","title":{"rendered":"A Reference Renaissance: Current and Future Trends"},"content":{"rendered":"<p>Nos dias 4 e 5 de agosto, realizou-se em Denver, Colorado,\u00a0o evento &#8220;A Reference Renaissance: Current and Future Trends&#8221;. Nele foi abordado um assunto anteriormente comentado, o servi\u00e7o de refer\u00eancia. O site do evento disponibiliza as apresenta\u00e7\u00f5es e tamb\u00e9m\u00a0os handouts de grande parte dos trabalhos apresentados.<\/p>\n<p>Os trabalhos dividiram-se nas seguintes \u00e1reas tem\u00e1ticas: Virtual Reference; Innovative Reference Models; Managing Reference Services; Approaches, Values, &amp; Philosophy of Reference Services; Wild Card; Vendor Products. Cada uma tratou de aspectos atuais acerca desse servi\u00e7o e mostra que n\u00e3o est\u00e1 mais restrito ao ao ambiente da biblioteca. Vale a pena conferir!<\/p>\n","protected":false},"excerpt":{"rendered":"<p>Nos dias 4 e 5 de agosto, realizou-se em Denver, Colorado,\u00a0o evento &#8220;A Reference Renaissance: Current and Future Trends&#8221;. Nele foi abordado um assunto anteriormente comentado, o servi\u00e7o de refer\u00eancia. O site do evento disponibiliza as apresenta\u00e7\u00f5es e tamb\u00e9m\u00a0os handouts de grande parte dos trabalhos apresentados. Os trabalhos dividiram-se nas seguintes \u00e1reas tem\u00e1ticas: Virtual Reference; &#8230; <a title=\"A Reference Renaissance: Current and Future Trends\" class=\"read-more\" href=\"https:\/\/mundobibliotecario.com.br\/index.php\/2008\/09\/07\/a-reference-renaissance-current-and-future-trends\/\" aria-label=\"Read more about A Reference Renaissance: Current and Future Trends\">Ler mais<\/a><\/p>\n","protected":false},"author":1,"featured_media":0,"comment_status":"open","ping_status":"open","sticky":false,"template":"","format":"standard","meta":{"_mi_skip_tracking":false,"_exactmetrics_sitenote_active":false,"_exactmetrics_sitenote_note":"","_exactmetrics_sitenote_category":0,"_jetpack_newsletter_access":"","footnotes":""},"categories":[27],"tags":[50,51,52,38,53],"class_list":["post-79","post","type-post","status-publish","format-standard","hentry","category-eventos","tag-aproximacoes-e-valores-e-filosofia-dos-servicos-de-referencia","tag-modelos-de-referencia-inovadores","tag-referencia-virtual","tag-servico-de-referencia","tag-servicos-de-gestao-da-referencia"],"jetpack_featured_media_url":"","jetpack_sharing_enabled":true,"jetpack-related-posts":[{"id":4037,"url":"https:\/\/mundobibliotecario.com.br\/index.php\/2015\/11\/09\/onde-a-referencia-se-encaixa-na-biblioteca-moderna\/","url_meta":{"origin":79,"position":0},"title":"Onde a refer\u00eancia se encaixa na biblioteca moderna","author":"mundobibliotecario","date":"09\/11\/2015","format":false,"excerpt":"Durante\u00a0anos, estamos ouvindo que o tradicional servi\u00e7o de refer\u00eancia na biblioteca est\u00e1 morto. Na realidade, a refer\u00eancia apenas desapareceu, como (sic) Jimmy Hoffa. Mas, ao contr\u00e1rio, no caso de Hoffa, ningu\u00e9m no campo das bibliotecas parece ter a inten\u00e7\u00e3o de descobrir o que aconteceu com a refer\u00eancia. De fato, muitos\u2026","rel":"","context":"Em &quot;Not\u00edcias&quot;","block_context":{"text":"Not\u00edcias","link":"https:\/\/mundobibliotecario.com.br\/index.php\/category\/noticias\/"},"img":{"alt_text":"","src":"","width":0,"height":0},"classes":[]},{"id":3949,"url":"https:\/\/mundobibliotecario.com.br\/index.php\/2015\/09\/21\/jose-antonio-merlo-vega-a-referencia-virtual-ja-nao-tem-sentido\/","url_meta":{"origin":79,"position":1},"title":"Jos\u00e9 Antonio Merlo Vega: \u201ca ref\u00earencia virtual j\u00e1 n\u00e3o tem sentido\u201d","author":"mundobibliotecario","date":"21\/09\/2015","format":false,"excerpt":"Novamente apresentamos na modalidade Webcast outra interessante entrevista. Neste caso, queremos compartilhar com nossa comunidade a fala que\u00a0Aprender3C teve com o professor e diretor da biblioteca da Universidade de Salamanca, Dr. Jos\u00e9 Antonio Merlo Vega. \u00a0Pedimos sua opini\u00e3o sobre algumas quest\u00f5es: ci\u00eancia 2.0, reposit\u00f3rios institucionais, os servi\u00e7os de refer\u00eancia digital\u2026","rel":"","context":"Em &quot;Not\u00edcias&quot;","block_context":{"text":"Not\u00edcias","link":"https:\/\/mundobibliotecario.com.br\/index.php\/category\/noticias\/"},"img":{"alt_text":"","src":"","width":0,"height":0},"classes":[]},{"id":3311,"url":"https:\/\/mundobibliotecario.com.br\/index.php\/2013\/11\/19\/palestra-como-redigir-um-termo-de-referencia-para-servico-de-higienizacao-de-acervos-bibliograficos\/","url_meta":{"origin":79,"position":2},"title":"Palestra &#8220;Como redigir um termo de refer\u00eancia para servi\u00e7o de higieniza\u00e7\u00e3o de acervos bibliogr\u00e1ficos&#8221;","author":"mundobibliotecario","date":"19\/11\/2013","format":"image","excerpt":"","rel":"","context":"Em &quot;Eventos&quot;","block_context":{"text":"Eventos","link":"https:\/\/mundobibliotecario.com.br\/index.php\/category\/eventos\/"},"img":{"alt_text":"","src":"https:\/\/mundobibliotecario.files.wordpress.com\/2013\/11\/abracor.jpg?w=350&h=200&crop=1","width":350,"height":200},"classes":[]},{"id":1023,"url":"https:\/\/mundobibliotecario.com.br\/index.php\/2009\/12\/26\/utilizacao-dos-titulos-no-sciencedirect-representa-economia-de-ate-65\/","url_meta":{"origin":79,"position":3},"title":"Utiliza\u00e7\u00e3o dos t\u00edtulos no ScienceDirect representa economia de at\u00e9 65%","author":"mundobibliotecario","date":"26\/12\/2009","format":false,"excerpt":"At\u00e9 o final do ano, a Elsevier oferece v\u00e1rias op\u00e7\u00f5es para economizar na compra das principais obras de refer\u00eancia do ScienceDirect. O objetivo \u00e9 atender, principalmente, as bibliotecas interessadas em substituir as vers\u00f5es impressas pelas vers\u00f5es online da plataforma. De acordo com pesquisa realizada, este ano, pela editora e a\u2026","rel":"","context":"Em &quot;Not\u00edcias&quot;","block_context":{"text":"Not\u00edcias","link":"https:\/\/mundobibliotecario.com.br\/index.php\/category\/noticias\/"},"img":{"alt_text":"","src":"","width":0,"height":0},"classes":[]},{"id":1483,"url":"https:\/\/mundobibliotecario.com.br\/index.php\/2010\/10\/06\/international-conference-of-asian-special-libraries-2011\/","url_meta":{"origin":79,"position":4},"title":"International Conference of Asian Special Libraries 2011","author":"mundobibliotecario","date":"06\/10\/2010","format":false,"excerpt":"International Conference of\u00a0Asian Special Libraries\u00a0(ICoASL 2011)\u00a0on\u00a0Building User Trust:\u00a0The Key to Special Libraries Renaissance in Digital Era 10 \u2013 12 February 2011 Tokyo, Japan Venue United Nations University, Tokyo, Japan Organized by Special Libraries Association \u2013 Asian Chapter in association with Japan Special Libraries Association (JSLA) After the overwhelming success of\u2026","rel":"","context":"Em &quot;Eventos&quot;","block_context":{"text":"Eventos","link":"https:\/\/mundobibliotecario.com.br\/index.php\/category\/eventos\/"},"img":{"alt_text":"","src":"","width":0,"height":0},"classes":[]},{"id":42,"url":"https:\/\/mundobibliotecario.com.br\/index.php\/2008\/08\/16\/voce-sabia\/","url_meta":{"origin":79,"position":5},"title":"Voc\u00ea sabia?","author":"mundobibliotecario","date":"16\/08\/2008","format":false,"excerpt":"As bibliotecas t\u00eam (pelo menos deveriam ter...) uma se\u00e7\u00e3o chamada \"refer\u00eancia\". O nome deve-se ao fato dos profissionais dessa se\u00e7\u00e3o fornecerem a refer\u00eancia da informa\u00e7\u00e3o procurada, e n\u00e3o a informa\u00e7\u00e3o propriamente dita (por exemplo, um livro, um CD, um mapa etc.). Infelizmente, a imagem que se tem do bibliotec\u00e1rio de\u2026","rel":"","context":"Em &quot;Voc\u00ea sabia?&quot;","block_context":{"text":"Voc\u00ea sabia?","link":"https:\/\/mundobibliotecario.com.br\/index.php\/category\/voce-sabia\/"},"img":{"alt_text":"","src":"","width":0,"height":0},"classes":[]}],"jetpack_likes_enabled":true,"jetpack_shortlink":"https:\/\/wp.me\/pcbzwa-1h","_links":{"self":[{"href":"https:\/\/mundobibliotecario.com.br\/index.php\/wp-json\/wp\/v2\/posts\/79","targetHints":{"allow":["GET"]}}],"collection":[{"href":"https:\/\/mundobibliotecario.com.br\/index.php\/wp-json\/wp\/v2\/posts"}],"about":[{"href":"https:\/\/mundobibliotecario.com.br\/index.php\/wp-json\/wp\/v2\/types\/post"}],"author":[{"embeddable":true,"href":"https:\/\/mundobibliotecario.com.br\/index.php\/wp-json\/wp\/v2\/users\/1"}],"replies":[{"embeddable":true,"href":"https:\/\/mundobibliotecario.com.br\/index.php\/wp-json\/wp\/v2\/comments?post=79"}],"version-history":[{"count":1,"href":"https:\/\/mundobibliotecario.com.br\/index.php\/wp-json\/wp\/v2\/posts\/79\/revisions"}],"predecessor-version":[{"id":6452,"href":"https:\/\/mundobibliotecario.com.br\/index.php\/wp-json\/wp\/v2\/posts\/79\/revisions\/6452"}],"wp:attachment":[{"href":"https:\/\/mundobibliotecario.com.br\/index.php\/wp-json\/wp\/v2\/media?parent=79"}],"wp:term":[{"taxonomy":"category","embeddable":true,"href":"https:\/\/mundobibliotecario.com.br\/index.php\/wp-json\/wp\/v2\/categories?post=79"},{"taxonomy":"post_tag","embeddable":true,"href":"https:\/\/mundobibliotecario.com.br\/index.php\/wp-json\/wp\/v2\/tags?post=79"}],"curies":[{"name":"wp","href":"https:\/\/api.w.org\/{rel}","templated":true}]}}