{"id":7900,"date":"2020-10-29T14:32:20","date_gmt":"2020-10-29T17:32:20","guid":{"rendered":"http:\/\/mundobibliotecario.com.br\/?p=7900"},"modified":"2020-10-29T14:32:22","modified_gmt":"2020-10-29T17:32:22","slug":"dia-nacional-do-livro-29-de-outubro","status":"publish","type":"post","link":"https:\/\/mundobibliotecario.com.br\/index.php\/2020\/10\/29\/dia-nacional-do-livro-29-de-outubro\/","title":{"rendered":"Dia Nacional do Livro: 29 de outubro"},"content":{"rendered":"\n\n\n<figure class=\"wp-block-image size-large\"><img loading=\"lazy\" decoding=\"async\" width=\"1024\" height=\"727\" src=\"http:\/\/mundobibliotecario.com.br\/wp-content\/uploads\/2020\/10\/Dia-Nacionao-do-Livro-2020-1024x727.png\" alt=\"\" class=\"wp-image-7904\" srcset=\"https:\/\/mundobibliotecario.com.br\/wp-content\/uploads\/2020\/10\/Dia-Nacionao-do-Livro-2020-1024x727.png 1024w, https:\/\/mundobibliotecario.com.br\/wp-content\/uploads\/2020\/10\/Dia-Nacionao-do-Livro-2020-300x213.png 300w, https:\/\/mundobibliotecario.com.br\/wp-content\/uploads\/2020\/10\/Dia-Nacionao-do-Livro-2020-768x545.png 768w, https:\/\/mundobibliotecario.com.br\/wp-content\/uploads\/2020\/10\/Dia-Nacionao-do-Livro-2020-1536x1090.png 1536w, https:\/\/mundobibliotecario.com.br\/wp-content\/uploads\/2020\/10\/Dia-Nacionao-do-Livro-2020.png 1747w\" sizes=\"auto, (max-width: 1024px) 100vw, 1024px\" \/><\/figure>\n\n\n\n<p><\/p>\n","protected":false},"excerpt":{"rendered":"","protected":false},"author":1,"featured_media":0,"comment_status":"open","ping_status":"open","sticky":false,"template":"","format":"standard","meta":{"_mi_skip_tracking":false,"_exactmetrics_sitenote_active":false,"_exactmetrics_sitenote_note":"","_exactmetrics_sitenote_category":0,"_jetpack_newsletter_access":"","footnotes":""},"categories":[60],"tags":[1884],"class_list":["post-7900","post","type-post","status-publish","format-standard","hentry","category-noticias","tag-dia-nacional-do-livro"],"jetpack_featured_media_url":"","jetpack_sharing_enabled":true,"jetpack-related-posts":[{"id":9574,"url":"https:\/\/mundobibliotecario.com.br\/index.php\/2021\/10\/29\/dia-nacional-do-livro-2021\/","url_meta":{"origin":7900,"position":0},"title":"Dia Nacional do Livro 2021","author":"mundobibliotecario","date":"29\/10\/2021","format":false,"excerpt":"","rel":"","context":"Em &quot;Not\u00edcias&quot;","block_context":{"text":"Not\u00edcias","link":"https:\/\/mundobibliotecario.com.br\/index.php\/category\/noticias\/"},"img":{"alt_text":"","src":"https:\/\/i0.wp.com\/mundobibliotecario.com.br\/wp-content\/uploads\/2021\/10\/Dia-Do-Medico-Ilustrativo-Roxo-E-Rosa-Post-De-Instagram-1024x1024.jpg?resize=350%2C200&ssl=1","width":350,"height":200},"classes":[]},{"id":994,"url":"https:\/\/mundobibliotecario.com.br\/index.php\/2009\/11\/23\/planos-estaduais-e-municipais-de-livro-e-leitura\/","url_meta":{"origin":7900,"position":1},"title":"Planos Estaduais e Municipais de Livro e Leitura","author":"mundobibliotecario","date":"23\/11\/2009","format":false,"excerpt":"Dois eventos recentes do Proler discutiram Planos Municipais\/ Estaduais de Livro e Leitura, suscitando debates e apresentando diversas propostas ligadas aos Eixos do PNLL: Democratiza\u00e7\u00e3o do acesso, Fomento \u00e0 leitura e \u00e0 forma\u00e7\u00e3o de mediadores, Valoriza\u00e7\u00e3o da leitura e da comunica\u00e7\u00e3o e Desenvolvimento da economia do livro. No dia 29\u2026","rel":"","context":"Em &quot;Not\u00edcias&quot;","block_context":{"text":"Not\u00edcias","link":"https:\/\/mundobibliotecario.com.br\/index.php\/category\/noticias\/"},"img":{"alt_text":"","src":"","width":0,"height":0},"classes":[]},{"id":4737,"url":"https:\/\/mundobibliotecario.com.br\/index.php\/2018\/04\/08\/promocao-9-de-abril-dia-da-biblioteca-participe\/","url_meta":{"origin":7900,"position":2},"title":"Promo\u00e7\u00e3o 9 de abril &#8211; Dia da Biblioteca &#8211; Participe!","author":"mundobibliotecario","date":"08\/04\/2018","format":false,"excerpt":"Fonte:\u00a0https:\/\/www.flickr.com\/photos\/loughboroughuniversitylibrary\/6333984637 Dia 9 de abril \u00e9 o Dia da Biblioteca Por qu\u00ea? Um Decreto brasileiro datado de 9 de abril de 1980 instituiu no pa\u00eds a Semana Nacional do Livro e da \u00a0Biblioteca, bem como o Dia do Bibliotec\u00e1rio. Por este motivo, o dia 09\/04 \u00e9 conhecido como o Dia\u2026","rel":"","context":"Em &quot;Not\u00edcias&quot;","block_context":{"text":"Not\u00edcias","link":"https:\/\/mundobibliotecario.com.br\/index.php\/category\/noticias\/"},"img":{"alt_text":"","src":"https:\/\/i0.wp.com\/mundobibliotecario.com.br\/wp-content\/uploads\/2018\/04\/6333984637_7d08596f9e_b.jpg?resize=350%2C200","width":350,"height":200},"classes":[]},{"id":1479,"url":"https:\/\/mundobibliotecario.com.br\/index.php\/2010\/10\/05\/semana-nacional-do-livro-e-da-biblioteca-faculdade-de-odontologia-de-araraquara\/","url_meta":{"origin":7900,"position":3},"title":"Semana Nacional do Livro e da Biblioteca &#8211; Faculdade de Odontologia de Araraquara","author":"mundobibliotecario","date":"05\/10\/2010","format":false,"excerpt":"Semana Nacional do Livro e da Biblioteca Biblioteca Profa. Maria Dilma de Oliveira Gon\u00e7alves Faculdade de Odontologia de Araraquara De 18 a 22 de outubro de 2010 Tema: \u201cA evolu\u00e7\u00e3o da informa\u00e7\u00e3o\u201d Exposi\u00e7\u00e3o \u201cA evolu\u00e7\u00e3o da informa\u00e7\u00e3o\u201d Exposi\u00e7\u00e3o de Fotos: \u201cA biblioteca da Faculdade de Odontologia dos anos 60 at\u00e9\u2026","rel":"","context":"Em &quot;Eventos&quot;","block_context":{"text":"Eventos","link":"https:\/\/mundobibliotecario.com.br\/index.php\/category\/eventos\/"},"img":{"alt_text":"","src":"","width":0,"height":0},"classes":[]},{"id":1540,"url":"https:\/\/mundobibliotecario.com.br\/index.php\/2010\/11\/03\/1540\/","url_meta":{"origin":7900,"position":4},"title":"Biblioteca Nacional: 200 anos!","author":"mundobibliotecario","date":"03\/11\/2010","format":false,"excerpt":"\ufeffFonte: www.bn.br A Biblioteca Nacional do Brasil comemora seus 200 anos. Considerada pela Unesco como uma das dez maiores bibliotecas nacionais do mundo, neste ano, a institui\u00e7\u00e3o comemora, tamb\u00e9m, o centen\u00e1rio de funda\u00e7\u00e3o do pr\u00e9dio, localizado na Cinel\u00e2ndia, no Rio de Janeiro. Sob sua guarda, somam-se mais de 9 milh\u00f5es\u2026","rel":"","context":"Em &quot;Not\u00edcias&quot;","block_context":{"text":"Not\u00edcias","link":"https:\/\/mundobibliotecario.com.br\/index.php\/category\/noticias\/"},"img":{"alt_text":"","src":"","width":0,"height":0},"classes":[]},{"id":9489,"url":"https:\/\/mundobibliotecario.com.br\/index.php\/2021\/09\/17\/ii-semana-nacional-do-livro-e-das-bibliotecas-da-unesp\/","url_meta":{"origin":7900,"position":5},"title":"II Semana Nacional do Livro e das Bibliotecas da Unesp","author":"mundobibliotecario","date":"17\/09\/2021","format":false,"excerpt":"A Universidade Estadual Paulista \"J\u00falio de Mesquita Filho\" (Unesp) promove, de 4 a 8 de outubro, a II Semana Nacional do Livro e das Bibliotecas da Unesp. Neste ano, o evento ser\u00e1 realizado novamente em formato virtual. Confira a programa\u00e7\u00e3o!","rel":"","context":"Em &quot;Not\u00edcias&quot;","block_context":{"text":"Not\u00edcias","link":"https:\/\/mundobibliotecario.com.br\/index.php\/category\/noticias\/"},"img":{"alt_text":"","src":"https:\/\/i0.wp.com\/mundobibliotecario.com.br\/wp-content\/uploads\/2021\/09\/agenda-da-semana-virtual-2021-724x1024.png?resize=350%2C200&ssl=1","width":350,"height":200},"classes":[]}],"jetpack_likes_enabled":true,"jetpack_shortlink":"https:\/\/wp.me\/pcbzwa-23q","_links":{"self":[{"href":"https:\/\/mundobibliotecario.com.br\/index.php\/wp-json\/wp\/v2\/posts\/7900","targetHints":{"allow":["GET"]}}],"collection":[{"href":"https:\/\/mundobibliotecario.com.br\/index.php\/wp-json\/wp\/v2\/posts"}],"about":[{"href":"https:\/\/mundobibliotecario.com.br\/index.php\/wp-json\/wp\/v2\/types\/post"}],"author":[{"embeddable":true,"href":"https:\/\/mundobibliotecario.com.br\/index.php\/wp-json\/wp\/v2\/users\/1"}],"replies":[{"embeddable":true,"href":"https:\/\/mundobibliotecario.com.br\/index.php\/wp-json\/wp\/v2\/comments?post=7900"}],"version-history":[{"count":3,"href":"https:\/\/mundobibliotecario.com.br\/index.php\/wp-json\/wp\/v2\/posts\/7900\/revisions"}],"predecessor-version":[{"id":7905,"href":"https:\/\/mundobibliotecario.com.br\/index.php\/wp-json\/wp\/v2\/posts\/7900\/revisions\/7905"}],"wp:attachment":[{"href":"https:\/\/mundobibliotecario.com.br\/index.php\/wp-json\/wp\/v2\/media?parent=7900"}],"wp:term":[{"taxonomy":"category","embeddable":true,"href":"https:\/\/mundobibliotecario.com.br\/index.php\/wp-json\/wp\/v2\/categories?post=7900"},{"taxonomy":"post_tag","embeddable":true,"href":"https:\/\/mundobibliotecario.com.br\/index.php\/wp-json\/wp\/v2\/tags?post=7900"}],"curies":[{"name":"wp","href":"https:\/\/api.w.org\/{rel}","templated":true}]}}